{"id":67095,"date":"2019-11-10T07:55:55","date_gmt":"2019-11-10T12:55:55","guid":{"rendered":"https:\/\/linitiative.ca\/International\/football-ce-sport-populaire-dans-un-pays-seculaire\/"},"modified":"2019-11-10T07:55:55","modified_gmt":"2019-11-10T12:55:55","slug":"football-ce-sport-populaire-dans-un-pays-seculaire","status":"publish","type":"post","link":"https:\/\/linitiative.ca\/International\/football-ce-sport-populaire-dans-un-pays-seculaire\/","title":{"rendered":"Football, ce sport populaire dans un pays s\u00e9culaire"},"content":{"rendered":"<p>Bien s\u00fbr, il y a Casablanca, sa population, son histoire, ses clubs de football dont les prestigieux Wydad et Raja nous ont donn\u00e9, le week-end dernier, un Derby somptueux qui a \u00e9pat\u00e9 le monde arabe et fait les affaires de la cha\u00eene \u00e9miratie \u00ab <strong>Abu Dhabi sports<\/strong> \u00bb qui \u00e9tait en mal de notori\u00e9t\u00e9 face aux mastodontes m\u00e9dias des r\u00e9seaux qataris ; oui bien s\u00fbr,\u00a0 il y a le complexe formidable avec ses tifosis et son public dont la pr\u00e9sence et la ferveur \u00e9galent celles des ar\u00e8nes d\u2019Europe, de Buenos Aires, de Montevideo et d\u2019ailleurs, oui bien s\u00fbr il y a tout cela et c\u2019est incontournable, mais on aurait tort de s\u2019arr\u00eater sur Casa uniquement. D\u2019abord, parce que ce serait injuste et faux m\u00eame si beaucoup de confr\u00e8res veulent faire croire, et croient eux-m\u00eames, que c\u2019est \u00e0 Casablanca que tout a \u00e9t\u00e9 invent\u00e9 et qu\u2019en dehors de la m\u00e9galopole \u00e9conomique rien, et surtout le ballon, ne tournerait plus rond.<\/p>\n<div class=\"c10\"\/>\n<p>C\u2019est historiquement faux et socialement injuste, car Casablanca est cet immense oc\u00e9an sur lequel se sont d\u00e9vers\u00e9s des fleuves et rivi\u00e8res venus de tous les coins du Maroc.<\/p>\n<p>C\u2019est rendre justice au football marocain de dire qu\u2019en dehors de Casablanca, il y a eu, il y a et il y aura du football et c\u2019est l\u00e0 une v\u00e9ritable providence, c\u2019est l\u00e0 la vraie richesse du football national.<\/p>\n<p>Raja et Wydad d\u00e9sign\u00e9s images de marque de notre football, auraient tort de se complaire dans ce miroir des vanit\u00e9s que leur polissent les z\u00e9lateurs. Certes tous les regards sont port\u00e9s sur eux, avec les richesses qui vont avec : panneaux du complexe sportif Mohammed V\u00a0 vantant les produits qui veulent profiter de la visibilit\u00e9 extraordinaire des \u00abVerts\u00bb, et des \u00abRouges \u00bb, innombrables \u00e9missions, multiples pages sur les quotidiens et hebdos, sans compter la prolif\u00e9ration sur les r\u00e9seaux sociaux et l\u00e0 on parle alors de millions de \u00abvues\u00bb, tout cela a de quoi faire chavirer plus d\u2019une t\u00eate.<\/p>\n<p>Pourtant, il faut raison garder.<\/p>\n<p>Aussi riches et m\u00e9diatis\u00e9s qu\u2019ils puissent \u00eatre, jamais Wydad et Raja ne seront plus forts que tout le football du Royaume et de ces r\u00e9gions qui ont fait son histoire.<\/p>\n<p>Veillez \u00e0 cette r\u00e9alit\u00e9 et \u00e0 cet \u00e9quilibre est l\u2019un des premiers devoirs de la F\u00e9d\u00e9ration royale marocaine de football (FRMF) qui, comme son nom l\u2019indique, se doit de f\u00e9d\u00e9rer et non de favoriser.<\/p>\n<p>Ce qu\u2019a montr\u00e9 le <strong>Raja-Wydad<\/strong> de samedi dernier comptant pour la Coupe Mohammed VI et qui a \u00e9t\u00e9 si bien magnifi\u00e9 sur les cha\u00eenes \u00e9miraties, doit \u00eatre une reconnaissance de toute la richesse du football national.<\/p>\n<p>Bravo \u00e0 Casablanca, certes oui, mais la fiert\u00e9 et les louanges doivent aller \u00e0 toutes les potentialit\u00e9s qui ont fait que le foot marocain est ce qu\u2019il est aujourd\u2019hui.\u00a0Un foot qui est c\u00e9l\u00e9br\u00e9 partout, \u00e0 F\u00e8s, Oujda, Zmamra, El Jadida, Tanger, T\u00e9touan ou La\u00e2youne comme ce fut le cas, avant-hier, mercredi, \u00e0 l\u2019occasion du 44\u00e8me anniversaire de la Marche verte.<\/p>\n<p>Le foot marocain avec ses diff\u00e9rences dans les moyens, les probl\u00e8mes des uns et des autres, se doit de rester solidaire et uni. Cela passe par la reconnaissance de tout un chacun pour \u00e9viter les ranc\u0153urs que nourrirait un sentiment d\u2019injustice.<\/p>\n<p>A quoi serviraient deux clubs, si prestigieux soient-ils, s\u2019ils tiraient la couverture pour eux seuls. Un train n\u2019est pas fait pour rouler sans les wagons qui justifient la pr\u00e9sence des locomotives.<\/p>\n<p>La force des uns doit profiter aux faiblesses des autres, sinon les premiers disparaitront aussi vite que les autres.<\/p>\n<p>Que l\u2019on se f\u00e9licite de ce qui s\u2019est pass\u00e9 samedi au Complexe sportif Mohammed V, mais on aurait tort d\u2019oublier ce qui se passe ailleurs et qui, \u00e0 plus ou moins long terme \u00e9branlerait ce <strong>foot marocain<\/strong> qui, le week-end dernier fut c\u00e9l\u00e9br\u00e9 dans tout le monde arabe.<\/p>\n<div class=\"c17\">\n<fieldset class=\"c16\">\n<legend><strong><span class=\"c11\">Challenge<\/span><span class=\"c12\">news<\/span><\/strong><\/legend>\n<div class=\"c15\">Le meilleur de Challenge s\u00e9lectionn\u00e9 par la r\u00e9daction :<\/p>\n<\/div>\n<\/fieldset>\n<\/div>\n<p>Auteur: Najib Salmi<br \/>\n<a href=\"https:\/\/www.challenge.ma\/football-ce-sport-populaire-dans-un-pays-seculaire-122883\/\">Cliquez ici pour lire l&rsquo;article depuis sa source.<\/a><\/p>\n","protected":false},"excerpt":{"rendered":"<p>Bien s\u00fbr, il y a Casablanca, sa population, son histoire, ses clubs de football dont les prestigieux Wydad et Raja nous ont donn\u00e9, le week-end dernier, un Derby somptueux qui a \u00e9pat\u00e9 le monde arabe et fait les affaires de la cha\u00eene \u00e9miratie \u00ab Abu Dhabi sports \u00bb qui \u00e9tait en mal de notori\u00e9t\u00e9 face [&hellip;]<\/p>\n","protected":false},"author":1787,"featured_media":0,"comment_status":"closed","ping_status":"closed","sticky":false,"template":"","format":"standard","meta":{"fifu_image_url":"","fifu_image_alt":"","footnotes":""},"categories":[78,54],"tags":[],"class_list":["post-67095","post","type-post","status-publish","format-standard","hentry","category-economie","category-maroc"],"_links":{"self":[{"href":"https:\/\/linitiative.ca\/International\/wp-json\/wp\/v2\/posts\/67095","targetHints":{"allow":["GET"]}}],"collection":[{"href":"https:\/\/linitiative.ca\/International\/wp-json\/wp\/v2\/posts"}],"about":[{"href":"https:\/\/linitiative.ca\/International\/wp-json\/wp\/v2\/types\/post"}],"author":[{"embeddable":true,"href":"https:\/\/linitiative.ca\/International\/wp-json\/wp\/v2\/users\/1787"}],"replies":[{"embeddable":true,"href":"https:\/\/linitiative.ca\/International\/wp-json\/wp\/v2\/comments?post=67095"}],"version-history":[{"count":0,"href":"https:\/\/linitiative.ca\/International\/wp-json\/wp\/v2\/posts\/67095\/revisions"}],"wp:attachment":[{"href":"https:\/\/linitiative.ca\/International\/wp-json\/wp\/v2\/media?parent=67095"}],"wp:term":[{"taxonomy":"category","embeddable":true,"href":"https:\/\/linitiative.ca\/International\/wp-json\/wp\/v2\/categories?post=67095"},{"taxonomy":"post_tag","embeddable":true,"href":"https:\/\/linitiative.ca\/International\/wp-json\/wp\/v2\/tags?post=67095"}],"curies":[{"name":"wp","href":"https:\/\/api.w.org\/{rel}","templated":true}]}}