{"id":67097,"date":"2019-11-10T14:05:27","date_gmt":"2019-11-10T19:05:27","guid":{"rendered":"https:\/\/linitiative.ca\/International\/tunisie-audio-les-revelations-du-capitaine-zied-farjallah-sont-completement-erronees\/"},"modified":"2019-11-10T14:05:27","modified_gmt":"2019-11-10T19:05:27","slug":"tunisie-audio-les-revelations-du-capitaine-zied-farjallah-sont-completement-erronees","status":"publish","type":"post","link":"https:\/\/linitiative.ca\/International\/tunisie-audio-les-revelations-du-capitaine-zied-farjallah-sont-completement-erronees\/","title":{"rendered":"Tunisie \u2013 AUDIO\u00a0: Les\u00a0\u00ab\u00a0r\u00e9v\u00e9lations\u00a0\u00bb du capitaine Zied Farjallah sont compl\u00e8tement erron\u00e9es"},"content":{"rendered":"<div class=\"post-cont-in left relative\">\n<div class=\"swp_social_panel swp_horizontal_panel swp_flat_fresh swp_default_full_color swp_individual_full_color swp_other_full_color scale-100 scale-\" data-min-width=\"1100\" data-float-color=\"#ffffff\" data-float=\"none\" data-float-mobile=\"none\" data-transition=\"slide\">\n<div class=\"nc_tweetContainer swp_share_button total_shares total_sharesalt\"><span class=\"swp_count\">13 <span class=\"swp_label\">Partages<\/span><\/span><\/div>\n<\/div>\n<p>Sofi\u00e8ne Seliti, porte-parole du p\u00f4le judiciaire de lutte contre le terrorisme, charg\u00e9 par le parquet de l\u2019enqu\u00eate en rapport avec les \u00ab\u00a0r\u00e9v\u00e9lations faites\u00a0\u00bb par le capitaine de la garde nationale, Zied Farjallah, dans une s\u00e9quence vid\u00e9o, dans laquelle il d\u00e9nonce certaines personnes de couvrir des menaces terroristes tr\u00e8s s\u00e9rieuses, a annonc\u00e9 ce dimanche, que toutes les r\u00e9v\u00e9lations faites par le capitaine en question, sont compl\u00e8tement erron\u00e9es.<\/p>\n<div class=\"code-block code-block-1 c3\"><ins class=\"adsbygoogle c2\" data-ad-layout=\"in-article\" data-ad-format=\"fluid\" data-ad-client=\"ca-pub-2102118777505746\" data-ad-slot=\"7301775417\"\/> <\/div>\n<p>Selliti a expliqu\u00e9 que, depuis la diffusion de la s\u00e9quence vid\u00e9o, la brigade anti terroriste de la garde nationale\u00a0est charg\u00e9e de mener l\u2019enqu\u00eate et d\u2019auditionn\u00e9 le capitaine Farjallah, de m\u00eame que six autres personnes, dont son propre fr\u00e8re, et toutes\u00a0celles cit\u00e9es\u00a0dans la vid\u00e9o.<\/p>\n<div class=\"code-block code-block-2 c3\"><ins class=\"adsbygoogle c2\" data-ad-layout=\"in-article\" data-ad-format=\"fluid\" data-ad-client=\"ca-pub-2102118777505746\" data-ad-slot=\"7301775417\"\/> <\/div>\n<p>Selliti a assur\u00e9 que cette vid\u00e9o a \u00e9t\u00e9 diffus\u00e9e avec l\u2019intention de semer la panique parmi les citoyens et toucher \u00e0 l\u2019ordre national, ajoutant que l\u2019enqu\u00eate a d\u00e9menti la pr\u00e9sence de la suppos\u00e9e organisation terroriste de m\u00eame que les stocks d\u2019armes.<\/p>\n<p>Selliti a ajout\u00e9 que le capitaine Farjallah, ainsi que toutes les personnes auditionn\u00e9es vont \u00eatre \u00e9cout\u00e9es par le juge d\u2019instruction pr\u00e8s du p\u00f4le antiterroriste, demain, lundi.<\/p>\n<p><a href=\"https:\/\/www.tunisienumerique.com\/wp-content\/uploads\/2019\/11\/Sofiene-Selliti.mp3\">https:\/\/www.tunisienumerique.com\/wp-content\/uploads\/2019\/11\/Sofiene-Selliti.mp3<\/a><\/p>\n<p><strong>Que se passe-t-il en Tunisie?<\/strong><br \/>Nous expliquons sur notre <a href=\"https:\/\/www.youtube.com\/channel\/UCRzypVq0B_yBad5eGrwBx0Q?sub_confirmation=1\" target=\"_blank\" rel=\"noopener noreferrer\">cha\u00eene YouTube<\/a> . <a href=\"https:\/\/www.youtube.com\/channel\/UCRzypVq0B_yBad5eGrwBx0Q?sub_confirmation=1\" target=\"_blank\" rel=\"noopener noreferrer\">Abonnez-vous!<\/a><\/p>\n<div class=\"mvp-org-wrap mvp-org-logo\" itemprop=\"publisher\" itemscope=\"\" itemtype=\"https:\/\/schema.org\/Organization\"><img decoding=\"async\" src=\"https:\/\/www.tunisienumerique.com\/wp-content\/uploads\/2017\/02\/logo_tunisie_numerique.png\"\/><\/div>\n<div class=\"swp_social_panel swp_horizontal_panel swp_flat_fresh swp_default_full_color swp_individual_full_color swp_other_full_color scale-100 scale-\" data-min-width=\"1100\" data-float-color=\"#ffffff\" data-float=\"none\" data-float-mobile=\"none\" data-transition=\"slide\">\n<div class=\"nc_tweetContainer swp_share_button total_shares total_sharesalt\"><span class=\"swp_count\">13 <span class=\"swp_label\">Partages<\/span><\/span><\/div>\n<\/div>\n<div class=\"mvp-related-posts left relative\">\n<h4 class=\"post-header\"><span class=\"post-header\">Lire aussi<\/span><\/h4>\n<\/div>\n<\/div>\n<p>Auteur: LM<br \/>\n<a href=\"https:\/\/www.tunisienumerique.com\/tunisie-audio-les-revelations-du-capitaine-zied-farjallah-sont-completement-erronees\/\">Cliquez ici pour lire l&rsquo;article depuis sa source.<\/a><\/p>\n","protected":false},"excerpt":{"rendered":"<p>13 Partages Sofi\u00e8ne Seliti, porte-parole du p\u00f4le judiciaire de lutte contre le terrorisme, charg\u00e9 par le parquet de l\u2019enqu\u00eate en rapport avec les \u00ab\u00a0r\u00e9v\u00e9lations faites\u00a0\u00bb par le capitaine de la garde nationale, Zied Farjallah, dans une s\u00e9quence vid\u00e9o, dans laquelle il d\u00e9nonce certaines personnes de couvrir des menaces terroristes tr\u00e8s s\u00e9rieuses, a annonc\u00e9 ce dimanche, [&hellip;]<\/p>\n","protected":false},"author":1789,"featured_media":67098,"comment_status":"closed","ping_status":"closed","sticky":false,"template":"","format":"standard","meta":{"fifu_image_url":"","fifu_image_alt":"","footnotes":""},"categories":[73,55],"tags":[],"class_list":["post-67097","post","type-post","status-publish","format-standard","has-post-thumbnail","hentry","category-actualite","category-tunisie"],"_links":{"self":[{"href":"https:\/\/linitiative.ca\/International\/wp-json\/wp\/v2\/posts\/67097","targetHints":{"allow":["GET"]}}],"collection":[{"href":"https:\/\/linitiative.ca\/International\/wp-json\/wp\/v2\/posts"}],"about":[{"href":"https:\/\/linitiative.ca\/International\/wp-json\/wp\/v2\/types\/post"}],"author":[{"embeddable":true,"href":"https:\/\/linitiative.ca\/International\/wp-json\/wp\/v2\/users\/1789"}],"replies":[{"embeddable":true,"href":"https:\/\/linitiative.ca\/International\/wp-json\/wp\/v2\/comments?post=67097"}],"version-history":[{"count":0,"href":"https:\/\/linitiative.ca\/International\/wp-json\/wp\/v2\/posts\/67097\/revisions"}],"wp:featuredmedia":[{"embeddable":true,"href":"https:\/\/linitiative.ca\/International\/wp-json\/"}],"wp:attachment":[{"href":"https:\/\/linitiative.ca\/International\/wp-json\/wp\/v2\/media?parent=67097"}],"wp:term":[{"taxonomy":"category","embeddable":true,"href":"https:\/\/linitiative.ca\/International\/wp-json\/wp\/v2\/categories?post=67097"},{"taxonomy":"post_tag","embeddable":true,"href":"https:\/\/linitiative.ca\/International\/wp-json\/wp\/v2\/tags?post=67097"}],"curies":[{"name":"wp","href":"https:\/\/api.w.org\/{rel}","templated":true}]}}