{"id":67099,"date":"2019-11-10T14:16:04","date_gmt":"2019-11-10T19:16:04","guid":{"rendered":"https:\/\/linitiative.ca\/International\/tunisie-kais-saied-se-rend-a-rades-et-la-goulette-pour-constater-les-degats-des-decharges-anarchiques\/"},"modified":"2019-11-10T14:16:04","modified_gmt":"2019-11-10T19:16:04","slug":"tunisie-kais-saied-se-rend-a-rades-et-la-goulette-pour-constater-les-degats-des-decharges-anarchiques","status":"publish","type":"post","link":"https:\/\/linitiative.ca\/International\/tunisie-kais-saied-se-rend-a-rades-et-la-goulette-pour-constater-les-degats-des-decharges-anarchiques\/","title":{"rendered":"Tunisie \u2013 Ka\u00efs Sa\u00efed se rend \u00e0 Rades et La goulette pour constater les d\u00e9g\u00e2ts des d\u00e9charges anarchiques"},"content":{"rendered":"<div class=\"post-cont-in left relative\">\n<div class=\"swp_social_panel swp_horizontal_panel swp_flat_fresh swp_default_full_color swp_individual_full_color swp_other_full_color scale-100 scale-\" data-min-width=\"1100\" data-float-color=\"#ffffff\" data-float=\"none\" data-float-mobile=\"none\" data-transition=\"slide\">\n<div class=\"nc_tweetContainer swp_share_button total_shares total_sharesalt\"><span class=\"swp_count\">8 <span class=\"swp_label\">Partages<\/span><\/span><\/div>\n<\/div>\n<p>Le pr\u00e9sident de la R\u00e9publique, Ka\u00efs Sa\u00efed, s\u2019est rendu ce dimanche, accompagn\u00e9 de Youssef Chahed, le chef du gouvernement, \u00e0 Rades et \u00e0 La goulette pour constater les d\u00e9g\u00e2ts occasionn\u00e9s \u00e0 l\u2019environnement par des d\u00e9charges anarchiques d\u2019ordures et de d\u00e9chets de b\u00e2timent.<\/p>\n<div class=\"code-block code-block-1 c3\"><ins class=\"adsbygoogle c2\" data-ad-layout=\"in-article\" data-ad-format=\"fluid\" data-ad-client=\"ca-pub-2102118777505746\" data-ad-slot=\"7301775417\"\/> <\/div>\n<p>Sa\u00efed a insist\u00e9 sur le fait que la f\u00eate de l\u2019arbre ne doit pas se limiter \u00e0 planter des arbres, mais \u00e0 combattre toutes les formes d\u2019actions qui d\u00e9t\u00e9riorent l\u2019environnement. C\u2019est ce qui\u00a0 \u00e9t\u00e9 compris par les jeunes qui sont en train d\u2019organiser, partout dans le pays, des campagnes de propret\u00e9. Il a appel\u00e9 \u00e0 poursuivre cet effort et \u00e0 la soutenir par les autorit\u00e9s.<\/p>\n<div class=\"code-block code-block-2 c3\"><ins class=\"adsbygoogle c2\" data-ad-layout=\"in-article\" data-ad-format=\"fluid\" data-ad-client=\"ca-pub-2102118777505746\" data-ad-slot=\"7301775417\"\/> <\/div>\n<p><strong>Que se passe-t-il en Tunisie?<\/strong><br \/>Nous expliquons sur notre <a href=\"https:\/\/www.youtube.com\/channel\/UCRzypVq0B_yBad5eGrwBx0Q?sub_confirmation=1\" target=\"_blank\" rel=\"noopener noreferrer\">cha\u00eene YouTube<\/a> . <a href=\"https:\/\/www.youtube.com\/channel\/UCRzypVq0B_yBad5eGrwBx0Q?sub_confirmation=1\" target=\"_blank\" rel=\"noopener noreferrer\">Abonnez-vous!<\/a><\/p>\n<div class=\"mvp-org-wrap mvp-org-logo\" itemprop=\"publisher\" itemscope=\"\" itemtype=\"https:\/\/schema.org\/Organization\"><img decoding=\"async\" src=\"https:\/\/www.tunisienumerique.com\/wp-content\/uploads\/2017\/02\/logo_tunisie_numerique.png\"\/><\/div>\n<div class=\"swp_social_panel swp_horizontal_panel swp_flat_fresh swp_default_full_color swp_individual_full_color swp_other_full_color scale-100 scale-\" data-min-width=\"1100\" data-float-color=\"#ffffff\" data-float=\"none\" data-float-mobile=\"none\" data-transition=\"slide\">\n<div class=\"nc_tweetContainer swp_share_button total_shares total_sharesalt\"><span class=\"swp_count\">8 <span class=\"swp_label\">Partages<\/span><\/span><\/div>\n<\/div>\n<div class=\"mvp-related-posts left relative\">\n<h4 class=\"post-header\"><span class=\"post-header\">Lire aussi<\/span><\/h4>\n<\/div>\n<\/div>\n<p>Auteur: LM<br \/>\n<a href=\"https:\/\/www.tunisienumerique.com\/tunisie-kais-saied-se-rend-a-rades-et-la-goulette-pour-constater-les-degats-des-decharges-anarchiques\/\">Cliquez ici pour lire l&rsquo;article depuis sa source.<\/a><\/p>\n","protected":false},"excerpt":{"rendered":"<p>8 Partages Le pr\u00e9sident de la R\u00e9publique, Ka\u00efs Sa\u00efed, s\u2019est rendu ce dimanche, accompagn\u00e9 de Youssef Chahed, le chef du gouvernement, \u00e0 Rades et \u00e0 La goulette pour constater les d\u00e9g\u00e2ts occasionn\u00e9s \u00e0 l\u2019environnement par des d\u00e9charges anarchiques d\u2019ordures et de d\u00e9chets de b\u00e2timent. Sa\u00efed a insist\u00e9 sur le fait que la f\u00eate de l\u2019arbre [&hellip;]<\/p>\n","protected":false},"author":1789,"featured_media":67100,"comment_status":"closed","ping_status":"closed","sticky":false,"template":"","format":"standard","meta":{"fifu_image_url":"","fifu_image_alt":"","footnotes":""},"categories":[73,55],"tags":[],"class_list":["post-67099","post","type-post","status-publish","format-standard","has-post-thumbnail","hentry","category-actualite","category-tunisie"],"_links":{"self":[{"href":"https:\/\/linitiative.ca\/International\/wp-json\/wp\/v2\/posts\/67099","targetHints":{"allow":["GET"]}}],"collection":[{"href":"https:\/\/linitiative.ca\/International\/wp-json\/wp\/v2\/posts"}],"about":[{"href":"https:\/\/linitiative.ca\/International\/wp-json\/wp\/v2\/types\/post"}],"author":[{"embeddable":true,"href":"https:\/\/linitiative.ca\/International\/wp-json\/wp\/v2\/users\/1789"}],"replies":[{"embeddable":true,"href":"https:\/\/linitiative.ca\/International\/wp-json\/wp\/v2\/comments?post=67099"}],"version-history":[{"count":0,"href":"https:\/\/linitiative.ca\/International\/wp-json\/wp\/v2\/posts\/67099\/revisions"}],"wp:featuredmedia":[{"embeddable":true,"href":"https:\/\/linitiative.ca\/International\/wp-json\/"}],"wp:attachment":[{"href":"https:\/\/linitiative.ca\/International\/wp-json\/wp\/v2\/media?parent=67099"}],"wp:term":[{"taxonomy":"category","embeddable":true,"href":"https:\/\/linitiative.ca\/International\/wp-json\/wp\/v2\/categories?post=67099"},{"taxonomy":"post_tag","embeddable":true,"href":"https:\/\/linitiative.ca\/International\/wp-json\/wp\/v2\/tags?post=67099"}],"curies":[{"name":"wp","href":"https:\/\/api.w.org\/{rel}","templated":true}]}}