{"id":67103,"date":"2019-11-10T15:21:39","date_gmt":"2019-11-10T20:21:39","guid":{"rendered":"https:\/\/linitiative.ca\/International\/equipe-nationale-coup-denvoi-du-stage-de-preparation\/"},"modified":"2019-11-10T15:21:39","modified_gmt":"2019-11-10T20:21:39","slug":"equipe-nationale-coup-denvoi-du-stage-de-preparation","status":"publish","type":"post","link":"https:\/\/linitiative.ca\/International\/equipe-nationale-coup-denvoi-du-stage-de-preparation\/","title":{"rendered":"\u00c9quipe nationale : coup d\u2019envoi du stage de pr\u00e9paration"},"content":{"rendered":"<p dir=\"ltr\">La s\u00e9lection nationale de football aura un rendez-vous \u00e0 la fin de la semaine\u00a0au cours de\u00a0la premi\u00e8re journ\u00e9e des \u00e9liminatoires de la CAN 2021 en affrontant la Libye, vendredi 19 novembre (20h00).<\/p>\n<p dir=\"ltr\">La Tunisie visera \u00e0 valider son billet de qualification pour la 20\u00e8me fois et la 15\u00e8me de suite.<\/p>\n<div class=\"code-block code-block-1 c5\"><ins class=\"adsbygoogle c4\" data-ad-layout=\"in-article\" data-ad-format=\"fluid\" data-ad-client=\"ca-pub-2102118777505746\" data-ad-slot=\"7301775417\"\/> <\/div>\n<p dir=\"ltr\">Les prot\u00e9g\u00e9s de Mondher Kebaier ont entam\u00e9 ce dimanche leur stage de pr\u00e9paration avec une s\u00e9ance d\u2019entra\u00eenement qui s\u2019est d\u00e9roul\u00e9e sur la pelouse du stade El Menzah avec la participation de huit joueurs : Farouk Ben Mustapha, Aymen Dahmene, Saad Bguir, Ali Maaloul, Ferjani Sassi, Hamdi Nagguez, Aymen Ben Mohamed et Youssef Msakni.<\/p>\n<p dir=\"ltr\">Le joueur d\u2019Al Ettifaq Na\u00efm Sliti a juste effectu\u00e9 quelques tours de pistes en solitaire. Les tests ont montr\u00e9 que le joueur ne peut pas \u00eatre pr\u00eat pour les deux prochaines rencontres contre la Libye et la Guin\u00e9e\u00a0Equatoriale. Il sera b\u00e9n\u00e9fici\u00e9 d\u2019un repos de dix jours.<\/p>\n<p dir=\"ltr\">Les pr\u00e9paratifs des Aigles de Carthage pour le match contre la Libye se poursuivront demain au stade d\u2019El Menzah \u00e0 partir de (15h30).<\/p>\n<p dir=\"ltr\">D\u2019autre part, Aymen Abdennour arrivera ce soir \u00e0 l\u2019h\u00f4tel de l\u2019\u00e9quipe nationale alors que les autres joueurs, \u00e9voluant en Europe, renforceront demain le groupe. M\u00eame cas pour les joueurs locaux qui ont disput\u00e9 ce dimanche la 8\u00e8me journ\u00e9e de la Ligue 1.<\/p>\n<div class=\"heateor_sss_sharing_container heateor_sss_horizontal_sharing\" heateor-sss-data-href=\"https:\/\/sport.tunisienumerique.com\/equipe-nationale-coup-denvoi-stage-de-preparation\/\" heateor-sss-no-counts=\"1\">\n<div class=\"heateor_sss_sharing_title c6\">Cet article vous a \u00e9t\u00e9 utile? Partagez le, il int\u00e9ressera d\u2019autres personnes. Merci!<\/div>\n<ul class=\"heateor_sss_sharing_ul\">\n<li class=\"heateorSssSharingRound\"><em alt=\"Facebook\" title=\"Facebook\" class=\"heateorSssSharing heateorSssFacebookBackground c7\" onclick=\"heateorSssPopup(\"https:\/\/www.facebook.com\/sharer\/sharer.php?u=https%3A%2F%2Fsport.tunisienumerique.com%2Fequipe-nationale-coup-denvoi-stage-de-preparation%2F\")\">\u00a0<\/em><\/li>\n<li class=\"heateorSssSharingRound\"><em alt=\"Twitter\" title=\"Twitter\" class=\"heateorSssSharing heateorSssTwitterBackground c7\" onclick=\"heateorSssPopup(\"http:\/\/twitter.com\/intent\/tweet?text=%C3%89quipe%20nationale%20%3A%20coup%20d%27envoi%20du%20stage%20de%20pr%C3%A9paration&#038;url=https%3A%2F%2Fsport.tunisienumerique.com%2Fequipe-nationale-coup-denvoi-stage-de-preparation%2F\")\">\u00a0<\/em><\/li>\n<li class=\"heateorSssSharingRound\"><em alt=\"Linkedin\" title=\"Linkedin\" class=\"heateorSssSharing heateorSssLinkedinBackground c7\" onclick=\"heateorSssPopup(\"http:\/\/www.linkedin.com\/shareArticle?mini=true&#038;url=https%3A%2F%2Fsport.tunisienumerique.com%2Fequipe-nationale-coup-denvoi-stage-de-preparation%2F&#038;title=%C3%89quipe%20nationale%20%3A%20coup%20d%27envoi%20du%20stage%20de%20pr%C3%A9paration\")\">\u00a0<\/em><\/li>\n<li class=\"heateorSssSharingRound\"><em alt=\"Google Gmail\" title=\"Google Gmail\" class=\"heateorSssSharing heateorSssGoogleGmailBackground c7\" onclick=\"heateorSssPopup(\"https:\/\/mail.google.com\/mail\/?ui=2&#038;view=cm&#038;fs=1&#038;tf=1&#038;su=%C3%89quipe%20nationale%20%3A%20coup%20d%27envoi%20du%20stage%20de%20pr%C3%A9paration&#038;body=Link:https%3A%2F%2Fsport.tunisienumerique.com%2Fequipe-nationale-coup-denvoi-stage-de-preparation%2F\")\">\u00a0<\/em><\/li>\n<li class=\"heateorSssSharingRound\"><em alt=\"Whatsapp\" title=\"Whatsapp\" class=\"heateorSssSharing heateorSssWhatsappBackground c7\"><a href=\"https:\/\/web.whatsapp.com\/send?text=%C3%89quipe%20nationale%20%3A%20coup%20d%27envoi%20du%20stage%20de%20pr%C3%A9paration%20https%3A%2F%2Fsport.tunisienumerique.com%2Fequipe-nationale-coup-denvoi-stage-de-preparation%2F\" rel=\"nofollow noopener noreferrer\" target=\"_blank\">\u00a0<\/a><\/em><\/li>\n<li class=\"heateorSssSharingRound\">\u00a0<\/li>\n<\/ul>\n<\/div>\n<div class=\"mvp-org-wrap mvp-org-logo\" itemprop=\"publisher\" itemscope=\"\" itemtype=\"https:\/\/schema.org\/Organization\"><img decoding=\"async\" src=\"https:\/\/sport.tunisienumerique.com\/wp-content\/uploads\/2017\/05\/logo_tunisie_numerique.png\"\/><\/div>\n<div class=\"mvp-related-posts left relative\">\n<h4 class=\"post-header\"><span class=\"post-header\">Lire aussi<\/span><\/h4>\n<\/div>\n<p>Auteur:<br \/>\n<a href=\"https:\/\/sport.tunisienumerique.com\/equipe-nationale-coup-denvoi-stage-de-preparation\/\">Cliquez ici pour lire l&rsquo;article depuis sa source.<\/a><\/p>\n","protected":false},"excerpt":{"rendered":"<p>La s\u00e9lection nationale de football aura un rendez-vous \u00e0 la fin de la semaine\u00a0au cours de\u00a0la premi\u00e8re journ\u00e9e des \u00e9liminatoires de la CAN 2021 en affrontant la Libye, vendredi 19 novembre (20h00). La Tunisie visera \u00e0 valider son billet de qualification pour la 20\u00e8me fois et la 15\u00e8me de suite. Les prot\u00e9g\u00e9s de Mondher Kebaier [&hellip;]<\/p>\n","protected":false},"author":1789,"featured_media":67104,"comment_status":"closed","ping_status":"closed","sticky":false,"template":"","format":"standard","meta":{"fifu_image_url":"","fifu_image_alt":"","footnotes":""},"categories":[73,55],"tags":[],"class_list":["post-67103","post","type-post","status-publish","format-standard","has-post-thumbnail","hentry","category-actualite","category-tunisie"],"_links":{"self":[{"href":"https:\/\/linitiative.ca\/International\/wp-json\/wp\/v2\/posts\/67103","targetHints":{"allow":["GET"]}}],"collection":[{"href":"https:\/\/linitiative.ca\/International\/wp-json\/wp\/v2\/posts"}],"about":[{"href":"https:\/\/linitiative.ca\/International\/wp-json\/wp\/v2\/types\/post"}],"author":[{"embeddable":true,"href":"https:\/\/linitiative.ca\/International\/wp-json\/wp\/v2\/users\/1789"}],"replies":[{"embeddable":true,"href":"https:\/\/linitiative.ca\/International\/wp-json\/wp\/v2\/comments?post=67103"}],"version-history":[{"count":0,"href":"https:\/\/linitiative.ca\/International\/wp-json\/wp\/v2\/posts\/67103\/revisions"}],"wp:featuredmedia":[{"embeddable":true,"href":"https:\/\/linitiative.ca\/International\/wp-json\/"}],"wp:attachment":[{"href":"https:\/\/linitiative.ca\/International\/wp-json\/wp\/v2\/media?parent=67103"}],"wp:term":[{"taxonomy":"category","embeddable":true,"href":"https:\/\/linitiative.ca\/International\/wp-json\/wp\/v2\/categories?post=67103"},{"taxonomy":"post_tag","embeddable":true,"href":"https:\/\/linitiative.ca\/International\/wp-json\/wp\/v2\/tags?post=67103"}],"curies":[{"name":"wp","href":"https:\/\/api.w.org\/{rel}","templated":true}]}}