{"id":67107,"date":"2019-11-10T12:45:16","date_gmt":"2019-11-10T17:45:16","guid":{"rendered":"https:\/\/linitiative.ca\/International\/mouloud-2019-au-burkina-sur-fond-dattaque-terroriste\/"},"modified":"2019-11-10T12:45:16","modified_gmt":"2019-11-10T17:45:16","slug":"mouloud-2019-au-burkina-sur-fond-dattaque-terroriste","status":"publish","type":"post","link":"https:\/\/linitiative.ca\/International\/mouloud-2019-au-burkina-sur-fond-dattaque-terroriste\/","title":{"rendered":"MOULOUD 2019 AU BURKINA SUR FOND D\u2019ATTAQUE TERRORISTE"},"content":{"rendered":"<div class=\"featured-area featured-area-inner\"><img loading=\"lazy\" decoding=\"async\" width=\"480\" height=\"257\" src=\"http:\/\/lepays.bf\/wp-content\/uploads\/2019\/11\/MAALOUD.png\" class=\"attachment-jannah-image-post size-jannah-image-post wp-post-image\" alt=\"\" srcset=\"http:\/\/lepays.bf\/wp-content\/uploads\/2019\/11\/MAALOUD.png 480w, http:\/\/lepays.bf\/wp-content\/uploads\/2019\/11\/MAALOUD-300x161.png 300w\" sizes=\"auto, (max-width: 480px) 100vw, 480px\"\/><\/div>\n<div class=\"entry-content entry clearfix\" readability=\"60\">\n<div class=\"stream-item stream-item-above-post-content\">\n<p><noscript><\/p>\n<p><a href=\"\/\/www3.smartadserver.com\/ac?jump=1&#038;nwid=2136&#038;siteid=240610&#038;pgname=rg&#038;fmtid=49046&#038;visit=m&#038;tmstp=[timestamp]&#038;out=nonrich\" target=\"_blank\" rel=\"noopener noreferrer\"><img decoding=\"async\" src=\"\/\/www3.smartadserver.com\/ac?out=nonrich&#038;nwid=2136&#038;siteid=240610&#038;pgname=rg&#038;fmtid=49046&#038;visit=m&#038;tmstp=[timestamp]\" border=\"0\" alt=\"\"\/><\/a><\/p>\n<p><\/noscript><\/div>\n<p class=\"c3\">A l\u2019instar d\u2019autres pays du monde, le Burkina Faso a c\u00e9l\u00e9br\u00e9, dans la nuit du samedi \u00e0 dimanche, la naissance du Proph\u00e8te Mahomet. Pr\u00e9ceptes de l\u2019islam et retour de la paix au <em>pays des hommes int\u00e8gres<\/em> ont \u00e9t\u00e9 au c\u0153ur de la c\u00e9l\u00e9bration. \u00a0Quoi de plus normal quand on sait que le Burkina fait face \u00e0 un regain d\u2019attaques terroristes depuis le d\u00e9but de l\u2019ann\u00e9e. Du reste, cette c\u00e9l\u00e9bration s\u2019est d\u00e9roul\u00e9e au lendemain d\u2019une embuscade contre un convoi de la soci\u00e9t\u00e9 mini\u00e8re canadienne SEMAFO qui aura co\u00fbt\u00e9 la vie \u00e0 une quarantaine de passagers et fait une soixantaine de bless\u00e9s. Si cette trag\u00e9die a contraint les musulmans \u00e0 f\u00eater de mani\u00e8re sobre \u00e0 cause du deuil national de 72 heures d\u00e9cr\u00e9t\u00e9 par le chef de l\u2019Etat, elle n\u2019a pas \u00e9mouss\u00e9 leur participation \u00e0 la pri\u00e8re. En effet, les diff\u00e9rentes mosqu\u00e9es et autres lieux de culte du pays ont refus\u00e9 du monde \u00e0 l\u2019occasion de cette f\u00eate de Mouloud. Preuve s\u2019il en \u00e9tait que la foi des fid\u00e8les aura vaincu la psychose cr\u00e9\u00e9e par cette barbarie jamais enregistr\u00e9e sur le sol burkinab\u00e8. Et c\u2019est tant mieux, car si les fid\u00e8les s\u2019\u00e9taient abstenus d\u2019aller prier Allah, ces barbares d\u2019une autre \u00e9poque auraient ainsi atteint leur objectif, celui de contraindre les citoyens \u00e0 vivre selon leur volont\u00e9.<\/p>\n<p class=\"c3\"><strong>Un v\u00e9ritable ciment pour la coh\u00e9sion sociale au Burkina<\/strong><\/p>\n<p class=\"c3\">En tout cas, les Burkinab\u00e8 ont toujours fait preuve de r\u00e9silience face \u00e0 l\u2019adversit\u00e9 et il faut souhaiter que face au p\u00e9ril djihadiste, ils restent toujours debout. C\u2019est la meilleure arme contre ces obscurantistes dont la volont\u00e9 n\u2019est autre que de mettre le pays sous coupe r\u00e9gl\u00e9e. Il est plus que n\u00e9cessaire que les Burkinab\u00e8 travaillent \u00e0 pr\u00e9server le vivre-ensemble et \u00e0 promouvoir le dialogue interreligieux. \u00a0Ces valeurs constituent un v\u00e9ritable ciment pour la coh\u00e9sion sociale au Burkina. Cela est d\u2019autant plus vrai que gr\u00e2ce \u00e0 leur transmission de g\u00e9n\u00e9ration en g\u00e9n\u00e9ration, les adeptes des diff\u00e9rentes religions, se vouent un respect mutuel et font preuve de solidarit\u00e9 et de fraternit\u00e9 lors des diff\u00e9rentes f\u00eates et autres grands moments de pri\u00e8re. Le moins que l\u2019on puisse dire, c\u2019est que la naissance du Proph\u00e8te Mahomet a \u00e9t\u00e9 c\u00e9l\u00e9br\u00e9e cette ann\u00e9e au Burkina dans un esprit de tol\u00e9rance, de dialogue interreligieux et de paix. Souhaitons donc que les diff\u00e9rentes pri\u00e8res adress\u00e9es \u00e0 Allah, le cr\u00e9ateur du ciel et de la terre, puissent conjurer le mal qui ronge le pays et lui apporter la qui\u00e9tude et la paix, facteurs sans lesquels aucun d\u00e9veloppement durable ne saurait \u00eatre possible.<\/p>\n<p><strong>Kinta Kanta<\/strong><\/p>\n<\/div>\n<p>Auteur: Le Pays<br \/>\n<a href=\"http:\/\/lepays.bf\/mouloud-2019-au-burkina-sur-fond-dattaque-terroriste\/\">Cliquez ici pour lire l&rsquo;article depuis sa source.<\/a><\/p>\n","protected":false},"excerpt":{"rendered":"<p>A l\u2019instar d\u2019autres pays du monde, le Burkina Faso a c\u00e9l\u00e9br\u00e9, dans la nuit du samedi \u00e0 dimanche, la naissance du Proph\u00e8te Mahomet. Pr\u00e9ceptes de l\u2019islam et retour de la paix au pays des hommes int\u00e8gres ont \u00e9t\u00e9 au c\u0153ur de la c\u00e9l\u00e9bration. \u00a0Quoi de plus normal quand on sait que le Burkina fait face [&hellip;]<\/p>\n","protected":false},"author":1813,"featured_media":67108,"comment_status":"closed","ping_status":"closed","sticky":false,"template":"","format":"standard","meta":{"fifu_image_url":"","fifu_image_alt":"","footnotes":""},"categories":[73,81],"tags":[],"class_list":["post-67107","post","type-post","status-publish","format-standard","has-post-thumbnail","hentry","category-actualite","category-burkina-faso"],"_links":{"self":[{"href":"https:\/\/linitiative.ca\/International\/wp-json\/wp\/v2\/posts\/67107","targetHints":{"allow":["GET"]}}],"collection":[{"href":"https:\/\/linitiative.ca\/International\/wp-json\/wp\/v2\/posts"}],"about":[{"href":"https:\/\/linitiative.ca\/International\/wp-json\/wp\/v2\/types\/post"}],"author":[{"embeddable":true,"href":"https:\/\/linitiative.ca\/International\/wp-json\/wp\/v2\/users\/1813"}],"replies":[{"embeddable":true,"href":"https:\/\/linitiative.ca\/International\/wp-json\/wp\/v2\/comments?post=67107"}],"version-history":[{"count":0,"href":"https:\/\/linitiative.ca\/International\/wp-json\/wp\/v2\/posts\/67107\/revisions"}],"wp:featuredmedia":[{"embeddable":true,"href":"https:\/\/linitiative.ca\/International\/wp-json\/"}],"wp:attachment":[{"href":"https:\/\/linitiative.ca\/International\/wp-json\/wp\/v2\/media?parent=67107"}],"wp:term":[{"taxonomy":"category","embeddable":true,"href":"https:\/\/linitiative.ca\/International\/wp-json\/wp\/v2\/categories?post=67107"},{"taxonomy":"post_tag","embeddable":true,"href":"https:\/\/linitiative.ca\/International\/wp-json\/wp\/v2\/tags?post=67107"}],"curies":[{"name":"wp","href":"https:\/\/api.w.org\/{rel}","templated":true}]}}