{"id":67109,"date":"2019-11-10T11:50:02","date_gmt":"2019-11-10T16:50:02","guid":{"rendered":"https:\/\/linitiative.ca\/International\/syrie-sept-civils-tues-dans-des-raids-aeriens-russes-sur-idleb-selon-une-ong\/"},"modified":"2019-11-10T11:50:02","modified_gmt":"2019-11-10T16:50:02","slug":"syrie-sept-civils-tues-dans-des-raids-aeriens-russes-sur-idleb-selon-une-ong","status":"publish","type":"post","link":"https:\/\/linitiative.ca\/International\/syrie-sept-civils-tues-dans-des-raids-aeriens-russes-sur-idleb-selon-une-ong\/","title":{"rendered":"Syrie: sept civils tu\u00e9s dans des raids a\u00e9riens russes sur Idleb, selon une ONG"},"content":{"rendered":"<div readability=\"32\">\n<p>Publi\u00e9 le 10.11.2019 \u00e0 17h50 par AFP<\/p>\n<\/div>\n<div readability=\"92\">\n<p>Sept civils dont trois enfants ont \u00e9t\u00e9 tu\u00e9s dimanche dans des raids a\u00e9riens de la Russie, alli\u00e9e du r\u00e9gime de Bachar al-Assad, sur la province syrienne d\u2019Idleb (nord-ouest), a indiqu\u00e9 l\u2019Observatoire syrien des droits de l\u2019Homme (OSDH).<\/p>\n<p>Les frappes a\u00e9riennes russes ont fait sept morts et huit bless\u00e9s dans le village de Kafarouma, situ\u00e9 dans le sud d\u2019Idleb, selon l\u2019OSDH. Certains de ces bless\u00e9s se trouvent \u00ab\u00a0dans un \u00e9tat critique\u00a0\u00bb, d\u2019apr\u00e8s le directeur de l\u2019ONG, Rami Abdel Rahmane.<\/p>\n<p>La r\u00e9gion d\u2019Idleb est domin\u00e9e par les jihadistes du groupe Hayat Tahrir al-Cham (HTS), l\u2019ex-branche syrienne d\u2019Al-Qa\u00efda, et avec des secteurs adjacents des provinces d\u2019Alep, Hama et Lattaqui\u00e9, elle \u00e9chappe toujours dans sa vaste majorit\u00e9 au r\u00e9gime syrien.<\/p>\n<p>Ces zones abritent aussi plusieurs autres groupuscules jihadistes ainsi que des rebelles affaiblis.<\/p>\n<p>C\u2019est la troisi\u00e8me fois en huit jours que l\u2019aviation russe bombarde le nord-ouest syrien. Mercredi, huit civils ont p\u00e9ri dans des frappes de Moscou sur l\u2019ouest de la province d\u2019Alep. Le 2 novembre, six civils avaient \u00e9t\u00e9 tu\u00e9s dans le sud d\u2019Idleb, selon l\u2019OSDH.<\/p>\n<p>Entre fin avril et fin ao\u00fbt, la r\u00e9gion d\u2019Idleb a \u00e9t\u00e9 pilonn\u00e9e sans interruption par l\u2019arm\u00e9e syrienne, appuy\u00e9e par l\u2019aviation russe. Pr\u00e8s d\u2019un millier de civils ont p\u00e9ri durant cette p\u00e9riode, selon l\u2019OSDH, tandis que plus de 400.000 personnes ont \u00e9t\u00e9 d\u00e9plac\u00e9es, d\u2019apr\u00e8s l\u2019ONU.<\/p>\n<p>Une tr\u00eave a \u00e9t\u00e9 annonc\u00e9e fin ao\u00fbt par Moscou, mais l\u2019OSDH fait depuis \u00e9tat de bombardements sporadiques, qui ont tu\u00e9 des dizaines de civils.<\/p>\n<p>Le 22 octobre, Bachar al-Assad avait effectu\u00e9 sa premi\u00e8re visite dans la province depuis le d\u00e9but de la guerre en 2011, affirmant que la bataille d\u2019Idleb \u00e9tait la cl\u00e9 pour y mettre fin.<\/p>\n<p>Les affrontements au sol, sporadiques depuis fin ao\u00fbt, \u00ab\u00a0sont de plus en plus r\u00e9currents entre les forces pror\u00e9gime et les factions jihadistes et rebelles\u00a0\u00bb, a pr\u00e9cis\u00e9 le directeur de l\u2019OSDH.<\/p>\n<p>Depuis 2011, le conflit syrien a fait plus de 370.000 morts et des millions de d\u00e9plac\u00e9s.<\/p>\n<\/div>\n<p>Auteur: AFP<br \/>\n<a href=\"https:\/\/www.journalducameroun.com\/syrie-sept-civils-tues-dans-des-raids-aeriens-russes-sur-idleb-selon-une-ong\/\">Cliquez ici pour lire l&rsquo;article depuis sa source.<\/a><\/p>\n","protected":false},"excerpt":{"rendered":"<p>Publi\u00e9 le 10.11.2019 \u00e0 17h50 par AFP Sept civils dont trois enfants ont \u00e9t\u00e9 tu\u00e9s dimanche dans des raids a\u00e9riens de la Russie, alli\u00e9e du r\u00e9gime de Bachar al-Assad, sur la province syrienne d\u2019Idleb (nord-ouest), a indiqu\u00e9 l\u2019Observatoire syrien des droits de l\u2019Homme (OSDH). Les frappes a\u00e9riennes russes ont fait sept morts et huit bless\u00e9s [&hellip;]<\/p>\n","protected":false},"author":1965,"featured_media":0,"comment_status":"closed","ping_status":"closed","sticky":false,"template":"","format":"standard","meta":{"fifu_image_url":"","fifu_image_alt":"","footnotes":""},"categories":[73,82],"tags":[],"class_list":["post-67109","post","type-post","status-publish","format-standard","hentry","category-actualite","category-cameroun"],"_links":{"self":[{"href":"https:\/\/linitiative.ca\/International\/wp-json\/wp\/v2\/posts\/67109","targetHints":{"allow":["GET"]}}],"collection":[{"href":"https:\/\/linitiative.ca\/International\/wp-json\/wp\/v2\/posts"}],"about":[{"href":"https:\/\/linitiative.ca\/International\/wp-json\/wp\/v2\/types\/post"}],"author":[{"embeddable":true,"href":"https:\/\/linitiative.ca\/International\/wp-json\/wp\/v2\/users\/1965"}],"replies":[{"embeddable":true,"href":"https:\/\/linitiative.ca\/International\/wp-json\/wp\/v2\/comments?post=67109"}],"version-history":[{"count":0,"href":"https:\/\/linitiative.ca\/International\/wp-json\/wp\/v2\/posts\/67109\/revisions"}],"wp:attachment":[{"href":"https:\/\/linitiative.ca\/International\/wp-json\/wp\/v2\/media?parent=67109"}],"wp:term":[{"taxonomy":"category","embeddable":true,"href":"https:\/\/linitiative.ca\/International\/wp-json\/wp\/v2\/categories?post=67109"},{"taxonomy":"post_tag","embeddable":true,"href":"https:\/\/linitiative.ca\/International\/wp-json\/wp\/v2\/tags?post=67109"}],"curies":[{"name":"wp","href":"https:\/\/api.w.org\/{rel}","templated":true}]}}