{"id":67110,"date":"2019-11-10T13:50:03","date_gmt":"2019-11-10T18:50:03","guid":{"rendered":"https:\/\/linitiative.ca\/International\/a-madrid-la-crainte-dune-poussee-de-vox-pres-dun-centre-accueillant-des-migrants\/"},"modified":"2019-11-10T13:50:03","modified_gmt":"2019-11-10T18:50:03","slug":"a-madrid-la-crainte-dune-poussee-de-vox-pres-dun-centre-accueillant-des-migrants","status":"publish","type":"post","link":"https:\/\/linitiative.ca\/International\/a-madrid-la-crainte-dune-poussee-de-vox-pres-dun-centre-accueillant-des-migrants\/","title":{"rendered":"A Madrid, la crainte d\u2019une pouss\u00e9e de Vox pr\u00e8s d\u2019un centre accueillant des migrants"},"content":{"rendered":"<div readability=\"32\">\n<p>Publi\u00e9 le 10.11.2019 \u00e0 19h50 par AFP<\/p>\n<\/div>\n<div readability=\"156\">\n<p>Dans le quartier d\u2019Hortaleza \u00e0 Madrid, \u00ab\u00a0le vote pour Vox va \u00eatre tr\u00e8s \u00e9lev\u00e9\u00a0\u00bb dimanche, craint Lidia Lopez, qui reproche \u00e0 ce parti d\u2019extr\u00eame droite d\u2019y avoir instrumentalis\u00e9 le rejet d\u2019un centre accueillant de jeunes migrants par une partie de la population.<\/p>\n<p>Dans ce vaste district du nord-est de Madrid m\u00e9langeant grands ensembles et zones chic, Vox est dans toutes les t\u00eates depuis que son chef Santiago Abascal, qui vit \u00e0 Hortaleza, l\u2019a pr\u00e9sent\u00e9 devant des millions de t\u00e9l\u00e9spectateurs comme un secteur min\u00e9 par la d\u00e9linquance en raison de la pr\u00e9sence de ces jeunes migrants.<\/p>\n<p>Le vent en poupe dans les sondages, Vox a marqu\u00e9 la campagne des \u00e9lections l\u00e9gislatives par sa rh\u00e9torique anti-immigr\u00e9s, allant jusqu\u2019\u00e0 r\u00e9clamer l\u2019expulsion de tous les mineurs \u00e9trangers isol\u00e9s, en violation de la Convention internationale des droits de l\u2019enfant.<\/p>\n<p>Ses mensonges et inexactitudes sur l\u2019immigration, associ\u00e9s syst\u00e9matiquement \u00e0 la criminalit\u00e9, ont suscit\u00e9 l\u2019indignation et amen\u00e9 le D\u00e9fenseur des droits espagnol \u00e0 d\u00e9noncer une multiplication de \u00ab\u00a0messages racistes\u00a0\u00bb justifiant les attaques contre de jeunes migrants.<\/p>\n<p>Plusieurs jeunes mineurs non accompagn\u00e9s ont \u00e9t\u00e9 battus dimanche dernier \u00e0 Madrid, selon des \u00e9lus locaux du parti de gauche Mas Pais.<\/p>\n<p>\u00ab\u00a0Nous avons beaucoup de probl\u00e8mes avec ces jeunes, ils volent chaque jour\u00a0\u00bb, affirme Jose Morales, 79 ans, dans un bar du quartier.<\/p>\n<p>\u00ab\u00a0Nous autres, nous votons Vox\u00a0\u00bb, annonce l\u2019ancien concierge, assis au comptoir avec deux amis, devant des verres de vin rouge et un plat de paella. Tous les trois sont d\u2019anciens \u00e9lecteurs du Parti populaire (PP, conservateur), qui a perdu le pouvoir l\u2019an dernier apr\u00e8s un retentissant proc\u00e8s pour corruption.<\/p>\n<p>Dans le bureau de vote o\u00f9 les \u00e9lecteurs, majoritairement \u00e2g\u00e9s, font la queue, beaucoup assurent avoir vot\u00e9 \u00ab\u00a0pour la droite\u00a0\u00bb, mais sans vouloir pr\u00e9ciser pour quel parti.<\/p>\n<p>\u00ab\u00a0J\u2019ai vot\u00e9 pour la droite parce que la chose la plus importante, c\u2019est l\u2019unit\u00e9 de l\u2019Espagne et les retraites,\u00a0\u00bb dit ainsi Rafael Garcia, 84 ans. Il s\u2019agit d\u2019un autre th\u00e8me central pour le parti d\u2019extr\u00eame droite, qui a appel\u00e9 \u00e0 interdire purement et simplement les partis ind\u00e9pendantistes et a progress\u00e9 dans les sondages \u00e0 la faveur des troubles du mois d\u2019octobre en Catalogne (nord-est).<\/p>\n<p>\u2013 \u00ab\u00a0Pas peur de Vox\u00a0\u00bb \u2013<\/p>\n<p>\u00ab\u00a0Beaucoup de gens ont des probl\u00e8mes avec l\u2019immigration et ont utilis\u00e9 \u00e7a pour voter Vox\u00a0\u00bb, d\u00e9plore Lidia Lopez, journaliste stagiaire de 21 ans qui a vot\u00e9 pour le parti radical de gauche Podemos.<\/p>\n<p>\u00ab\u00a0Nous sommes dans un quartier ouvrier o\u00f9 les gens ont du mal \u00e0 trouver du boulot, alors Vox dit juste ce que les gens ont envie d\u2019entendre, en utilisant des donn\u00e9es fausses\u00a0\u00bb, juge aussi David Barcelo, un ing\u00e9nieur de 25 ans, pour qui \u00ab\u00a0Abascal dit +Je vais vous aider \u00e0 trouver du travail en expulsant ces gens+ alors que ce n\u2019est clairement pas la solution\u00a0\u00bb.<\/p>\n<p>Autre habitante du quartier, Eva Millan Martin rejette les arguments de Vox vis-\u00e0-vis du centre d\u2019accueil: \u00ab\u00a0Je n\u2019ai jamais eu peur de passer devant et je n\u2019ai jamais entendu parler de probl\u00e8mes le concernant\u00a0\u00bb, dit cette informaticienne de 33 ans, \u00e9lectrice de Podemos, pour qui Vox \u00ab\u00a0m\u00e8ne tout simplement une campagne raciste\u00a0\u00bb.<\/p>\n<p>La crainte d\u2019une pouss\u00e9e de l\u2019extr\u00eame droite a pouss\u00e9 certains \u00e0 aller voter, en d\u00e9pit de la d\u00e9sillusion g\u00e9n\u00e9rale face au blocage politique qui mine l\u2019Espagne depuis quatre ans.<\/p>\n<p>\u00ab\u00a0Je pensais que ma soeur n\u2019allait pas voter pour ce scrutin, mais comme Vox est de plus en plus fort, elle va finalement voter pour la gauche afin de les freiner,\u00a0\u00bb rel\u00e8ve Eleuterio Risoto Roldan, un technicien informatique de 27 ans, \u00e9lecteur du nouveau parti de gauche Mas Pais.<\/p>\n<p>En compagnie d\u2019un groupe de militants socialistes du quartier, Pilar Rodriguez, 73 ans, assure elle ne pas craindre Vox.<\/p>\n<p>\u00ab\u00a0Vox menace de jeter tout le monde dehors, y compris les mineurs non accompagn\u00e9s, mais il ne peut pas parce que l\u2019Union europ\u00e9enne les prot\u00e8ge\u00a0\u00bb, dit-elle, en rappelant que pendant les d\u00e9cennies de dictature de Franco (1939-1975), l\u2019Espagne ne faisait pas partie de l\u2019Europe.<\/p>\n<p>\u00ab\u00a0Je n\u2019ai pas peur de Vox parce que nous sommes en Europe\u00a0\u00bb, conclut-elle. \u00ab\u00a0Si nous ne l\u2019\u00e9tions pas, nous aurions vraiment peur\u00a0\u00bb.<\/p>\n<\/div>\n<p>Auteur: AFP<br \/>\n<a href=\"https:\/\/www.journalducameroun.com\/a-madrid-la-crainte-dune-poussee-de-vox-pres-dun-centre-accueillant-des-migrants\/\">Cliquez ici pour lire l&rsquo;article depuis sa source.<\/a><\/p>\n","protected":false},"excerpt":{"rendered":"<p>Publi\u00e9 le 10.11.2019 \u00e0 19h50 par AFP Dans le quartier d\u2019Hortaleza \u00e0 Madrid, \u00ab\u00a0le vote pour Vox va \u00eatre tr\u00e8s \u00e9lev\u00e9\u00a0\u00bb dimanche, craint Lidia Lopez, qui reproche \u00e0 ce parti d\u2019extr\u00eame droite d\u2019y avoir instrumentalis\u00e9 le rejet d\u2019un centre accueillant de jeunes migrants par une partie de la population. Dans ce vaste district du nord-est [&hellip;]<\/p>\n","protected":false},"author":1965,"featured_media":0,"comment_status":"closed","ping_status":"closed","sticky":false,"template":"","format":"standard","meta":{"fifu_image_url":"","fifu_image_alt":"","footnotes":""},"categories":[73,82],"tags":[],"class_list":["post-67110","post","type-post","status-publish","format-standard","hentry","category-actualite","category-cameroun"],"_links":{"self":[{"href":"https:\/\/linitiative.ca\/International\/wp-json\/wp\/v2\/posts\/67110","targetHints":{"allow":["GET"]}}],"collection":[{"href":"https:\/\/linitiative.ca\/International\/wp-json\/wp\/v2\/posts"}],"about":[{"href":"https:\/\/linitiative.ca\/International\/wp-json\/wp\/v2\/types\/post"}],"author":[{"embeddable":true,"href":"https:\/\/linitiative.ca\/International\/wp-json\/wp\/v2\/users\/1965"}],"replies":[{"embeddable":true,"href":"https:\/\/linitiative.ca\/International\/wp-json\/wp\/v2\/comments?post=67110"}],"version-history":[{"count":0,"href":"https:\/\/linitiative.ca\/International\/wp-json\/wp\/v2\/posts\/67110\/revisions"}],"wp:attachment":[{"href":"https:\/\/linitiative.ca\/International\/wp-json\/wp\/v2\/media?parent=67110"}],"wp:term":[{"taxonomy":"category","embeddable":true,"href":"https:\/\/linitiative.ca\/International\/wp-json\/wp\/v2\/categories?post=67110"},{"taxonomy":"post_tag","embeddable":true,"href":"https:\/\/linitiative.ca\/International\/wp-json\/wp\/v2\/tags?post=67110"}],"curies":[{"name":"wp","href":"https:\/\/api.w.org\/{rel}","templated":true}]}}