{"id":67111,"date":"2019-11-10T16:18:02","date_gmt":"2019-11-10T21:18:02","guid":{"rendered":"https:\/\/linitiative.ca\/International\/rabat-accueille-le-premier-forum-libyen-international-dinvestissement-les-11-et-12-novembre\/"},"modified":"2019-11-10T16:18:02","modified_gmt":"2019-11-10T21:18:02","slug":"rabat-accueille-le-premier-forum-libyen-international-dinvestissement-les-11-et-12-novembre","status":"publish","type":"post","link":"https:\/\/linitiative.ca\/International\/rabat-accueille-le-premier-forum-libyen-international-dinvestissement-les-11-et-12-novembre\/","title":{"rendered":"Rabat accueille le premier forum libyen international d\u2019investissement les 11 et 12 novembre"},"content":{"rendered":"<div readability=\"32\">\n<p>Publi\u00e9 le 10.11.2019 \u00e0 22h18 par APA News<\/p>\n<\/div>\n<div readability=\"54\">\n<p>Le premier forum libyen international \u00e9conomique et d\u2019investissement se tiendra les 11 et 12 novembre \u00e0 Rabat, sous le th\u00e8me \u00ab Vers un partenariat \u00e9conomique solide \u00bb.Initi\u00e9 en coop\u00e9ration avec le minist\u00e8re de l\u2019Industrie, du Commerce, de l\u2019\u00c9conomie verte et num\u00e9rique, ce forum va accueillir plus de 400 participants de 12 pays relevant des secteurs public et priv\u00e9 ainsi que des acteurs \u00e9conomiques et des investisseurs dans divers domaines, selon les organisateurs.<\/p>\n<p>Cet \u00e9v\u00e8nement \u00e9conomique, le premier du genre, \u00ab\u00a0vient confirmer la solidit\u00e9 des relations entre les pays du Maghreb et la profondeur strat\u00e9gique que repr\u00e9sentent ces liens pour les Libyens\u00a0\u00bb, pr\u00e9cise-t-on de m\u00eame source.<\/p>\n<p>Il se veut, selon les organisateurs, l\u2019occasion de s\u2019inspirer de l\u2019exp\u00e9rience \u00e9conomique pionni\u00e8re du Maroc qui a contribu\u00e9 de mani\u00e8re significative au soutien \u00e0 la stabilit\u00e9 en Libye en ayant accueilli le dialogue politique \u00e0 Skhirat qui a \u00e9t\u00e9 couronn\u00e9 par la signature de l\u2019accord politique libyen en d\u00e9cembre 2015.<\/p>\n<\/div>\n<p>Auteur: APA News<br \/>\n<a href=\"https:\/\/www.journalducameroun.com\/rabat-accueille-le-premier-forum-libyen-international-dinvestissement-les-11-et-12-novembre\/\">Cliquez ici pour lire l&rsquo;article depuis sa source.<\/a><\/p>\n","protected":false},"excerpt":{"rendered":"<p>Publi\u00e9 le 10.11.2019 \u00e0 22h18 par APA News Le premier forum libyen international \u00e9conomique et d\u2019investissement se tiendra les 11 et 12 novembre \u00e0 Rabat, sous le th\u00e8me \u00ab Vers un partenariat \u00e9conomique solide \u00bb.Initi\u00e9 en coop\u00e9ration avec le minist\u00e8re de l\u2019Industrie, du Commerce, de l\u2019\u00c9conomie verte et num\u00e9rique, ce forum va accueillir plus de [&hellip;]<\/p>\n","protected":false},"author":1965,"featured_media":0,"comment_status":"closed","ping_status":"closed","sticky":false,"template":"","format":"standard","meta":{"fifu_image_url":"","fifu_image_alt":"","footnotes":""},"categories":[73,82],"tags":[],"class_list":["post-67111","post","type-post","status-publish","format-standard","hentry","category-actualite","category-cameroun"],"_links":{"self":[{"href":"https:\/\/linitiative.ca\/International\/wp-json\/wp\/v2\/posts\/67111","targetHints":{"allow":["GET"]}}],"collection":[{"href":"https:\/\/linitiative.ca\/International\/wp-json\/wp\/v2\/posts"}],"about":[{"href":"https:\/\/linitiative.ca\/International\/wp-json\/wp\/v2\/types\/post"}],"author":[{"embeddable":true,"href":"https:\/\/linitiative.ca\/International\/wp-json\/wp\/v2\/users\/1965"}],"replies":[{"embeddable":true,"href":"https:\/\/linitiative.ca\/International\/wp-json\/wp\/v2\/comments?post=67111"}],"version-history":[{"count":0,"href":"https:\/\/linitiative.ca\/International\/wp-json\/wp\/v2\/posts\/67111\/revisions"}],"wp:attachment":[{"href":"https:\/\/linitiative.ca\/International\/wp-json\/wp\/v2\/media?parent=67111"}],"wp:term":[{"taxonomy":"category","embeddable":true,"href":"https:\/\/linitiative.ca\/International\/wp-json\/wp\/v2\/categories?post=67111"},{"taxonomy":"post_tag","embeddable":true,"href":"https:\/\/linitiative.ca\/International\/wp-json\/wp\/v2\/tags?post=67111"}],"curies":[{"name":"wp","href":"https:\/\/api.w.org\/{rel}","templated":true}]}}