{"id":67112,"date":"2019-11-10T17:50:03","date_gmt":"2019-11-10T22:50:03","guid":{"rendered":"https:\/\/linitiative.ca\/International\/morales-le-plus-ancien-president-damerique-latine-chasse-par-la-rue\/"},"modified":"2019-11-10T17:50:03","modified_gmt":"2019-11-10T22:50:03","slug":"morales-le-plus-ancien-president-damerique-latine-chasse-par-la-rue","status":"publish","type":"post","link":"https:\/\/linitiative.ca\/International\/morales-le-plus-ancien-president-damerique-latine-chasse-par-la-rue\/","title":{"rendered":"Morales, le plus ancien pr\u00e9sident d\u2019Am\u00e9rique latine, chass\u00e9 par la rue"},"content":{"rendered":"<div readability=\"32\">\n<p>Publi\u00e9 le 10.11.2019 \u00e0 23h50 par AFP<\/p>\n<\/div>\n<div readability=\"144\">\n<p>Le pr\u00e9sident bolivien Evo Morales, qui a annonc\u00e9 sa d\u00e9mission dimanche apr\u00e8s trois semaines de violente contestation contre sa r\u00e9\u00e9lection \u00e0 un quatri\u00e8me mandat, \u00e9tait le plus ancien dirigeant en exercice d\u2019Am\u00e9rique latine, au pouvoir depuis 2006.<\/p>\n<p>La cr\u00e9dibilit\u00e9 du scrutin pr\u00e9sidentiel du 20 octobre \u00e9tait contest\u00e9e \u00e0 la fois par l\u2019opposition et la communaut\u00e9 internationale, qui \u00e9voquaient des fraudes.<\/p>\n<p>Depuis une dizaine de jours, la Bolivie \u00e9tait totalement paralys\u00e9 par les gr\u00e8ves et les manifestations qui d\u00e9g\u00e9n\u00e9raient en affrontements quasi quotidiens avec les forces de l\u2019ordre.<\/p>\n<p>\u00ab\u00a0Je renonce \u00e0 mon poste de pr\u00e9sident\u00a0\u00bb, a d\u00e9clar\u00e9 dimanche \u00e0 la t\u00e9l\u00e9vision le leader indig\u00e8ne de 60 ans, dont l\u2019arm\u00e9e et la police venaient de r\u00e9clamer le d\u00e9part. Quelques heures auparavant, plusieurs ministre et d\u00e9put\u00e9s, dont le pr\u00e9sident de l\u2019Assembl\u00e9e nationale, avaient d\u00e9j\u00e0 d\u00e9missionn\u00e9.<\/p>\n<p>Lorsqu\u2019il a acc\u00e9d\u00e9 au pouvoir en 2006, Evo Morales \u00e9tait le premier chef d\u2019Etat indig\u00e8ne du pays. A tout juste 60 ans, il \u00e9tait un des derniers repr\u00e9sentants de la \u00ab\u00a0vague rose\u00a0\u00bb qui a d\u00e9ferl\u00e9 au tournant des ann\u00e9es 2000 sur la r\u00e9gion.<\/p>\n<p>Depuis, la gauche a \u00e9t\u00e9 d\u00e9faite au Br\u00e9sil, au Chili et en Equateur, alors qu\u2019elle vient de revenir le pouvoir en Argentine. Quant au Venezuela, pays avec lequel le pr\u00e9sident bolivien entretenait d\u2019\u00e9troites relations, il traverse la pire crise politique et \u00e9conomique de son histoire r\u00e9cente. M. Morales \u00e9tait \u00e9galement fermement soutenu par Cuba, elle aussi englu\u00e9e dans une grave crise \u00e9conomique.<\/p>\n<p>\u00ab\u00a0La Bolivie est diff\u00e9rente, nous allons bien\u00a0\u00bb, r\u00e9p\u00e9tait Evo Morales comme un mantra, repris en ch\u0153ur par ses partisans du Mouvement vers le socialisme (MAS).<\/p>\n<p>Cet ancien berger de lamas, n\u00e9 le 26 octobre 1959 dans un village mis\u00e9reux de la r\u00e9gion d\u2019Oruro (centre), pouvait se targuer de nombreux succ\u00e8s \u00e9conomiques: maintien d\u2019une croissance \u00e9lev\u00e9e, forte r\u00e9duction de la pauvret\u00e9, niveau record de r\u00e9serves en devises. Le pays a aussi multipli\u00e9 les accords d\u2019investissement internationaux pour l\u2019exploitation du gaz naturel et surtout du lithium, dont il esp\u00e8re devenir le quatri\u00e8me producteur mondial d\u2019ici 2021.<\/p>\n<p>\u00ab\u00a0Ces derni\u00e8res ann\u00e9es l\u2019\u00e9conomie bolivienne \u00e9tait au beau fixe sous Evo Morales\u00a0\u00bb, expliquait r\u00e9cemment Michael Shifter, pr\u00e9sident du groupe de r\u00e9flexion Dialogue interam\u00e9ricain \u00e0 Washington. \u00ab\u00a0Mais avec la chute des cours des mati\u00e8res premi\u00e8res, le gouvernement a \u00e9t\u00e9 oblig\u00e9 d\u2019emprunter davantage et puiser dans les r\u00e9serves. Le mod\u00e8le \u00e9conomique bolivien (bas\u00e9 sur l\u2019exploitation des mati\u00e8res premi\u00e8res), qui a fonctionn\u00e9 durant des ann\u00e9es, n\u2019est plus tenable\u00a0\u00bb.<\/p>\n<p>\u2013 \u00ab\u00a0Fr\u00e8re pr\u00e9sident\u00a0\u00bb \u2013<\/p>\n<p>Ses adversaires d\u00e9non\u00e7aient le caract\u00e8re t\u00eatu de l\u2019ancien leader syndical des producteurs de coca, qui l\u2019emp\u00eache de reconna\u00eetre ses erreurs. Ses d\u00e9tracteurs l\u2019accusaient d\u2019avoir instaur\u00e9 un gouvernement antid\u00e9mocratique et abandonn\u00e9 les valeurs qu\u2019il a longtemps symbolis\u00e9es, notamment la d\u00e9fense de l\u2019environnement et des indig\u00e8nes, faisant p\u00e2lir son \u00e9toile.<\/p>\n<p>R\u00e9\u00e9lu en 2009, Evo Morales avait remport\u00e9 en 2014 un troisi\u00e8me mandat gr\u00e2ce \u00e0 une interpr\u00e9tation contest\u00e9e de la Constitution, qui ne permettait pourtant que deux mandats cons\u00e9cutifs. La Cour constitutionnelle avait alors estim\u00e9 qu\u2019il s\u2019agissait de sa premi\u00e8re r\u00e9\u00e9lection, la Constitution ayant \u00e9t\u00e9 modifi\u00e9e en 2009.<\/p>\n<p>Une partie des Boliviens ne lui pardonnent pas d\u2019avoir brigu\u00e9 un quatri\u00e8me mandat, alors que les \u00e9lecteurs s\u2019\u00e9taient prononc\u00e9s contre \u00e0 l\u2019occasion d\u2019un r\u00e9f\u00e9rendum en 2016. Il est pass\u00e9 outre le \u00ab\u00a0non\u00a0\u00bb des Boliviens gr\u00e2ce \u00e0 une nouvelle d\u00e9cision tr\u00e8s contest\u00e9e de la Cour constitutionnelle. Motif avanc\u00e9 par les magistrats: sa candidature relevait de son \u00ab\u00a0droit humain\u00a0\u00bb.<\/p>\n<p>Mi-octobre \u00e0 Santa Cruz (est), dans la r\u00e9gion agricole du pays, une marche indig\u00e8ne avait cri\u00e9 sa col\u00e8re contre la politique environnementale de Morales.<\/p>\n<p>Les gigantesques incendies qui ont ravag\u00e9 en ao\u00fbt et septembre une zone atteignant presque la taille de la Suisse ont provoqu\u00e9 l\u2019indignation des peuples indig\u00e8nes, qui accusent Evo Morales d\u2019avoir sacrifi\u00e9 la Pachamama, la Terre m\u00e8re en langue quechua, pour \u00e9tendre les terres cultivables et produire davantage de viande pour l\u2019exporter vers la Chine.<\/p>\n<p>Pourtant, le \u00ab\u00a0fr\u00e8re pr\u00e9sident\u00a0\u00bb, comme l\u2019appelle son entourage, se disait convaincu d\u2019oeuvrer tous les jours pour le bien de son peuple. \u00ab\u00a0Ma famille, c\u2019est le peuple et la Bolivie ma vie\u00a0\u00bb, affirmait-il en 2015 dans un documentaire pour une cha\u00eene espagnole.<\/p>\n<\/div>\n<p>Auteur: AFP<br \/>\n<a href=\"https:\/\/www.journalducameroun.com\/morales-le-plus-ancien-president-damerique-latine-chasse-par-la-rue\/\">Cliquez ici pour lire l&rsquo;article depuis sa source.<\/a><\/p>\n","protected":false},"excerpt":{"rendered":"<p>Publi\u00e9 le 10.11.2019 \u00e0 23h50 par AFP Le pr\u00e9sident bolivien Evo Morales, qui a annonc\u00e9 sa d\u00e9mission dimanche apr\u00e8s trois semaines de violente contestation contre sa r\u00e9\u00e9lection \u00e0 un quatri\u00e8me mandat, \u00e9tait le plus ancien dirigeant en exercice d\u2019Am\u00e9rique latine, au pouvoir depuis 2006. La cr\u00e9dibilit\u00e9 du scrutin pr\u00e9sidentiel du 20 octobre \u00e9tait contest\u00e9e \u00e0 [&hellip;]<\/p>\n","protected":false},"author":1965,"featured_media":0,"comment_status":"closed","ping_status":"closed","sticky":false,"template":"","format":"standard","meta":{"fifu_image_url":"","fifu_image_alt":"","footnotes":""},"categories":[73,82],"tags":[],"class_list":["post-67112","post","type-post","status-publish","format-standard","hentry","category-actualite","category-cameroun"],"_links":{"self":[{"href":"https:\/\/linitiative.ca\/International\/wp-json\/wp\/v2\/posts\/67112","targetHints":{"allow":["GET"]}}],"collection":[{"href":"https:\/\/linitiative.ca\/International\/wp-json\/wp\/v2\/posts"}],"about":[{"href":"https:\/\/linitiative.ca\/International\/wp-json\/wp\/v2\/types\/post"}],"author":[{"embeddable":true,"href":"https:\/\/linitiative.ca\/International\/wp-json\/wp\/v2\/users\/1965"}],"replies":[{"embeddable":true,"href":"https:\/\/linitiative.ca\/International\/wp-json\/wp\/v2\/comments?post=67112"}],"version-history":[{"count":0,"href":"https:\/\/linitiative.ca\/International\/wp-json\/wp\/v2\/posts\/67112\/revisions"}],"wp:attachment":[{"href":"https:\/\/linitiative.ca\/International\/wp-json\/wp\/v2\/media?parent=67112"}],"wp:term":[{"taxonomy":"category","embeddable":true,"href":"https:\/\/linitiative.ca\/International\/wp-json\/wp\/v2\/categories?post=67112"},{"taxonomy":"post_tag","embeddable":true,"href":"https:\/\/linitiative.ca\/International\/wp-json\/wp\/v2\/tags?post=67112"}],"curies":[{"name":"wp","href":"https:\/\/api.w.org\/{rel}","templated":true}]}}