{"id":67116,"date":"2019-11-11T13:04:04","date_gmt":"2019-11-11T18:04:04","guid":{"rendered":"https:\/\/linitiative.ca\/International\/ouargla-quatorze-troupes-animent-le-7e-festival-de-linchad\/"},"modified":"2019-11-11T13:04:04","modified_gmt":"2019-11-11T18:04:04","slug":"ouargla-quatorze-troupes-animent-le-7e-festival-de-linchad","status":"publish","type":"post","link":"https:\/\/linitiative.ca\/International\/ouargla-quatorze-troupes-animent-le-7e-festival-de-linchad\/","title":{"rendered":"Ouargla: quatorze troupes animent le 7e festival de l\u2019inchad"},"content":{"rendered":"<div readability=\"33\">\n<p><strong>OUARGLA &#8211; Quatorze troupes animent la 7\u00e8me \u00e9dition du festival de l\u2019inchad (chants religieux) ouvert dimanche \u00e0 la maison de la culture Moufdi Zakaria \u00e0 Ouargla.<\/strong><\/p>\n<\/div>\n<div readability=\"61\">\n<p>Cette manifestation, qui regroupe \u00e9galement huit mounchidine nationaux, vise \u00e0 cr\u00e9er un espace pour mettre en exergue leurs capacit\u00e9s vocales, \u00e9changer leurs exp\u00e9riences et encourager les nouvelles voix de l\u2019inchad, a indiqu\u00e9 le commissaire du festival, Mokhtar Kermida.<\/p>\n<p>Le programme du festival pr\u00e9voit aussi des ateliers de formation, encadr\u00e9s par des enseignants et sp\u00e9cialistes dans ce genre lyrique, dont Abdessalem Yahia et Smail Yelles de la wilaya de M\u2019sila, pour mettre leur savoir-faire et connaissances au service des adeptes de cet art.<\/p>\n<p>Ce festival (10-12 novembre) donnera lieu \u00e9galement \u00e0 l\u2019animation de r\u00e9citals par les troupes d\u2019Inchad \u00ab\u00a0Balabil El-Rihab\u00a0\u00bb et \u00ab\u00a0Yasmine\u00a0\u00bb d\u2019Ouargla, et l\u2019association \u00ab\u00a0Sawt El-Hazar\u00a0\u00bb de Gharda\u00efa.<\/p>\n<p>Co\u00efncidant avec la c\u00e9l\u00e9bration du Mawlid Ennabaoui, cette manifestation sera sanctionn\u00e9e par des recommandations appelant au d\u00e9veloppement de l\u2019Inchad et sa propagation chez les nouvelles g\u00e9n\u00e9rations, a soulign\u00e9 le commissaire du festival.<\/p>\n<p>Des circuits touristiques au niveau de certains sites historiques et touristiques de la r\u00e9gion en l\u2018honneur des participants, figurent aussi au programme de cette manifestation culturelle.<\/p>\n<\/div>\n<p>Auteur:<br \/>\n<a href=\"http:\/\/www.aps.dz\/culture\/97248-ouargla-quatorze-troupes-animent-le-7e-festival-de-l-inchad\">Cliquez ici pour lire l&rsquo;article depuis sa source.<\/a><\/p>\n","protected":false},"excerpt":{"rendered":"<p>OUARGLA &#8211; Quatorze troupes animent la 7\u00e8me \u00e9dition du festival de l\u2019inchad (chants religieux) ouvert dimanche \u00e0 la maison de la culture Moufdi Zakaria \u00e0 Ouargla. Cette manifestation, qui regroupe \u00e9galement huit mounchidine nationaux, vise \u00e0 cr\u00e9er un espace pour mettre en exergue leurs capacit\u00e9s vocales, \u00e9changer leurs exp\u00e9riences et encourager les nouvelles voix de [&hellip;]<\/p>\n","protected":false},"author":1790,"featured_media":0,"comment_status":"closed","ping_status":"closed","sticky":false,"template":"","format":"standard","meta":{"fifu_image_url":"","fifu_image_alt":"","footnotes":""},"categories":[53,79],"tags":[],"class_list":["post-67116","post","type-post","status-publish","format-standard","hentry","category-algerie","category-culture"],"_links":{"self":[{"href":"https:\/\/linitiative.ca\/International\/wp-json\/wp\/v2\/posts\/67116","targetHints":{"allow":["GET"]}}],"collection":[{"href":"https:\/\/linitiative.ca\/International\/wp-json\/wp\/v2\/posts"}],"about":[{"href":"https:\/\/linitiative.ca\/International\/wp-json\/wp\/v2\/types\/post"}],"author":[{"embeddable":true,"href":"https:\/\/linitiative.ca\/International\/wp-json\/wp\/v2\/users\/1790"}],"replies":[{"embeddable":true,"href":"https:\/\/linitiative.ca\/International\/wp-json\/wp\/v2\/comments?post=67116"}],"version-history":[{"count":0,"href":"https:\/\/linitiative.ca\/International\/wp-json\/wp\/v2\/posts\/67116\/revisions"}],"wp:attachment":[{"href":"https:\/\/linitiative.ca\/International\/wp-json\/wp\/v2\/media?parent=67116"}],"wp:term":[{"taxonomy":"category","embeddable":true,"href":"https:\/\/linitiative.ca\/International\/wp-json\/wp\/v2\/categories?post=67116"},{"taxonomy":"post_tag","embeddable":true,"href":"https:\/\/linitiative.ca\/International\/wp-json\/wp\/v2\/tags?post=67116"}],"curies":[{"name":"wp","href":"https:\/\/api.w.org\/{rel}","templated":true}]}}