{"id":67117,"date":"2019-11-11T13:04:08","date_gmt":"2019-11-11T18:04:08","guid":{"rendered":"https:\/\/linitiative.ca\/International\/la-sauvegarde-du-patrimoine-culturel-maghrebin-renforce-la-securite-nationale-de-ses-peuples\/"},"modified":"2019-11-11T13:04:08","modified_gmt":"2019-11-11T18:04:08","slug":"la-sauvegarde-du-patrimoine-culturel-maghrebin-renforce-la-securite-nationale-de-ses-peuples","status":"publish","type":"post","link":"https:\/\/linitiative.ca\/International\/la-sauvegarde-du-patrimoine-culturel-maghrebin-renforce-la-securite-nationale-de-ses-peuples\/","title":{"rendered":"La sauvegarde du patrimoine culturel maghr\u00e9bin renforce la s\u00e9curit\u00e9 nationale de ses peuples"},"content":{"rendered":"<div readability=\"44\">\n<p><strong>CHINGUETTI (MAURITANIE) &#8211; La sauvegarde du patrimoine culturel, mat\u00e9riel et immat\u00e9riel, du Maghreb arabe est \u00e0 m\u00eame de consolider l&rsquo;immunit\u00e9 de ses peuples, raffermir leur coh\u00e9sion sociale et renforcer leur s\u00e9curit\u00e9 nationale, a affirm\u00e9, en Mauritanie, le ministre de la Communication, porte-parole du gouvernement, et ministre par int\u00e9rim de la Culture, Hassane Rabehi.<\/strong><\/p>\n<\/div>\n<div readability=\"122.347003155\">\n<p>Dans une allocution \u00e0 l&rsquo;ouverture de la 9e \u00e9dition du Festival des Villes anciennes de Chinguetti (Mauritanie), dont l&rsquo;Alg\u00e9rie est l&rsquo;invit\u00e9 d&rsquo;honneur, M. Rabehi a exprim\u00e9 sa conviction que l&rsquo;avenir des peuples de la r\u00e9gion \u00ab\u00a0est tributaire de la pr\u00e9servation de notre identit\u00e9 et de nos constantes puis\u00e9es dans notre culture, patrimoine et m\u00e9moire\u00a0\u00bb.<\/p>\n<p>A ce propos, le ministre a mis en avant le patrimoine \u00ab\u00a0s\u00e9culaire, pluriel et diversifi\u00e9\u00a0\u00bb de l&rsquo;Alg\u00e9rie et des pays du Maghreb arabe, qui se partagent, \u00ab\u00a0une histoire mill\u00e9naire\u00a0\u00bb qui leur a permis de contribuer \u00e0 la fondation et l&rsquo;\u00e9dification des civilisations m\u00e9diterran\u00e9ennes, islamiques et africaines, a-t-il dit.<\/p>\n<p>M. Rabehi a \u00e9voqu\u00e9, dans ce sens, le riche patrimoine architectural des pays de la r\u00e9gion \u00ab\u00a0l&rsquo;instar des Ksour et des Casbahs class\u00e9s, que nous nous attelons \u00e0 valoriser dans le cadre du d\u00e9veloppement durable\u00a0\u00bb.<\/p>\n<blockquote readability=\"11\">\n<p><em><strong>La protection et le sauvegarde de ce patrimoine architectural pour sa transmission aux g\u00e9n\u00e9rations futures ont impliqu\u00e9 leur classement en secteurs sauvegard\u00e9s conform\u00e9ment aux recommandations de l&rsquo;Organisation des Nations unies pour l&rsquo;\u00e9ducation, la science et la culture (UNESCO). Un encadrement juridique \u00e0 la faveur duquel ces villes antiques sont soumises aux r\u00e8gles de pr\u00e9servation du patrimoine culturel afin de garantir \u00ab\u00a0la protection globale de leur tissu urbain et de ses espaces tels les b\u00e2tisses, les sites, les ruelles et les Souk\u00a0\u00bb.<\/strong><\/em><\/p>\n<\/blockquote>\n<p>Il a rappel\u00e9, dans ce sens, la cr\u00e9ation, \u00e0 ce jour, de 22 secteurs sauvegard\u00e9s alliant patrimoine culturel mat\u00e9riel et immat\u00e9riel, car se sont des villes arch\u00e9ologiques peupl\u00e9es, \u00ab\u00a0perp\u00e9tuant le patrimoine mat\u00e9riel par leurs murs, murailles et ruelles et le patrimoine immat\u00e9riel par les traditions, les us et les coutumes, qui font leur particularit\u00e9 et sous tendent leur identit\u00e9 singuli\u00e8re\u00a0\u00bb.<\/p>\n<hr\/>\n<h3>Lire aussi:\u00a0<a href=\"http:\/\/www.aps.dz\/culture\/90803-programme-d-appui-a-la-protection-et-valorisation-du-patrimoine-culturel-en-algerie-70-des-objectifs-atteints\" target=\"_blank\" rel=\"noopener noreferrer\">Programme d&rsquo;appui \u00e0 la protection et valorisation du patrimoine culturel en Alg\u00e9rie : 70% des objectifs atteints<\/a><\/h3>\n<hr\/>\n<p>Pour M. Rabehi, \u00ab\u00a0la r\u00e9habilitation des villes anciennes et leur exploitation dans le cadre du d\u00e9veloppement socio\u00e9conomique est\u00a0 \u00ab\u00a0un choix optimal pour nos pays qui aspirent au d\u00e9veloppement durable\u00a0\u00bb, ajoutant que l&rsquo;investissement dans le patrimoine culturel est un axe important auquel il convient de r\u00e9fl\u00e9chir.<\/p>\n<blockquote readability=\"12\">\n<p><em><strong>\u00ab\u00a0Combien m\u00eame les facteurs du temps impactent-ils les villes anciennes, leur \u00e2me continuera \u00e0 vivre tant que leur culture et leur patrimoine continuent \u00e0 battre dans le coeur de leurs habitants\u00a0\u00bb, a-t-il poursuivi, pr\u00e9cisant que \u00ab\u00a0leur r\u00e9habilitation ne peut se limiter \u00e0 leur restauration et r\u00e9novation, mais n\u00e9cessit\u00e9 \u00e9galement la revalorisation de leur patrimoine immat\u00e9riel\u00a0\u00bb.<\/strong><\/em><\/p>\n<\/blockquote>\n<p>Evoquant le Festival des Villes anciennes \u00e0 Chinguetti, le ministre par int\u00e9rim de la Culture a estim\u00e9 que l&rsquo;institution de cette manifestation t\u00e9moigne de l&rsquo;importance qu&rsquo;accorde la Mauritanie au patrimoine culturel architectural dans la pr\u00e9servation de la m\u00e9moire, soulignant que ces civilisations et legs \u00ab\u00a0nous ont fa\u00e7onn\u00e9 en tant que pays maghr\u00e9bins et africains et en tant que peuples profond\u00e9ment ancr\u00e9s dans l&rsquo;histoire des cultures humaines\u00a0\u00bb.<\/p>\n<p>Dans ce cadre, M. Rabehi a salu\u00e9 la pr\u00e9servation par la ville antique de Chinguetti de son legs, qui lui a permis de demeurer \u00ab\u00a0un phare et un lien sacr\u00e9 de par les \u0153uvres de ses Oul\u00e9mas \u00e0 travers l&rsquo;histoire\u00a0\u00bb.<\/p>\n<hr\/>\n<h3>Lire aussi:\u00a0<a href=\"http:\/\/www.aps.dz\/culture\/91632-session-de-formation-internationale-a-alger-a-la-sauvegarde-du-patrimoine-culturel-immateriel\" target=\"_blank\" rel=\"noopener noreferrer\">Session de formation internationale \u00e0 Alger \u00e0 la sauvegarde du patrimoine culturel immat\u00e9riel<\/a><\/h3>\n<hr\/>\n<p>Cette ville, qui a toujours \u00e9t\u00e9 un haut lieu de rayonnement des zaou\u00efas, qui ont laiss\u00e9 leur empreinte dans l&rsquo;histoire de la r\u00e9gion gr\u00e2ce \u00e0 leurs apports \u00e0 travers les si\u00e8cles et l&rsquo;\u00e9tablissement d&rsquo;une relation interactive \u00e9troite avec les autres civilisations\u00a0\u00bb, a-t-il dit citant particuli\u00e8rement Tlemcen, Adrar, Touat, Biskra, Beja\u00efa et Tihert en Alg\u00e9rie.<\/p>\n<p>Le ministre a rappel\u00e9 en outre que Chinguetti a \u00e9t\u00e9 un lieu de rencontre avec les Oul\u00e9mas d&rsquo;Alg\u00e9rie, notamment le Cheikh Abdelkrim El Meghili, qui a eu un r\u00f4le pr\u00e9pond\u00e9rant dans la diffusion de la science et du message de l&rsquo;Islam en Afrique\u00a0\u00bb.<\/p>\n<blockquote readability=\"10\">\n<p><em><strong>M. Rabehi a tenu \u00e0 exprimer la consid\u00e9ration que voue l&rsquo;Alg\u00e9rie \u00e0 la Mauritanie, pays fr\u00e8re pour \u00ab\u00a0ses efforts visant \u00e0 assurer la prosp\u00e9rit\u00e9 de ses enfants, consolider les liens entre les deux peuples afin de hisser la coop\u00e9ration bilat\u00e9rale au service de la compl\u00e9mentarit\u00e9 escompt\u00e9e dans divers domaines\u00a0\u00bb.<\/strong><\/em><\/p>\n<\/blockquote>\n<p>S&rsquo;adressant au pr\u00e9sident de la R\u00e9publique islamique de Mauritanie, Mohamed Ould Ahmed Ghazouani, M. Rabehi s&rsquo;est r\u00e9jouit du choix de l&rsquo;Alg\u00e9rie en tant qu&rsquo;invit\u00e9 d&rsquo;honneur du Festival des Villes anciennes de Chinguetti, f\u00e9licitant le peuple mauritanien qui s&rsquo;appr\u00eate \u00e0 c\u00e9l\u00e9brer le 59e anniversaire de son ind\u00e9pendance.<\/p>\n<\/div>\n<p>Auteur:<br \/>\n<a href=\"http:\/\/www.aps.dz\/culture\/97249-la-sauvegarde-du-patrimoine-culturel-maghrebin-renforce-la-securite-nationale-de-ses-peuples\">Cliquez ici pour lire l&rsquo;article depuis sa source.<\/a><\/p>\n","protected":false},"excerpt":{"rendered":"<p>CHINGUETTI (MAURITANIE) &#8211; La sauvegarde du patrimoine culturel, mat\u00e9riel et immat\u00e9riel, du Maghreb arabe est \u00e0 m\u00eame de consolider l&rsquo;immunit\u00e9 de ses peuples, raffermir leur coh\u00e9sion sociale et renforcer leur s\u00e9curit\u00e9 nationale, a affirm\u00e9, en Mauritanie, le ministre de la Communication, porte-parole du gouvernement, et ministre par int\u00e9rim de la Culture, Hassane Rabehi. Dans une [&hellip;]<\/p>\n","protected":false},"author":1790,"featured_media":0,"comment_status":"closed","ping_status":"closed","sticky":false,"template":"","format":"standard","meta":{"fifu_image_url":"","fifu_image_alt":"","footnotes":""},"categories":[53,79],"tags":[],"class_list":["post-67117","post","type-post","status-publish","format-standard","hentry","category-algerie","category-culture"],"_links":{"self":[{"href":"https:\/\/linitiative.ca\/International\/wp-json\/wp\/v2\/posts\/67117","targetHints":{"allow":["GET"]}}],"collection":[{"href":"https:\/\/linitiative.ca\/International\/wp-json\/wp\/v2\/posts"}],"about":[{"href":"https:\/\/linitiative.ca\/International\/wp-json\/wp\/v2\/types\/post"}],"author":[{"embeddable":true,"href":"https:\/\/linitiative.ca\/International\/wp-json\/wp\/v2\/users\/1790"}],"replies":[{"embeddable":true,"href":"https:\/\/linitiative.ca\/International\/wp-json\/wp\/v2\/comments?post=67117"}],"version-history":[{"count":0,"href":"https:\/\/linitiative.ca\/International\/wp-json\/wp\/v2\/posts\/67117\/revisions"}],"wp:attachment":[{"href":"https:\/\/linitiative.ca\/International\/wp-json\/wp\/v2\/media?parent=67117"}],"wp:term":[{"taxonomy":"category","embeddable":true,"href":"https:\/\/linitiative.ca\/International\/wp-json\/wp\/v2\/categories?post=67117"},{"taxonomy":"post_tag","embeddable":true,"href":"https:\/\/linitiative.ca\/International\/wp-json\/wp\/v2\/tags?post=67117"}],"curies":[{"name":"wp","href":"https:\/\/api.w.org\/{rel}","templated":true}]}}