{"id":67120,"date":"2019-11-11T13:04:20","date_gmt":"2019-11-11T18:04:20","guid":{"rendered":"https:\/\/linitiative.ca\/International\/10e-fica-projection-de-lenvers-de-lhistoire-parcours-dune-militante-en-serbie\/"},"modified":"2019-11-11T13:04:20","modified_gmt":"2019-11-11T18:04:20","slug":"10e-fica-projection-de-lenvers-de-lhistoire-parcours-dune-militante-en-serbie","status":"publish","type":"post","link":"https:\/\/linitiative.ca\/International\/10e-fica-projection-de-lenvers-de-lhistoire-parcours-dune-militante-en-serbie\/","title":{"rendered":"10e Fica : projection de \u00ab\u00a0L&rsquo;envers de l&rsquo;histoire\u00a0\u00bb, parcours d&rsquo;une militante en Serbie"},"content":{"rendered":"<div readability=\"36\">\n<p><strong>ALGER &#8211; Le long m\u00e9trage documentaire \u00ab\u00a0L&rsquo;envers de l&rsquo;histoire\u00a0\u00bb, portrait de la militante et universitaire serbe Srbijanka Turajlic et de sa famille avec un focus sur son parcours durant les ann\u00e9es1990, r\u00e9alis\u00e9e par la Serbe Mila Turajlic a \u00e9t\u00e9 projet\u00e9 dimanche au public.<\/strong><\/p>\n<\/div>\n<div readability=\"72\">\n<p>D&rsquo;une dur\u00e9e de 103 mn, ce film a \u00e9t\u00e9 projet\u00e9 en comp\u00e9tition documentaire du 10e Festival international du cin\u00e9ma engag\u00e9 qui se tient depuis jeudi \u00e0 la salle Ibn Zaydoun.<\/p>\n<p>Le film commence par une conversation entre la r\u00e9alisatrice et sa m\u00e8re militante dans un appartement de Belgrade que poss\u00e8de la famille depuis trois g\u00e9n\u00e9rations et qui a \u00e9t\u00e9 divis\u00e9 \u00e0 la fin des ann\u00e9es 1940, jug\u00e9 trop grand pour une seule famille par les services de s\u00e9curit\u00e9 yougoslave.<\/p>\n<p>Cet appartement divis\u00e9 \u00e0 l&rsquo;\u00e9poque communiste puis r\u00e9unifi\u00e9 plus de cinquante ans plus tard repr\u00e9sente \u00e0 lui seul l&rsquo;histoire de ce pays qui a pris plusieurs formes et plusieurs couleurs politiques.<\/p>\n<p>Professeur de math\u00e9matique \u00e0 l&rsquo;universit\u00e9 de Belgrade, Srbijanka Turajlicraconte son parcours de militante qui a accompagn\u00e9 et encadr\u00e9 les mouvements de protestation des \u00e9tudiants contre l&rsquo;instabilit\u00e9 politique, la politique de Slobodan Milosevic et la guerre civile qui a d\u00e9chir\u00e9 le pays.\u00a0\u00a0\u00a0\u00a0\u00a0\u00a0\u00a0\u00a0\u00a0\u00a0\u00a0<\/p>\n<p>Avec ses amis universitaires la militante raconte le d\u00e9chirement de l&rsquo;\u00e9lite intellectuelle mais aussi au sein de la population qui s&rsquo;est<\/p>\n<p>souvent retrouv\u00e9e face \u00e0 face dans des confrontations sanglantes ainsi que la duret\u00e9 de la crise \u00e9conomique qu&rsquo;a travers\u00e9 la Serbie.<\/p>\n<p>Entre deux t\u00e2ches m\u00e9nag\u00e8res ou deux passages \u00e0 la t\u00e9l\u00e9vision la militante \u00e9voque sa prise de responsabilit\u00e9 et les cons\u00e9quences en r\u00e9sultant avec des images d&rsquo;archives de ces discours. Elle explique \u00e9galement des conflits ethnique et religieux cr\u00e9\u00e9s de toute pi\u00e8ce pour accro\u00eetre l&rsquo;intensit\u00e9 de la crise.<\/p>\n<p>Pr\u00e8s de vingt ans apr\u00e8s la chute de Slobodan Milosevic (en octobre 2000), Srbijanka Turajlic porte un regard tr\u00e8s critique sur l&rsquo;\u00e9volution de la vie politique de son pays avouant de mani\u00e8re tr\u00e8s philosophique son \u00ab\u00a0\u00e9chec en mati\u00e8re de lutte pour les libert\u00e9s\u00a0\u00bb et reprochant \u00e0 l&rsquo;\u00e9lite de ne pas avoir trac\u00e9 l&rsquo;apr\u00e8s octobre 2000.<\/p>\n<p>Inaugur\u00e9 jeudi, le 10e Fica se poursuit jusqu&rsquo;au 16 novembre avec encore au programme de la cat\u00e9gorie documentaire \u00ab\u00a0Sur les traces de Mamani Abdoulaye\u00a0\u00bb de la nig\u00e9rienne Amina Abdoulaye Mamani ou \u00ab\u00a0L&rsquo;\u00e9cole du changement\u00a0\u00bb co r\u00e9alis\u00e9 par l&rsquo;Alg\u00e9rien Chergui Kharroubi et la Belge Anna Shiffmann.<\/p>\n<\/div>\n<p>Auteur:<br \/>\n<a href=\"http:\/\/www.aps.dz\/culture\/97273-10e-fica-projection-de-l-envers-de-l-histoire-parcours-d-une-militante-en-serbie\">Cliquez ici pour lire l&rsquo;article depuis sa source.<\/a><\/p>\n","protected":false},"excerpt":{"rendered":"<p>ALGER &#8211; Le long m\u00e9trage documentaire \u00ab\u00a0L&rsquo;envers de l&rsquo;histoire\u00a0\u00bb, portrait de la militante et universitaire serbe Srbijanka Turajlic et de sa famille avec un focus sur son parcours durant les ann\u00e9es1990, r\u00e9alis\u00e9e par la Serbe Mila Turajlic a \u00e9t\u00e9 projet\u00e9 dimanche au public. D&rsquo;une dur\u00e9e de 103 mn, ce film a \u00e9t\u00e9 projet\u00e9 en comp\u00e9tition [&hellip;]<\/p>\n","protected":false},"author":1790,"featured_media":0,"comment_status":"closed","ping_status":"closed","sticky":false,"template":"","format":"standard","meta":{"fifu_image_url":"","fifu_image_alt":"","footnotes":""},"categories":[53,79],"tags":[],"class_list":["post-67120","post","type-post","status-publish","format-standard","hentry","category-algerie","category-culture"],"_links":{"self":[{"href":"https:\/\/linitiative.ca\/International\/wp-json\/wp\/v2\/posts\/67120","targetHints":{"allow":["GET"]}}],"collection":[{"href":"https:\/\/linitiative.ca\/International\/wp-json\/wp\/v2\/posts"}],"about":[{"href":"https:\/\/linitiative.ca\/International\/wp-json\/wp\/v2\/types\/post"}],"author":[{"embeddable":true,"href":"https:\/\/linitiative.ca\/International\/wp-json\/wp\/v2\/users\/1790"}],"replies":[{"embeddable":true,"href":"https:\/\/linitiative.ca\/International\/wp-json\/wp\/v2\/comments?post=67120"}],"version-history":[{"count":0,"href":"https:\/\/linitiative.ca\/International\/wp-json\/wp\/v2\/posts\/67120\/revisions"}],"wp:attachment":[{"href":"https:\/\/linitiative.ca\/International\/wp-json\/wp\/v2\/media?parent=67120"}],"wp:term":[{"taxonomy":"category","embeddable":true,"href":"https:\/\/linitiative.ca\/International\/wp-json\/wp\/v2\/categories?post=67120"},{"taxonomy":"post_tag","embeddable":true,"href":"https:\/\/linitiative.ca\/International\/wp-json\/wp\/v2\/tags?post=67120"}],"curies":[{"name":"wp","href":"https:\/\/api.w.org\/{rel}","templated":true}]}}