{"id":67128,"date":"2019-11-11T08:20:18","date_gmt":"2019-11-11T13:20:18","guid":{"rendered":"https:\/\/linitiative.ca\/International\/cloture-de-lagri-days-essaouira\/"},"modified":"2019-11-11T08:20:18","modified_gmt":"2019-11-11T13:20:18","slug":"cloture-de-lagri-days-essaouira","status":"publish","type":"post","link":"https:\/\/linitiative.ca\/International\/cloture-de-lagri-days-essaouira\/","title":{"rendered":"Cl\u00f4ture de \u00ab\u00a0l\u2019Agri Days Essaouira\u00a0\u00bb"},"content":{"rendered":"<div readability=\"39\">\n<p>Essaouira \u2013 Le rideau est tomb\u00e9, dimanche \u00e0 Essaouira, sur le Salon des produits de terroirs et de l\u2019\u00e9levage d\u2019Essaouira, un \u00e9v\u00e9nement baptis\u00e9 \u00ab\u00a0Agri Days Essaouira\u00a0\u00bb, et d\u00e9di\u00e9 \u00e0 mettre en lumi\u00e8re le potentiel agricole riche et diversifi\u00e9 dont regorge cette partie du territoire national.<\/p>\n<\/div>\n<div readability=\"139\">\n<p>Plac\u00e9 sous le th\u00e8me \u00a0\u00bbLe Salon des Produits de Terroirs et de l\u2019Elevage d\u2019Essaouira : Histoire, Go\u00fbts et Savoir-faire\u00a0\u00bb, cet \u00e9v\u00e9nement de trois jours a \u00e9t\u00e9 organis\u00e9 par la Direction Provinciale de l\u2019Agriculture (DPA) d\u2019Essaouira et la Direction R\u00e9gionale de l\u2019Agriculture de Marrakech-Safi, avec l\u2019appui de la Province d\u2019Essaouira et en partenariat avec l\u2019Agence du D\u00e9veloppement Agricole, la Chambre d\u2019Agriculture Marrakech-Safi et l\u2019Office National du Conseil Agricole (ONCA).<\/p>\n<p>Ce Salon, qui a b\u00e9n\u00e9fici\u00e9 \u00e9galement du concours de l\u2019Office National de S\u00e9curit\u00e9 Sanitaire des produits Alimentaires (ONSSA), de l\u2019Association Nationale des \u00e9leveurs Ovins et Caprins et de l\u2019Agence Nationale pour le D\u00e9veloppement des Zones Oasiennes et de l\u2019Arganier (ANDZOA), s\u2019inscrit dans le cadre de la strat\u00e9gie du \u00ab\u00a0Plan Maroc Vert\u00a0\u00bb visant \u00e0 promouvoir l\u2019agriculture solidaire, dont les produits de terroirs et l\u2019\u00e9levage des petits ruminants, constituent une composante importante et jouent un r\u00f4le ind\u00e9niable dans l\u2019am\u00e9lioration du revenu de la femme rurale et la cr\u00e9ation d\u2019emplois au niveau des zones d\u00e9favoris\u00e9es.<\/p>\n<p>La c\u00e9r\u00e9monie de cl\u00f4ture de ce Salon a \u00e9t\u00e9 ponctu\u00e9e par la projection d\u2019un film-documentaire mettant en avant les grandes r\u00e9alisations, les changements positifs ainsi que le bilan reluisant du \u00ab\u00a0Plan Maroc Vert\u00a0\u00bb au niveau de la province d\u2019Essaouira, avec un focus sur les \u00ab\u00a0success-stories\u00a0\u00bb ayant permis l\u2019am\u00e9lioration des revenus des agriculteurs, notamment des femmes rurales et la promotion de leurs conditions socio-\u00e9conomiques.<\/p>\n<p>L\u2019un des moments forts de cette manifestation a \u00e9t\u00e9 \u00e9galement la c\u00e9r\u00e9monie de remise des Prix aux participants \u00e0 un Concours d\u2019\u00e9levage de Caprins et d\u2019Ovins parmi les professionnels de cette fili\u00e8re issus de la province d\u2019Essaouira.<\/p>\n<p>Approch\u00e9 par la MAP, le directeur provincial de l\u2019Agriculture \u00e0 Essaouira, M. Ahmed Najid s\u2019est f\u00e9licit\u00e9 des conditions d\u2019organisation de ce Salon qui, a-t-il dit, a offert une plateforme idoine d\u2019\u00e9change entre les participants dans l\u2019optique de capitaliser sur les cas de succ\u00e8s et d\u2019\u00eatre \u00e0 l\u2019\u00e9coute du consommateur pour une meilleure adaptation continuelle aux exigences du march\u00e9.<\/p>\n<p>\u00ab\u00a0Ce Salon nous a permis de mettre en lumi\u00e8re et de communiquer autour des produits de terroirs et d\u2019\u00e9levage que rec\u00e8le la province d\u2019Essaouira, lesquels sont r\u00e9put\u00e9s par leur qualit\u00e9 sup\u00e9rieure et de mieux informer le public et les professionnels du secteur des diff\u00e9rents acquis et projets r\u00e9alis\u00e9s dans le cadre du Plan Maroc Vert\u00a0\u00bb, a-t-il poursuivi.<\/p>\n<p>\u00ab\u00a0L\u2019Agri Days Essaouira\u00a0\u00bb a servi d\u2019espace idoine pour plus d\u2019une quarantaine de coop\u00e9ratives, dont d\u2019une trentaine issues de la province, en vue d\u2019exposer leurs produits de terroirs et de les faire conna\u00eetre davantage aupr\u00e8s des visiteurs de ce Salon, a-t-il dit, mettant en avant la place qu\u2019occupe ces produits dans la culture populaire et la vie quotidienne au niveau local.<\/p>\n<p>Le Salon des produits de terroirs et de l\u2019\u00e9levage d\u2019Essaouira a permis aussi de mettre en lumi\u00e8re les efforts d\u00e9ploy\u00e9s par l\u2019Etat en vue de mettre \u00e0 niveau ces coop\u00e9ratives et de leur permettre de tirer vers le haut la qualit\u00e9 de leurs produits, ce qui leur a permis de d\u00e9crocher haut la main, l\u2019agr\u00e9ment de l\u2019ONSSA, s\u2019est f\u00e9licit\u00e9 M. Najid.<\/p>\n<p>Tout en rappelant que la province d\u2019Essaouira dispose de potentialit\u00e9s agricoles \u00e9normes et diversifi\u00e9es, notamment des produits de terroirs \u00e0 m\u00eame de faire de la province d\u2019Essaouira \u00ab\u00a0une r\u00e9f\u00e9rence\u00a0\u00bb en la mati\u00e8re, M. Najid a mis en lumi\u00e8re l\u2019importance du P\u00f4le \u00e9levage de l\u2019Agri Days Essaouira, en ce sens qu\u2019il a servi d\u2019occasion pour s\u2019arr\u00eater sur l\u2019importance de cette fili\u00e8re en termes d\u2019\u00e9volution g\u00e9n\u00e9tique surtout que la province d\u2019Essaouira dispose du chevreau de l\u2019Arganier.<\/p>\n<p>\u00ab\u00a0Notre objectif est de parvenir \u00e0 garantir cet \u00e9quilibre entre l\u2019\u00e9levage de cette esp\u00e8ce \u00e0 forte valeur ajout\u00e9e et l\u2019imp\u00e9ratif de la pr\u00e9servation du domaine arganier\u00a0\u00bb, a-t-il expliqu\u00e9, notant que la DPA demeure engag\u00e9e \u00e0 d\u00e9ployer tous les efforts visant \u00e0 renforcer la productivit\u00e9 et \u00e0 am\u00e9liorer les conditions socio-\u00e9conomiques des agriculteurs, notamment les femmes rurales et les jeunes et ce, dans le cadre de la promotion de l\u2019agriculture solidaire.<\/p>\n<p>Ce salon a permis aussi \u00e0 travers \u00ab\u00a0le P\u00f4le des Produits de Terroir\u00a0\u00bb de rapprocher les visiteurs (consommateurs) de ces produits offerts par des producteurs locaux repr\u00e9sent\u00e9s par des organisations professionnelles ma\u00eetrisant un savoir-faire ancestral traduit en go\u00fbts et saveurs authentiques.<\/p>\n<p>Quant au second P\u00f4le, articul\u00e9 autour de l\u2019\u00e9levage, il a eu pour finalit\u00e9 d\u2019attirer l\u2019attention des \u00e9leveurs de caprins et de les sensibiliser sur l\u2019importance de ce secteur et surtout, de mettre en avant les opportunit\u00e9s possibles pour le valoriser et le d\u00e9velopper.<\/p>\n<p>En mati\u00e8re d\u2019encadrement et d\u2019appui aux agriculteurs, des activit\u00e9s ont \u00e9t\u00e9 programm\u00e9es par l\u2019ONCA et la chambre d\u2019agriculture Marrakech-Safi autour de deux th\u00e9matiques majeures \u00e0 savoir : \u00ab\u00a0Valorisation et qualit\u00e9 des produits de terroir : levier pour l\u2019am\u00e9lioration de la situation socio-\u00e9conomique de la femme rurale\u00a0\u00bb et \u00ab\u00a0D\u00e9veloppement de la fili\u00e8re viande rouge : acquis et perspectives\u00a0\u00bb.<\/p>\n<p>Selon les chiffres communiqu\u00e9s par la DRA de Marrakech-Safi, les produits de terroirs ont b\u00e9n\u00e9fici\u00e9 d\u2019une attention particuli\u00e8re dans le cadre du Plan Agricole R\u00e9gional Marrakech Safi, avec une enveloppe de 8 millions de DH, mobilis\u00e9e pour la construction, l\u2019am\u00e9nagement et l\u2019\u00e9quipement de 30 unit\u00e9s de valorisation au profit de coop\u00e9ratives et groupements de la r\u00e9gion, dont plus de 50% constitu\u00e9s de femmes rurales.<\/p>\n<\/div>\n<p>Auteur: Meriem IGASS<br \/>\n<a href=\"http:\/\/www.mapmarrakech.ma\/fr\/terroirs\/\">Cliquez ici pour lire l&rsquo;article depuis sa source.<\/a><\/p>\n","protected":false},"excerpt":{"rendered":"<p>Essaouira \u2013 Le rideau est tomb\u00e9, dimanche \u00e0 Essaouira, sur le Salon des produits de terroirs et de l\u2019\u00e9levage d\u2019Essaouira, un \u00e9v\u00e9nement baptis\u00e9 \u00ab\u00a0Agri Days Essaouira\u00a0\u00bb, et d\u00e9di\u00e9 \u00e0 mettre en lumi\u00e8re le potentiel agricole riche et diversifi\u00e9 dont regorge cette partie du territoire national. Plac\u00e9 sous le th\u00e8me \u00a0\u00bbLe Salon des Produits de Terroirs [&hellip;]<\/p>\n","protected":false},"author":1788,"featured_media":0,"comment_status":"closed","ping_status":"closed","sticky":false,"template":"","format":"standard","meta":{"fifu_image_url":"","fifu_image_alt":"","footnotes":""},"categories":[54,76],"tags":[],"class_list":["post-67128","post","type-post","status-publish","format-standard","hentry","category-maroc","category-regions"],"_links":{"self":[{"href":"https:\/\/linitiative.ca\/International\/wp-json\/wp\/v2\/posts\/67128","targetHints":{"allow":["GET"]}}],"collection":[{"href":"https:\/\/linitiative.ca\/International\/wp-json\/wp\/v2\/posts"}],"about":[{"href":"https:\/\/linitiative.ca\/International\/wp-json\/wp\/v2\/types\/post"}],"author":[{"embeddable":true,"href":"https:\/\/linitiative.ca\/International\/wp-json\/wp\/v2\/users\/1788"}],"replies":[{"embeddable":true,"href":"https:\/\/linitiative.ca\/International\/wp-json\/wp\/v2\/comments?post=67128"}],"version-history":[{"count":0,"href":"https:\/\/linitiative.ca\/International\/wp-json\/wp\/v2\/posts\/67128\/revisions"}],"wp:attachment":[{"href":"https:\/\/linitiative.ca\/International\/wp-json\/wp\/v2\/media?parent=67128"}],"wp:term":[{"taxonomy":"category","embeddable":true,"href":"https:\/\/linitiative.ca\/International\/wp-json\/wp\/v2\/categories?post=67128"},{"taxonomy":"post_tag","embeddable":true,"href":"https:\/\/linitiative.ca\/International\/wp-json\/wp\/v2\/tags?post=67128"}],"curies":[{"name":"wp","href":"https:\/\/api.w.org\/{rel}","templated":true}]}}