{"id":67129,"date":"2019-11-11T13:18:18","date_gmt":"2019-11-11T18:18:18","guid":{"rendered":"https:\/\/linitiative.ca\/International\/mobilisation-pour-le-nettoyage-de-la-ceinture-verte\/"},"modified":"2019-11-11T13:18:18","modified_gmt":"2019-11-11T18:18:18","slug":"mobilisation-pour-le-nettoyage-de-la-ceinture-verte","status":"publish","type":"post","link":"https:\/\/linitiative.ca\/International\/mobilisation-pour-le-nettoyage-de-la-ceinture-verte\/","title":{"rendered":"Mobilisation pour le nettoyage de la ceinture verte"},"content":{"rendered":"<div readability=\"37\">\n<p>Essaouira \u2013 Plusieurs acteurs associatifs, des jeunes et des enfants se sont mobilis\u00e9s, le weekend dernier, dans le cadre d\u2019une action \u00e9cologique destin\u00e9e \u00e0 nettoyer la ceinture verte d\u2019Essaouira.<\/p>\n<\/div>\n<div readability=\"81\">\n<p>Cette initiative, organis\u00e9e par l\u2019Association Jeunesse Action et l\u2019Association des Chameliers d\u2019Essaouria, avec le concours des Associations \u00ab\u00a0Au coeur de l\u2019Amiti\u00e9\u00a0\u00bb, \u00ab\u00a0Darna\u00a0\u00bb, \u00ab\u00a0Ibtissama\u00a0\u00bb et \u00ab\u00a0Bayti\u00a0\u00bb, entre autres, a rassembl\u00e9 plus de 150 b\u00e9n\u00e9voles, tous d\u00e9termin\u00e9s \u00e0 apporter leur contribution aux efforts visant le nettoyage de la cit\u00e9 des Aliz\u00e9s et la pr\u00e9servation de son cachet de \u00ab\u00a0cit\u00e9 \u00e9cologique\u00a0\u00bb.<\/p>\n<p>Cette op\u00e9ration a permis ainsi la collecte de pas moins de 3 tonnes de d\u00e9chets par des b\u00e9n\u00e9voles appuy\u00e9s dans cette action par la Direction Provinciale des Eaux et For\u00eats et de la Lutte contre la D\u00e9sertification, les autorit\u00e9s locales et la Soci\u00e9t\u00e9 de nettoyage \u00ab\u00a0Ozone\u00a0\u00bb et ses \u00e9quipes.<\/p>\n<p>Cette action, qui s\u2019est d\u00e9roul\u00e9e dans d\u2019excellentes conditions, fait suite \u00e0 une initiative similaire qui consistait en un nettoyage collectif de la plage d\u2019Essaouira, organis\u00e9e depuis le mois de d\u00e9cembre 2018, tous les dimanches, par les b\u00e9n\u00e9voles de \u00ab\u00a0Beach Cleaning Essaouira\u00a0\u00bb.<\/p>\n<p>Une v\u00e9ritable dynamique citoyenne s\u2019est cr\u00e9\u00e9e depuis lors, reprise dans le cadre du projet Essaouira Innovation Lab et dont les forces vives se retrouvent maintenant au sein d\u2019un groupe de r\u00e9flexion sur l\u2019environnement, la gestion des d\u00e9chets et bien entendu sur la modification des comportements \u00e0 l\u2019\u00e9chelle du territoire de la Province.<\/p>\n<p>Suite \u00e0 cette op\u00e9ration amplement r\u00e9ussie, les participants ont propos\u00e9 de formaliser ces actions de nettoyage avec deux temps forts mensuels : un dimanche de chaque mois consacr\u00e9 \u00e0 la ceinture verte car il reste encore beaucoup \u00e0 faire et un dimanche par mois d\u00e9di\u00e9 \u00e0 la plage o\u00f9 l\u00e0 aussi les d\u00e9chets s\u2019amoncellent au fil du temps.<\/p>\n<p>Un projet dont la concr\u00e9tisation n\u00e9cessite, d\u2019une part, le soutien renouvel\u00e9 des acteurs locaux afin d\u2019en faciliter la r\u00e9alisation r\u00e9guli\u00e8re et, d\u2019autre part, la participation des habitants et associations des quartiers concern\u00e9s, dont la sensibilisation \u00e0 cette probl\u00e9matique s\u2019av\u00e8re primordiale et de toute n\u00e9cessit\u00e9 et ce, dans une optique de pr\u00e9servation et d\u2019am\u00e9lioration continue du cadre de vie au niveau de la cit\u00e9 des Aliz\u00e9s.<\/p>\n<\/div>\n<p>Auteur: Meriem IGASS<br \/>\n<a href=\"http:\/\/www.mapmarrakech.ma\/fr\/nettoyage\/\">Cliquez ici pour lire l&rsquo;article depuis sa source.<\/a><\/p>\n","protected":false},"excerpt":{"rendered":"<p>Essaouira \u2013 Plusieurs acteurs associatifs, des jeunes et des enfants se sont mobilis\u00e9s, le weekend dernier, dans le cadre d\u2019une action \u00e9cologique destin\u00e9e \u00e0 nettoyer la ceinture verte d\u2019Essaouira. Cette initiative, organis\u00e9e par l\u2019Association Jeunesse Action et l\u2019Association des Chameliers d\u2019Essaouria, avec le concours des Associations \u00ab\u00a0Au coeur de l\u2019Amiti\u00e9\u00a0\u00bb, \u00ab\u00a0Darna\u00a0\u00bb, \u00ab\u00a0Ibtissama\u00a0\u00bb et \u00ab\u00a0Bayti\u00a0\u00bb, entre [&hellip;]<\/p>\n","protected":false},"author":1788,"featured_media":0,"comment_status":"closed","ping_status":"closed","sticky":false,"template":"","format":"standard","meta":{"fifu_image_url":"","fifu_image_alt":"","footnotes":""},"categories":[54,76],"tags":[],"class_list":["post-67129","post","type-post","status-publish","format-standard","hentry","category-maroc","category-regions"],"_links":{"self":[{"href":"https:\/\/linitiative.ca\/International\/wp-json\/wp\/v2\/posts\/67129","targetHints":{"allow":["GET"]}}],"collection":[{"href":"https:\/\/linitiative.ca\/International\/wp-json\/wp\/v2\/posts"}],"about":[{"href":"https:\/\/linitiative.ca\/International\/wp-json\/wp\/v2\/types\/post"}],"author":[{"embeddable":true,"href":"https:\/\/linitiative.ca\/International\/wp-json\/wp\/v2\/users\/1788"}],"replies":[{"embeddable":true,"href":"https:\/\/linitiative.ca\/International\/wp-json\/wp\/v2\/comments?post=67129"}],"version-history":[{"count":0,"href":"https:\/\/linitiative.ca\/International\/wp-json\/wp\/v2\/posts\/67129\/revisions"}],"wp:attachment":[{"href":"https:\/\/linitiative.ca\/International\/wp-json\/wp\/v2\/media?parent=67129"}],"wp:term":[{"taxonomy":"category","embeddable":true,"href":"https:\/\/linitiative.ca\/International\/wp-json\/wp\/v2\/categories?post=67129"},{"taxonomy":"post_tag","embeddable":true,"href":"https:\/\/linitiative.ca\/International\/wp-json\/wp\/v2\/tags?post=67129"}],"curies":[{"name":"wp","href":"https:\/\/api.w.org\/{rel}","templated":true}]}}