{"id":67130,"date":"2019-11-11T13:37:08","date_gmt":"2019-11-11T18:37:08","guid":{"rendered":"https:\/\/linitiative.ca\/International\/debat-sur-les-enjeux-de-lagriculture-biologique\/"},"modified":"2019-11-11T13:37:08","modified_gmt":"2019-11-11T18:37:08","slug":"debat-sur-les-enjeux-de-lagriculture-biologique","status":"publish","type":"post","link":"https:\/\/linitiative.ca\/International\/debat-sur-les-enjeux-de-lagriculture-biologique\/","title":{"rendered":"D\u00e9bat sur les enjeux de l\u2019Agriculture Biologique"},"content":{"rendered":"<div readability=\"40\">\n<p>Marrakech \u2013 Les enjeux et d\u00e9fis \u00e0 relever par l\u2019Agriculture Biologique sont au centre des d\u00e9bats, \u00e0 Marrakech, \u00e0 l\u2019occasion de la Premi\u00e8re Conf\u00e9rence UE-Nord Africaine sur l\u2019agriculture biologique \u00ab\u00a0EU\/North-African Conference on Organic Agriculture\u00a0\u00bb (EU-NACOA), qui se tient les 11 et 12 novembre, sous le th\u00e8me \u00ab\u00a0Bridging the Gap, empowering Organic Africa\u00a0\u00bb.<\/p>\n<\/div>\n<div readability=\"190.5\">\n<p>Initi\u00e9e par l\u2019Institut National de la Recherche Agronomique (INRA) avec le concours de la Soci\u00e9t\u00e9 Internationale de Recherche pour l\u2019Agriculture Biologique (International Society of Organic Farming Research\/ISOFAR), et en collaboration notamment avec le minist\u00e8re de l\u2019Agriculture, de la P\u00eache maritime, du D\u00e9veloppement rural et des Eaux et For\u00eats, l\u2019Universit\u00e9 Mohammed VI Polytechnique (UM6P) de Bengu\u00e9rir, l\u2019Universit\u00e9 Cadi Ayyad de Marrakech, la F\u00e9d\u00e9ration Interprofessionnelle Marocaine de la Fili\u00e8re Bio (FIMABIO), l&rsquo;\u00a0\u00bbAfrican Organic Network\u00a0\u00bb (AfrONet), ainsi que d\u2019autres partenaires, cette Conf\u00e9rence conna\u00eet la participation de nombreux acteurs et experts marocains, europ\u00e9ens et africains pionniers dans ce domaine \u00e0 l\u2019\u00e9chelle mondiale.<\/p>\n<p>Ce conclave, dont les d\u00e9bats s\u2019articuleront autour des solutions et pratiques culturales et d\u2019\u00e9levage soucieuses du respect des \u00e9quilibres naturels et de l\u2019environnement, r\u00e9unit divers intervenants dans le domaine de l\u2019agriculture biologique, afin d\u2019identifier les moyens de r\u00e9duire l\u2019\u00e9cart actuel entre l\u2019Afrique et l\u2019Europe dans ce domaine.<\/p>\n<p>Cette rencontre se veut ainsi un espace privil\u00e9gi\u00e9 de discussions et de d\u00e9bats, qui offre des opportunit\u00e9s de collaboration et d\u2019\u00e9change d\u2019exp\u00e9riences aussi bien aux experts qu\u2019aux chercheurs, producteurs et d\u00e9cideurs africains et europ\u00e9ens, sp\u00e9cialis\u00e9s dans l\u2019agriculture biologique.<\/p>\n<p>Elle s\u2019assigne aussi pour objectifs de promouvoir la coop\u00e9ration entre les acteurs de l\u2019agriculture biologique en Afrique et dans de nombreux pays sur le plan multilat\u00e9ral afin de renforcer les capacit\u00e9s en la mati\u00e8re, et de rassembler les comp\u00e9tences scientifiques d\u2019Europe et d\u2019Afrique pour fournir des solutions durables et ce, en travaillant aussi bien sur le plan pratique que th\u00e9orique.<\/p>\n<p>Elle vise, entre autres, \u00e0 r\u00e9unir des scientifiques de haut niveau des deux Continents en vue de d\u00e9battre, entre autres, des questions relatives aux intrants biologiques, \u00e0 l\u2019innovation, au financement de la recherche biologique et de formuler des recommandations \u00e0 l\u2019adresse des organismes de certification et de r\u00e9glementation comp\u00e9tents, ainsi qu\u2019\u00e0 aborder et \u00e0 mettre en relief le potentiel africain pour favoriser le d\u00e9veloppement de l\u2019agriculture biologique traditionnelle en termes de diversit\u00e9 g\u00e9n\u00e9tique, agro-climatique et socioculturelle.<\/p>\n<p>S\u2019exprimant \u00e0 cette occasion, le directeur g\u00e9n\u00e9ral de l\u2019INRA, Faouzi Bekkaoui, a soulign\u00e9 l\u2019importance de l\u2019organisation de cette Conf\u00e9rence autour de l\u2019agriculture biologique, avec pour but de renforcer et d\u00e9velopper cette fili\u00e8re du secteur agricole et de discuter des d\u00e9fis \u00e0 relever pour am\u00e9liorer ce domaine dans les diff\u00e9rents pays, notamment au Maroc.<\/p>\n<p>Relevant que l\u2019agriculture biologique est \u00ab\u00a0tr\u00e8s peu utilis\u00e9e\u00a0\u00bb dans le Royaume, M. Bekkaoui a affirm\u00e9 que c\u2019est un domaine qui peut fortement contribuer \u00e0 la durabilit\u00e9 de l\u2019agriculture.<\/p>\n<p>Apr\u00e8s avoir fait remarquer que les sols dans le Royaume sont \u00ab\u00a0relativement pauvres\u00a0\u00bb en mati\u00e8res organiques, il a expliqu\u00e9 que dans le cadre de l\u2019agriculture biologique, l\u2019on favorise l\u2019utilisation des composts, qui sont des mati\u00e8res organiques qui peuvent enrichir et am\u00e9liorer la qualit\u00e9 et la sant\u00e9 des sols \u00e0 m\u00eame de contribuer \u00e0 de meilleurs rendements.<\/p>\n<p>Et de soutenir que l\u2019agriculture biologique peut contribuer \u00e0 l\u2019\u00e9conomie nationale, surtout que les produits issus de ce genre d\u2019agriculture ont \u00ab\u00a0une valeur plus \u00e9lev\u00e9e\u00a0\u00bb, notant qu\u2019\u00e0 travers le renforcement et le d\u00e9veloppement des recherches et \u00e9tudes d\u00e9di\u00e9es \u00e0 ce domaine, il est possible d\u2019am\u00e9liorer les revenus et les b\u00e9n\u00e9fices des petits fermiers et agriculteurs dans le pays.<\/p>\n<p>De son c\u00f4t\u00e9, le pr\u00e9sident de l\u2019ISOFAR, Gerold Rahmann, a mis en avant l\u2019importance de l\u2019agriculture biologique alors que le monde est confront\u00e9 aujourd\u2019hui \u00e0 des probl\u00e8mes d\u2019ordre \u00e9cologique pos\u00e9s notamment par l\u2019agriculture traditionnelle et conventionnelle.<\/p>\n<p>Dans ce sens, il a pr\u00e9cis\u00e9 que l\u2019agriculture biologique repr\u00e9sente \u00ab\u00a0une option durable\u00a0\u00bb qui offre plusieurs solutions pertinentes, insistant sur la n\u00e9cessit\u00e9 de son d\u00e9veloppement afin de favoriser une agriculture \u00ab\u00a0plus durable, plus efficace et plus profitable \u00e0 tous\u00a0\u00bb.<\/p>\n<p>Il a aussi plaid\u00e9 pour l\u2019organisation de ce genre de rencontres d\u00e9di\u00e9es \u00e0 ce type d\u2019agriculture afin d\u2019offrir l\u2019opportunit\u00e9 aux diff\u00e9rents participants d\u2019\u00eatre au courant des innovations et des recherches en la mati\u00e8re ainsi que de s\u2019informer des nouveaut\u00e9s ayant trait aux r\u00e9glementations y aff\u00e9rentes.<\/p>\n<p>Pour sa part, le doyen par int\u00e9rim de la Facult\u00e9 des sciences Semlalia (Universit\u00e9 Cadi Ayyad), Mohamed El Alaoui Talibi, a salu\u00e9 la tenue de cette conf\u00e9rence ax\u00e9e sur un th\u00e8me d\u2019une tr\u00e8s grande actualit\u00e9 notamment pour le Maroc et son agriculture, ajoutant que l\u2019agriculture biologique rev\u00eat \u00ab\u00a0une importance prioritaire\u00a0\u00bb dans le monde d\u2019aujourd\u2019hui pour faire face \u00e0 l\u2019ins\u00e9curit\u00e9 alimentaire.<\/p>\n<p>A ce propos, il a appel\u00e9 \u00e0 mener une profonde r\u00e9flexion sur la mani\u00e8re de faire l\u2019agriculture actuellement, surtout face \u00e0 cette fulgurante croissance d\u00e9mographique qui n\u00e9cessite d\u2019assurer une meilleure s\u00e9curit\u00e9 alimentaire pour les populations actuelles et futures.<\/p>\n<div readability=\"94\">\n<p>M. El Alaoui Talibi a aussi pr\u00e9conis\u00e9 la f\u00e9d\u00e9ration des efforts et le renforcement de la coop\u00e9ration en vue de surmonter les obstacles qui entravent la r\u00e9alisation de recherches plus avanc\u00e9es dans ce segment de l\u2019agriculture, estimant que ce genre de rencontres peut donner une v\u00e9ritable impulsion \u00e0 l\u2019\u00e9change et au partage des connaissances dans ce domaine.<\/p>\n<p>Lui embo\u00eetant le pas, le directeur de l\u2019Ecole des Sciences de l\u2019Agriculture, de la Fertilisation et de l\u2019Environnement (ESAFE) relevant de l\u2019UM6P, Aziz Yasri, a indiqu\u00e9 que l\u2019agriculture biologique, bien qu\u2019elle soit limit\u00e9e dans son utilisation \u00e0 l\u2019heure actuelle, devient de plus en plus pr\u00e9sente et avec force dans le domaine agricole, soulignant que ce genre d\u2019agriculture ouvre la voie pour l\u2019usage de techniques sp\u00e9ciales en vue de produire diff\u00e9remment, tout en respectant l\u2019environnement et en offrant des produits de grande qualit\u00e9 aux consommateurs.<\/p>\n<p>Notant que l\u2019utilisation de l\u2019agriculture biologique est tr\u00e8s minime dans les pays en voie de d\u00e9veloppement et \u00e9galement au Maroc, il a consid\u00e9r\u00e9 que cette agriculture, dite \u00e9galement organique, continuera \u00e0 gagner du terrain et \u00e0 progresser au cours des prochaines ann\u00e9es, d\u2019o\u00f9 l\u2019imp\u00e9ratif de d\u00e9velopper la recherche ayant trait \u00e0 ce domaine, afin de relever les multiples d\u00e9fis qui se posent et proposer de nouvelles solutions plus innovantes pour assurer la s\u00e9curit\u00e9 alimentaire aux g\u00e9n\u00e9rations futures.<\/p>\n<p>Quant aux autres intervenants, notamment le pr\u00e9sident de l\u2019AfrONet, Jordan Gama, le vice-pr\u00e9sident de la FIMABIO, Abdelhamid Aboulkassim, le repr\u00e9sentant de l\u2019Association marocaine de biotechnologies et de protection des ressources naturelles (MICROBIONA) et le repr\u00e9sentant de l\u2019Institut Agronomique M\u00e9diterran\u00e9en de Bari (IAMB\/Italie) relevant du Centre International de Hautes Etudes Agronomiques M\u00e9diterran\u00e9ennes (CIHEAM), ils ont \u00e9t\u00e9 unanimes \u00e0 saluer l\u2019importance de l\u2019organisation de cette Conf\u00e9rence en vue de d\u00e9battre des enjeux et d\u00e9fis de l\u2019agriculture biologique qui constitue une option importante et incontournable pour la r\u00e9alisation du d\u00e9veloppement durable.<\/p>\n<p>Ils ont aussi insist\u00e9 sur l\u2019imp\u00e9ratif d\u2019accorder un int\u00e9r\u00eat tr\u00e8s particulier \u00e0 l\u2019agriculture biologique qui se veut un cr\u00e9neau \u00ab\u00a0extr\u00eamement strat\u00e9gique\u00a0\u00bb de l\u2019agriculture de demain afin de garantir la s\u00e9curit\u00e9 alimentaire et la croissance \u00e9conomique dans les ann\u00e9es \u00e0 venir, d\u2019o\u00f9 l\u2019importance d\u2019inciter les gouvernements \u00e0 emprunter cette voie et de conscientiser la soci\u00e9t\u00e9 quant aux multiples avantages de cette agriculture biologique.<\/p>\n<p>Ils ont, en outre, relev\u00e9 qu\u2019il est essentiel d\u2019oeuvrer collectivement pour cr\u00e9er un environnement tr\u00e8s propice pour promouvoir la production issue de l\u2019agriculture biologique, ce qui exige la multiplication des \u00e9changes li\u00e9s aux innovations technologiques et techniques et le partage du savoir-faire en vue de d\u00e9velopper et mieux soutenir cette agriculture.<\/p>\n<p>Notant que les pays africains, dont ceux de l\u2019Afrique du Nord, et europ\u00e9ens sont confront\u00e9s \u00e0 d\u2019\u00e9normes d\u00e9fis li\u00e9s aux changements climatiques et \u00e0 la s\u00e9curit\u00e9 alimentaire, ils ont affirm\u00e9 que l\u2019agriculture biologique demeure une \u00ab\u00a0strat\u00e9gie tr\u00e8s importante et tr\u00e8s pertinente\u00a0\u00bb qui doit \u00eatre constamment d\u00e9velopp\u00e9e, \u00e0 travers des solutions nouvelles et novatrices en vue d\u2019assurer un d\u00e9veloppement durable du secteur de l\u2019agriculture dans l\u2019ensemble de la r\u00e9gion.<\/p>\n<p>Lors de cette Conf\u00e9rence, plusieurs sujets seront d\u00e9battus notamment la conception et la gestion de syst\u00e8mes d\u2019agriculture biologique, la diversification de l\u2019agriculture biologique et des syst\u00e8mes de culture, le r\u00f4le de la rotation, des cultures multiples et des cultures intercalaires, l\u2019agro-foresterie et l\u2019agro-\u00e9cologie, outre les techniques et pratiques sur mesure pour l\u2019agriculture biologique, la fertilit\u00e9 des sols, les mesures pr\u00e9ventives et curatives pour la protection des plantes, et la gestion des mauvaises herbes biologiques apr\u00e8s la r\u00e9colte.<\/p>\n<p>La gestion des d\u00e9chets agricoles, le cycle des \u00e9l\u00e9ments nutritifs, la protection de l\u2019environnement et le r\u00f4le des biofertilisants, des biostimulants et des biopesticides, les syst\u00e8mes alimentaires biologiques, les produits locaux, les aspects socio-\u00e9conomiques et la commercialisation des produits biologiques en Afrique, figurent aussi parmi les th\u00e8mes \u00e0 d\u00e9battre.<\/p>\n<\/div>\n<\/div>\n<p>Auteur: Meriem IGASS<br \/>\n<a href=\"http:\/\/www.mapmarrakech.ma\/fr\/lagriculture\/\">Cliquez ici pour lire l&rsquo;article depuis sa source.<\/a><\/p>\n","protected":false},"excerpt":{"rendered":"<p>Marrakech \u2013 Les enjeux et d\u00e9fis \u00e0 relever par l\u2019Agriculture Biologique sont au centre des d\u00e9bats, \u00e0 Marrakech, \u00e0 l\u2019occasion de la Premi\u00e8re Conf\u00e9rence UE-Nord Africaine sur l\u2019agriculture biologique \u00ab\u00a0EU\/North-African Conference on Organic Agriculture\u00a0\u00bb (EU-NACOA), qui se tient les 11 et 12 novembre, sous le th\u00e8me \u00ab\u00a0Bridging the Gap, empowering Organic Africa\u00a0\u00bb. Initi\u00e9e par l\u2019Institut [&hellip;]<\/p>\n","protected":false},"author":1788,"featured_media":0,"comment_status":"closed","ping_status":"closed","sticky":false,"template":"","format":"standard","meta":{"fifu_image_url":"","fifu_image_alt":"","footnotes":""},"categories":[54,76],"tags":[],"class_list":["post-67130","post","type-post","status-publish","format-standard","hentry","category-maroc","category-regions"],"_links":{"self":[{"href":"https:\/\/linitiative.ca\/International\/wp-json\/wp\/v2\/posts\/67130","targetHints":{"allow":["GET"]}}],"collection":[{"href":"https:\/\/linitiative.ca\/International\/wp-json\/wp\/v2\/posts"}],"about":[{"href":"https:\/\/linitiative.ca\/International\/wp-json\/wp\/v2\/types\/post"}],"author":[{"embeddable":true,"href":"https:\/\/linitiative.ca\/International\/wp-json\/wp\/v2\/users\/1788"}],"replies":[{"embeddable":true,"href":"https:\/\/linitiative.ca\/International\/wp-json\/wp\/v2\/comments?post=67130"}],"version-history":[{"count":0,"href":"https:\/\/linitiative.ca\/International\/wp-json\/wp\/v2\/posts\/67130\/revisions"}],"wp:attachment":[{"href":"https:\/\/linitiative.ca\/International\/wp-json\/wp\/v2\/media?parent=67130"}],"wp:term":[{"taxonomy":"category","embeddable":true,"href":"https:\/\/linitiative.ca\/International\/wp-json\/wp\/v2\/categories?post=67130"},{"taxonomy":"post_tag","embeddable":true,"href":"https:\/\/linitiative.ca\/International\/wp-json\/wp\/v2\/tags?post=67130"}],"curies":[{"name":"wp","href":"https:\/\/api.w.org\/{rel}","templated":true}]}}