{"id":67131,"date":"2019-11-11T07:18:58","date_gmt":"2019-11-11T12:18:58","guid":{"rendered":"https:\/\/linitiative.ca\/International\/batna-premiers-flocons-de-neige-sur-les-hauteurs-de-la-capitale-des-aures\/"},"modified":"2019-11-11T07:18:58","modified_gmt":"2019-11-11T12:18:58","slug":"batna-premiers-flocons-de-neige-sur-les-hauteurs-de-la-capitale-des-aures","status":"publish","type":"post","link":"https:\/\/linitiative.ca\/International\/batna-premiers-flocons-de-neige-sur-les-hauteurs-de-la-capitale-des-aures\/","title":{"rendered":"Batna: premiers flocons de neige sur les hauteurs de la capitale des Aur\u00e8s"},"content":{"rendered":"<div readability=\"35\">\n<p><strong>BATNA &#8211; Les premiers flocons de neige ont recouvert, dans la nuit de dimanche \u00e0 lundi, les hauteurs de la capitale El Aur\u00e8s.<\/strong><\/p>\n<\/div>\n<div readability=\"73\">\n<p>Plusieurs r\u00e9gions montagneuses ont, en effet, enregistr\u00e9 d&rsquo;importantes chutes de neige, depuis hier, dimanche, \u00e0 l\u2019instar d\u2019Ichemoul, Hidoussa, Merouana et Theniet El Abed.<\/p>\n<p>A l&rsquo;exception des axes routiers montagneux, parmi les plus culminants o\u00f9 les automobilistes ont connu des difficult\u00e9s \u00e0 circuler, le trafic sur le reste des routes est \u00ab\u00a0normal\u00a0\u00bb, a affirm\u00e9 \u00e0 l\u2019APS le chef de service de l&rsquo;exploitation et de la maintenance du r\u00e9seau routier de la direction des travaux publics de la wilaya, Adelkrim Belkacem.<\/p>\n<blockquote readability=\"13\">\n<p><em><strong>La m\u00eame source a pr\u00e9cis\u00e9, \u00e0 ce propos, que l\u2019op\u00e9ration de salage des routes, dont la circulation est g\u00e9n\u00e9ralement affect\u00e9e par les chutes de neige et le givre, a \u00e9t\u00e9 entam\u00e9e dimanche \u00e0 19 heures, d\u00e8s que les premiers flocons de neige ont commenc\u00e9 \u00e0 tomber sur les zones montagneuses et s&rsquo;est poursuivie jusqu&rsquo;\u00e0 ce matin.<\/strong><\/em><\/p>\n<\/blockquote>\n<p>Cette op\u00e9ration a mobilis\u00e9 7 chasse-neige, 10 camionnettes et 70 agents d&rsquo;entretien, tandis que les services des travaux publics restent en alerte jusqu&rsquo;\u00e0 ce que le temps s&rsquo;am\u00e9liore, a soulign\u00e9 la m\u00eame source qui a ajout\u00e9 que la circulation est \u2018\u2019normale\u2019\u2019 au niveau de tous les axes routiers.<\/p>\n<p>Parmi les axes ayant fait l\u2019objet d&rsquo;interventions rapides figurent la RN 31 entre Batna et Biskra, en passant par Tazoult, Merkouna et Arris, la RN 87 entre Batna et Theniet El Abed, en passant par Oued Taka, ainsi que la RN 77 entre Merouana et Hidoussa, en passant par Nafila, a-t-on indiqu\u00e9.<\/p>\n<\/div>\n<p>Auteur:<br \/>\n<a href=\"http:\/\/www.aps.dz\/regions\/97281-batna-premiers-flocons-de-neige-sur-les-hauteurs-de-la-capitale-des-aures\">Cliquez ici pour lire l&rsquo;article depuis sa source.<\/a><\/p>\n","protected":false},"excerpt":{"rendered":"<p>BATNA &#8211; Les premiers flocons de neige ont recouvert, dans la nuit de dimanche \u00e0 lundi, les hauteurs de la capitale El Aur\u00e8s. Plusieurs r\u00e9gions montagneuses ont, en effet, enregistr\u00e9 d&rsquo;importantes chutes de neige, depuis hier, dimanche, \u00e0 l\u2019instar d\u2019Ichemoul, Hidoussa, Merouana et Theniet El Abed. A l&rsquo;exception des axes routiers montagneux, parmi les plus [&hellip;]<\/p>\n","protected":false},"author":1790,"featured_media":0,"comment_status":"closed","ping_status":"closed","sticky":false,"template":"","format":"standard","meta":{"fifu_image_url":"","fifu_image_alt":"","footnotes":""},"categories":[53,76],"tags":[],"class_list":["post-67131","post","type-post","status-publish","format-standard","hentry","category-algerie","category-regions"],"_links":{"self":[{"href":"https:\/\/linitiative.ca\/International\/wp-json\/wp\/v2\/posts\/67131","targetHints":{"allow":["GET"]}}],"collection":[{"href":"https:\/\/linitiative.ca\/International\/wp-json\/wp\/v2\/posts"}],"about":[{"href":"https:\/\/linitiative.ca\/International\/wp-json\/wp\/v2\/types\/post"}],"author":[{"embeddable":true,"href":"https:\/\/linitiative.ca\/International\/wp-json\/wp\/v2\/users\/1790"}],"replies":[{"embeddable":true,"href":"https:\/\/linitiative.ca\/International\/wp-json\/wp\/v2\/comments?post=67131"}],"version-history":[{"count":0,"href":"https:\/\/linitiative.ca\/International\/wp-json\/wp\/v2\/posts\/67131\/revisions"}],"wp:attachment":[{"href":"https:\/\/linitiative.ca\/International\/wp-json\/wp\/v2\/media?parent=67131"}],"wp:term":[{"taxonomy":"category","embeddable":true,"href":"https:\/\/linitiative.ca\/International\/wp-json\/wp\/v2\/categories?post=67131"},{"taxonomy":"post_tag","embeddable":true,"href":"https:\/\/linitiative.ca\/International\/wp-json\/wp\/v2\/tags?post=67131"}],"curies":[{"name":"wp","href":"https:\/\/api.w.org\/{rel}","templated":true}]}}