{"id":67132,"date":"2019-11-11T07:49:30","date_gmt":"2019-11-11T12:49:30","guid":{"rendered":"https:\/\/linitiative.ca\/International\/premieres-chutes-de-neige-a-naama-et-tissemsilt\/"},"modified":"2019-11-11T07:49:30","modified_gmt":"2019-11-11T12:49:30","slug":"premieres-chutes-de-neige-a-naama-et-tissemsilt","status":"publish","type":"post","link":"https:\/\/linitiative.ca\/International\/premieres-chutes-de-neige-a-naama-et-tissemsilt\/","title":{"rendered":"Premi\u00e8res chutes de neige \u00e0 N\u00e2ama et Tissemsilt"},"content":{"rendered":"<div readability=\"38\">\n<p><strong>NAAMA &#8211; Les premi\u00e8res chutes de neige, accompagn\u00e9es d\u2019une vague de froid glacial, ont \u00e9t\u00e9 enregistr\u00e9es, dans la nuit du dimanche \u00e0 lundi, dans plusieurs r\u00e9gions des wilayas de N\u00e2ama et Tissemsilt.<\/strong><\/p>\n<\/div>\n<div readability=\"63\">\n<p>Dans la wilaya de N\u00e2ama, la neige a commenc\u00e9 \u00e0 tomber, lundi aux premi\u00e8res heures de la matin\u00e9e, couvrant les hauteurs du mont Antar ainsi que des villages relevant des communes du chef-lieu de wilaya et de Mechria.<\/p>\n<p>Selon Medjahed Slimane, responsable de la cellule de communication \u00e0 la direction locale de la protection civile, aucune intervention n\u2019a \u00e9t\u00e9 effectu\u00e9e dans la r\u00e9gion. Le r\u00e9seau routier n\u2019a pas \u00e9t\u00e9 coup\u00e9 par ces perturbations et la circulation automobile est des plus normales ce lundi.<\/p>\n<blockquote readability=\"9\">\n<p><em><strong>Des vents charg\u00e9s de sable ayant atteint les 65 km \u00e0 l\u2019heure ont \u00e9t\u00e9 enregistr\u00e9s \u00e0 travers la wilaya de N\u00e2ama. Les conditions m\u00e9t\u00e9orologiques se sont am\u00e9lior\u00e9es ensuite avec la chute de la pluie et de gr\u00eale puis les premiers flocons de neige sur les hauteurs, a soulign\u00e9 l\u2019annexe locale des services m\u00e9t\u00e9o.<\/strong><\/em><\/p>\n<\/blockquote>\n<p>Dans la wilaya de Tissemsilt, les premi\u00e8res chutes de neige ont \u00e9t\u00e9 enregistr\u00e9es \u00e9galement dans la nuit du dimanche \u00e0 lundi, sur la parc national des c\u00e8dres de Th\u00e9niet El Had. Les hauteurs de Ain Harhara et Ras Brarit de la for\u00eat d\u2019El Medad ont \u00e9t\u00e9 recouverts d\u2019un manteau blanc.<\/p>\n<p>Les hauteurs de l\u2019Ouarsenis des communes de Bordj Boun\u00e2ama, Boukaid et Lazharia, d\u00e9passant les 1.900 m\u00e8tres d\u2019altitude, recouvertes de neige, offrent un spectacle des plus attrayants.<\/p>\n<p>Selon la station m\u00e9t\u00e9orologique d\u2019Ain Bouchekif (Tiaret), les chutes de neige se poursuivront durant les prochaines 24 heures.<\/p>\n<\/div>\n<p>Auteur:<br \/>\n<a href=\"http:\/\/www.aps.dz\/regions\/97285-premieres-chutes-de-neige-a-naama-et-tissemsilt\">Cliquez ici pour lire l&rsquo;article depuis sa source.<\/a><\/p>\n","protected":false},"excerpt":{"rendered":"<p>NAAMA &#8211; Les premi\u00e8res chutes de neige, accompagn\u00e9es d\u2019une vague de froid glacial, ont \u00e9t\u00e9 enregistr\u00e9es, dans la nuit du dimanche \u00e0 lundi, dans plusieurs r\u00e9gions des wilayas de N\u00e2ama et Tissemsilt. Dans la wilaya de N\u00e2ama, la neige a commenc\u00e9 \u00e0 tomber, lundi aux premi\u00e8res heures de la matin\u00e9e, couvrant les hauteurs du mont [&hellip;]<\/p>\n","protected":false},"author":1790,"featured_media":0,"comment_status":"closed","ping_status":"closed","sticky":false,"template":"","format":"standard","meta":{"fifu_image_url":"","fifu_image_alt":"","footnotes":""},"categories":[53,76],"tags":[],"class_list":["post-67132","post","type-post","status-publish","format-standard","hentry","category-algerie","category-regions"],"_links":{"self":[{"href":"https:\/\/linitiative.ca\/International\/wp-json\/wp\/v2\/posts\/67132","targetHints":{"allow":["GET"]}}],"collection":[{"href":"https:\/\/linitiative.ca\/International\/wp-json\/wp\/v2\/posts"}],"about":[{"href":"https:\/\/linitiative.ca\/International\/wp-json\/wp\/v2\/types\/post"}],"author":[{"embeddable":true,"href":"https:\/\/linitiative.ca\/International\/wp-json\/wp\/v2\/users\/1790"}],"replies":[{"embeddable":true,"href":"https:\/\/linitiative.ca\/International\/wp-json\/wp\/v2\/comments?post=67132"}],"version-history":[{"count":0,"href":"https:\/\/linitiative.ca\/International\/wp-json\/wp\/v2\/posts\/67132\/revisions"}],"wp:attachment":[{"href":"https:\/\/linitiative.ca\/International\/wp-json\/wp\/v2\/media?parent=67132"}],"wp:term":[{"taxonomy":"category","embeddable":true,"href":"https:\/\/linitiative.ca\/International\/wp-json\/wp\/v2\/categories?post=67132"},{"taxonomy":"post_tag","embeddable":true,"href":"https:\/\/linitiative.ca\/International\/wp-json\/wp\/v2\/tags?post=67132"}],"curies":[{"name":"wp","href":"https:\/\/api.w.org\/{rel}","templated":true}]}}