{"id":67135,"date":"2019-11-10T17:39:34","date_gmt":"2019-11-10T22:39:34","guid":{"rendered":"https:\/\/linitiative.ca\/International\/le-8e-salon-national-de-less-ouvre-ses-portes-a-oujda\/"},"modified":"2019-11-10T17:39:34","modified_gmt":"2019-11-10T22:39:34","slug":"le-8e-salon-national-de-less-ouvre-ses-portes-a-oujda","status":"publish","type":"post","link":"https:\/\/linitiative.ca\/International\/le-8e-salon-national-de-less-ouvre-ses-portes-a-oujda\/","title":{"rendered":"Le 8\u00e8 Salon national de l\u2019ESS ouvre ses portes \u00e0 Oujda"},"content":{"rendered":"<p class=\"c1\">Le Salon national de l\u2019Economie sociale et solidaire a ouvert ses portes, dimanche \u00e0 Oujda, en pr\u00e9sence de la ministre du Tourisme, de l\u2019Artisanat, du Transport a\u00e9rien et de l\u2019Economie sociale, Nadia Fettah Alaoui.<\/p>\n<p class=\"c1\">Plac\u00e9 sous le Haut patronage de SM le Roi Mohammed VI, le Salon, qui est \u00e0 sa 8\u00e8me \u00e9dition, est organis\u00e9 sous le th\u00e8me \u00abL\u2019Economie sociale et solidaire : Initiatives renouvelables et opportunit\u00e9s prometteuses\u00bb, avec la participation de quelque 700 exposants marocains et \u00e9trangers.<\/p>\n<p class=\"c1\">La c\u00e9r\u00e9monie d\u2019ouverture officielle de ce Salon, qui se tient sur une superficie totale de 18.000 m2, s\u2019est d\u00e9roul\u00e9e en pr\u00e9sence \u00e9galement du Wali de la r\u00e9gion de l\u2019Oriental et gouverneur de la pr\u00e9fecture d\u2019Oujda-Angad, Mouad El Jamai, du pr\u00e9sident du conseil de la r\u00e9gion de l\u2019Oriental, Abdenbi Bioui, de l\u2019ambassadeur du S\u00e9n\u00e9gal au Maroc, et de plusieurs autres personnalit\u00e9s.<\/p>\n<p class=\"c1\">Ledit salon est constitu\u00e9 de diff\u00e9rents p\u00f4les, dont les dimensions sont la dimension \u00ab r\u00e9gionale \u00bb, la dimension \u00ab bleue \u00bb, la dimension \u00ab environnementale \u00bb et la dimension \u00ab num\u00e9rique \u00bb, pour la commercialisation des produits agricoles, de terroir, de services, de m\u00e9tiers et de nouvelles technologies, en plus d\u2019un espace d\u00e9di\u00e9 aux partenaires institutionnels marocains et \u00e9trangers et un espace r\u00e9serv\u00e9 au mus\u00e9e d\u2019innovation.<\/p>\n<p class=\"c1\">Il comporte aussi des espaces pour la communication, la formation et l\u2019\u00e9change d\u2019exp\u00e9riences et d\u2019expertises, et un espace de divertissement pour enfants.<\/p>\n<p><img class=\"wp-image-15732 aligncenter\" data-src=\"http:\/\/www.mapoujda.ma\/map\/uploads\/2019\/11\/Le-Salon-national-de-lEconomie-sociale-et-solidaire-vue-de-lint\u00e9rieur-M750\u00d7430-MAP.jpg\" alt=\"\" width=\"576\" height=\"330\" srcset=\"http:\/\/www.mapoujda.ma\/map\/uploads\/2019\/11\/Le-Salon-national-de-lEconomie-sociale-et-solidaire-vue-de-lint\u00e9rieur-M750\u00d7430-MAP.jpg 750w, http:\/\/www.mapoujda.ma\/map\/uploads\/2019\/11\/Le-Salon-national-de-lEconomie-sociale-et-solidaire-vue-de-lint\u00e9rieur-M750\u00d7430-MAP-300x172.jpg 300w\" sizes=\"(max-width: 576px) 100vw, 576px\"\/><\/p>\n<p class=\"c1\">L\u2019Economie Sociale et Solidaire est consid\u00e9r\u00e9e comme un levier d\u2019action au service de l\u2019inclusion sociale, de la r\u00e9duction des in\u00e9galit\u00e9s, de la justice sociale et du d\u00e9veloppement harmonieux des territoires, en mesure de cr\u00e9er des richesses et de participer fortement \u00e0 la croissance \u00e9conomique du pays, a soulign\u00e9 \u00e0 cette occasion la ministre du Tourisme, de l\u2019Artisanat, du Transport a\u00e9rien et de l\u2019Economie sociale.<\/p>\n<p class=\"c1\">Elle a fait remarquer dans ce sens que l\u2019\u00e9conomie sociale et solidaire compte aujourd\u2019hui plus de 22.600 coop\u00e9ratives (14% f\u00e9minines) qui totalisent 500.000 adh\u00e9rents (environ 9% de femmes) avec une contribution d\u2019environ 2% au PIB national, et plus de 130.000 associations et fondations, en sus de plus de 60 mutuelles.<\/p>\n<p class=\"c1\">Ce salon, a ajout\u00e9 Mme Fettah Alaoui dans une d\u00e9claration \u00e0 la presse, se veut un lieu \u00e9minent de partage d\u2019exp\u00e9rience, de formation, de commercialisation des produits des composantes de l\u2019\u00e9conomie sociale et solidaire, et de d\u00e9veloppement de partenariats.<\/p>\n<p class=\"c1\">La ministre a poursuivi que ce salon se distingue par sa conception architecturale et un nombre \u00e0 la hausse des exposants, plus de 700 exposants (institutionnels, acteurs locaux, op\u00e9rateurs \u00e9conomiques, professionnels et composantes du secteur et 22 stands d\u2019exposants \u00e9trangers).<\/p>\n<p class=\"c1\">Pour ce qui est des principaux chantiers futurs du minist\u00e8re, elle a mis l\u2019accent sur le projet de loi cadre de l\u2019\u00e9conomie sociale et solidaire et sur la nouvelle strat\u00e9gie de l\u2019\u00e9conomie sociale et solidaire.<\/p>\n<p><img class=\"wp-image-15733 aligncenter\" data-src=\"http:\/\/www.mapoujda.ma\/map\/uploads\/2019\/11\/Espace-enfant-au-salon-nationale-de-lESS-M750\u00d7430-MAP.jpg\" alt=\"\" width=\"576\" height=\"330\" srcset=\"http:\/\/www.mapoujda.ma\/map\/uploads\/2019\/11\/Espace-enfant-au-salon-nationale-de-lESS-M750\u00d7430-MAP.jpg 750w, http:\/\/www.mapoujda.ma\/map\/uploads\/2019\/11\/Espace-enfant-au-salon-nationale-de-lESS-M750\u00d7430-MAP-300x172.jpg 300w\" sizes=\"(max-width: 576px) 100vw, 576px\"\/><\/p>\n<p class=\"c1\">Mme Fettah Alaoui, qui a tenu par ailleurs \u00e0 remercier tous les partenaires du minist\u00e8re (autorit\u00e9, \u00e9lus, op\u00e9rateurs, professionnels et acteurs de ce secteur) qui ont particip\u00e9 \u00e0 la r\u00e9ussite de cet \u00e9v\u00e8nement, a f\u00e9licit\u00e9 l\u2019ensemble des parties prenantes \u00e0 l\u2019\u00e9chelle de la r\u00e9gion de l\u2019Oriental pour l\u2019int\u00e9r\u00eat et la r\u00e9alisation des programmes de d\u00e9veloppement d\u00e9di\u00e9s au secteur de l\u2019Economie sociale et solidaire (ESS).<\/p>\n<p class=\"c1\">Cette manifestation qui pr\u00e9voit l\u2019afflux de plus de 300.000 visiteurs, a pour objectifs d\u2019ouvrir de nouvelles perspectives, de faire conna\u00eetre le secteur et d\u2019inviter les jeunes porteurs de projets \u00e0 prendre l\u2019initiative et \u00e0 investir dans l\u2019ESS afin de stimuler l\u2019int\u00e9gration des diff\u00e9rentes activit\u00e9s de ce secteur dans le tissu \u00e9conomique national et social.<\/p>\n<p class=\"c1\">Le but est de faire de l\u2019\u00e9conomie sociale et solidaire une locomotive pour le d\u00e9veloppement \u00e9conomique et social, \u00e0 travers la cr\u00e9ation d\u2019activit\u00e9s g\u00e9n\u00e9ratrices de revenu et de l\u2019emploi, ainsi que la valorisation des richesses en milieu urbain et rural.<\/p>\n<p class=\"c1\">Et dans le cadre de la politique de r\u00e9gionalisation adopt\u00e9e comme choix strat\u00e9gique, expliquent les organisateurs dans un communiqu\u00e9, le minist\u00e8re, \u00e0 travers les conventions sp\u00e9cifiques aff\u00e9rentes \u00e0 l\u2019\u00e9conomie sociale et solidaire, \u00e9labore des plans d\u2019actions territoriaux, bas\u00e9s sur une approche participative des diff\u00e9rents partenaires au niveau territorial, couronn\u00e9e annuellement par l\u2019organisation de la Foire nationale de l\u2019Economie sociale et solidaire de fa\u00e7on tournante entre les diff\u00e9rents r\u00e9gions du Royaume.<\/p>\n<p class=\"c1\">En atteignant sa huiti\u00e8me \u00e9dition, rel\u00e8vent-t-ils, le Salon de l\u2019\u00e9conomie sociale et solidaire est devenu une r\u00e9f\u00e9rence distingu\u00e9e dans le calendrier des expositions nationales et un rendez-vous annuel incontournable, ainsi qu\u2019un point de rencontre entre les acteurs et intervenants (institutionnels, professionnels et chercheurs, et experts au niveau r\u00e9gional, national et international) pour partager le savoir-faire et les exp\u00e9riences, et pour promouvoir la commercialisation des diff\u00e9rents produits et services innovants expos\u00e9s par les participants professionnels dans les diff\u00e9rents espaces de cette foire.<\/p>\n<p>Auteur: Soufiane ELAHMAR<br \/>\n<a href=\"http:\/\/www.mapoujda.ma\/fr\/le-8e-salon-national-de-less-ouvre-ses-portes-a-oujda\/\">Cliquez ici pour lire l&rsquo;article depuis sa source.<\/a><\/p>\n","protected":false},"excerpt":{"rendered":"<p>Le Salon national de l\u2019Economie sociale et solidaire a ouvert ses portes, dimanche \u00e0 Oujda, en pr\u00e9sence de la ministre du Tourisme, de l\u2019Artisanat, du Transport a\u00e9rien et de l\u2019Economie sociale, Nadia Fettah Alaoui. Plac\u00e9 sous le Haut patronage de SM le Roi Mohammed VI, le Salon, qui est \u00e0 sa 8\u00e8me \u00e9dition, est organis\u00e9 [&hellip;]<\/p>\n","protected":false},"author":1788,"featured_media":67136,"comment_status":"closed","ping_status":"closed","sticky":false,"template":"","format":"standard","meta":{"fifu_image_url":"","fifu_image_alt":"","footnotes":""},"categories":[54,76],"tags":[],"class_list":["post-67135","post","type-post","status-publish","format-standard","has-post-thumbnail","hentry","category-maroc","category-regions"],"_links":{"self":[{"href":"https:\/\/linitiative.ca\/International\/wp-json\/wp\/v2\/posts\/67135","targetHints":{"allow":["GET"]}}],"collection":[{"href":"https:\/\/linitiative.ca\/International\/wp-json\/wp\/v2\/posts"}],"about":[{"href":"https:\/\/linitiative.ca\/International\/wp-json\/wp\/v2\/types\/post"}],"author":[{"embeddable":true,"href":"https:\/\/linitiative.ca\/International\/wp-json\/wp\/v2\/users\/1788"}],"replies":[{"embeddable":true,"href":"https:\/\/linitiative.ca\/International\/wp-json\/wp\/v2\/comments?post=67135"}],"version-history":[{"count":0,"href":"https:\/\/linitiative.ca\/International\/wp-json\/wp\/v2\/posts\/67135\/revisions"}],"wp:featuredmedia":[{"embeddable":true,"href":"https:\/\/linitiative.ca\/International\/wp-json\/"}],"wp:attachment":[{"href":"https:\/\/linitiative.ca\/International\/wp-json\/wp\/v2\/media?parent=67135"}],"wp:term":[{"taxonomy":"category","embeddable":true,"href":"https:\/\/linitiative.ca\/International\/wp-json\/wp\/v2\/categories?post=67135"},{"taxonomy":"post_tag","embeddable":true,"href":"https:\/\/linitiative.ca\/International\/wp-json\/wp\/v2\/tags?post=67135"}],"curies":[{"name":"wp","href":"https:\/\/api.w.org\/{rel}","templated":true}]}}