{"id":67137,"date":"2019-11-10T18:43:19","date_gmt":"2019-11-10T23:43:19","guid":{"rendered":"https:\/\/linitiative.ca\/International\/tomber-de-rideau-sur-la-14e-rencontre-mondiale-du-soufisme\/"},"modified":"2019-11-10T18:43:19","modified_gmt":"2019-11-10T23:43:19","slug":"tomber-de-rideau-sur-la-14e-rencontre-mondiale-du-soufisme","status":"publish","type":"post","link":"https:\/\/linitiative.ca\/International\/tomber-de-rideau-sur-la-14e-rencontre-mondiale-du-soufisme\/","title":{"rendered":"Tomber de rideau sur la 14\u00e8 Rencontre mondiale du soufisme"},"content":{"rendered":"<p class=\"c1\">Les travaux de la 14\u00e8me Rencontre mondiale du soufisme ont pris fin, dimanche soir \u00e0 Madagh (province de Berkane), \u00e0 l\u2019issue de cinq jours d\u2019\u00e9change et d\u2019intenses d\u00e9bats autour du th\u00e8me \u2019\u2019Soufisme et d\u00e9veloppement, la dimension spirituelle et l\u2019\u00e9dification de l\u2019Homme\u2019\u2019.<\/p>\n<p class=\"c1\">Organis\u00e9e sous le Haut patronage de SM le Roi Mohammed VI par la Tariqa Qadiriya Boutchichiya et la fondation Al Moultaqa en partenariat avec le Centre Euro-M\u00e9diterran\u00e9en d\u2019Etude de l\u2019Islam Actuel (CEMEIA), cette \u00e9dition a r\u00e9uni pr\u00e8s de 120 universitaires, chercheurs et intellectuels du monde entier.<\/p>\n<p class=\"c1\">Des chercheurs marocains et \u00e9trangers en anthropologie, philosophie, islamologie, sociologie, communication et relations internationales ont mis l\u2019accent \u00e0 cette occasion sur le r\u00f4le du soufisme dans le d\u00e9veloppement des soci\u00e9t\u00e9s, et sur la n\u00e9cessit\u00e9 de placer les dimensions spirituelle et morale au c\u0153ur du projet de d\u00e9veloppement socio-\u00e9conomique du pays.<\/p>\n<p class=\"c1\">Parmi les intervenants, figuraient notamment des experts venant d\u2019Afrique du Sud, d\u2019Angleterre, du Canada, d\u2019Egypte, des Etats-Unis, de France, d\u2019Indon\u00e9sie, d\u2019Inde, du Mali, du Maroc, du Mexique, du Niger, du S\u00e9n\u00e9gal et de Turquie.<\/p>\n<p class=\"c1\">Cette Rencontre, qui s\u2019est fix\u00e9e pour objectif de contribuer \u00e0 la prise en compte de l\u2019aspect spirituel dans la probl\u00e9matique du d\u00e9veloppement des soci\u00e9t\u00e9s, a \u00e9t\u00e9 sanctionn\u00e9e par une s\u00e9rie de recommandations et de propositions.<\/p>\n<p><img class=\"wp-image-15754 aligncenter\" data-src=\"http:\/\/www.mapoujda.ma\/map\/uploads\/2019\/11\/Des-participants-au-RMS-M750\u00d7430-MAP.jpg\" alt=\"\" width=\"576\" height=\"330\" srcset=\"http:\/\/www.mapoujda.ma\/map\/uploads\/2019\/11\/Des-participants-au-RMS-M750\u00d7430-MAP.jpg 750w, http:\/\/www.mapoujda.ma\/map\/uploads\/2019\/11\/Des-participants-au-RMS-M750\u00d7430-MAP-300x172.jpg 300w\" sizes=\"(max-width: 576px) 100vw, 576px\"\/><\/p>\n<p class=\"c1\">Ainsi, les participants ont pr\u00e9conis\u00e9 le d\u00e9veloppement d\u2019une plus grande ouverture sur les diff\u00e9rents pays du monde \u00e0 travers une meilleure communication sur la richesse du Soufisme dans ses aspects fondamentaux, m\u00e9thodologiques et spirituels, en plus de la programmation d\u2019une r\u00e9union des participants \u00e0 la Rencontre pour un \u00e9change scientifique visant une meilleure entre-connaissance et un enrichissement de la production scientifique.<\/p>\n<p class=\"c1\">Ils ont de m\u00eame plaid\u00e9 en faveur de la cr\u00e9ation, au sein de la Tariqa Qadiriya Boutchichiya, d\u2019un groupe d\u00e9di\u00e9 aux jeunes chercheurs sp\u00e9cialistes en Soufisme, ayant des antennes dans les diff\u00e9rentes r\u00e9gions du Maroc ainsi qu\u2019\u00e0 l\u2019\u00e9tranger et qui a pour objectif d\u2019\u00e9tudier la tradition soufie, ses aspects initiatiques et m\u00e9thodologiques dans la recherche d\u2019une meilleure interaction avec la r\u00e9alit\u00e9 actuelle et les perspectives \u00e0 venir.<\/p>\n<p class=\"c1\">L\u2019accent a \u00e9t\u00e9 mis aussi sur le suivi des conclusions de la Rencontre et leur mise en pratique par l\u2019organisation, dans les diff\u00e9rentes r\u00e9gions du royaume, de journ\u00e9es d\u2019\u00e9tude dont les th\u00e8mes sont inspir\u00e9s de ces conclusions.<\/p>\n<p class=\"c1\">Les participants ont propos\u00e9 par ailleurs d\u2019inclure dans les programmes d\u2019enseignement, tous cycles confondus, une discipline portant sur l\u2019\u00e9thique et le bon comportement au vu de sa n\u00e9cessit\u00e9 et de son urgence.<\/p>\n<p class=\"c1\">Et au regard du niveau des Rencontres mondiales du soufisme et de leur rayonnement, ils ont appel\u00e9 \u00e0 l\u2019ouverture de celles-ci sur les institutions scientifiques et acad\u00e9miques en lien avec le Soufisme par l\u2019organisation de cycles de conf\u00e9rences, notamment dans le cadre des partenariats conclus avec certaines universit\u00e9s.<\/p>\n<p class=\"c1\">En marge de la 14\u00e8me Rencontre, la Fondation Al-Moultaqa a programm\u00e9 plusieurs activit\u00e9s et initiatives importantes, dont le Village solidaire, les Assises de l\u2019\u00e9cologie musulmane, l\u2019Universit\u00e9 citoyenne, le Forum de la techno-\u00e9thique et les rencontres pr\u00e9ventives, en sus d\u2019une expositions de reliques du Proph\u00e8te Sidna Mohammed (paix et salut sur Lui) et une campagne m\u00e9dicale pluridisciplinaire au profit des personnes d\u00e9munies.<\/p>\n<p>Auteur: Soufiane ELAHMAR<br \/>\n<a href=\"http:\/\/www.mapoujda.ma\/fr\/tomber-de-rideau-sur-la-14e-rencontre-mondiale-du-soufisme\/\">Cliquez ici pour lire l&rsquo;article depuis sa source.<\/a><\/p>\n","protected":false},"excerpt":{"rendered":"<p>Les travaux de la 14\u00e8me Rencontre mondiale du soufisme ont pris fin, dimanche soir \u00e0 Madagh (province de Berkane), \u00e0 l\u2019issue de cinq jours d\u2019\u00e9change et d\u2019intenses d\u00e9bats autour du th\u00e8me \u2019\u2019Soufisme et d\u00e9veloppement, la dimension spirituelle et l\u2019\u00e9dification de l\u2019Homme\u2019\u2019. Organis\u00e9e sous le Haut patronage de SM le Roi Mohammed VI par la Tariqa [&hellip;]<\/p>\n","protected":false},"author":1788,"featured_media":67138,"comment_status":"closed","ping_status":"closed","sticky":false,"template":"","format":"standard","meta":{"fifu_image_url":"","fifu_image_alt":"","footnotes":""},"categories":[54,76],"tags":[],"class_list":["post-67137","post","type-post","status-publish","format-standard","has-post-thumbnail","hentry","category-maroc","category-regions"],"_links":{"self":[{"href":"https:\/\/linitiative.ca\/International\/wp-json\/wp\/v2\/posts\/67137","targetHints":{"allow":["GET"]}}],"collection":[{"href":"https:\/\/linitiative.ca\/International\/wp-json\/wp\/v2\/posts"}],"about":[{"href":"https:\/\/linitiative.ca\/International\/wp-json\/wp\/v2\/types\/post"}],"author":[{"embeddable":true,"href":"https:\/\/linitiative.ca\/International\/wp-json\/wp\/v2\/users\/1788"}],"replies":[{"embeddable":true,"href":"https:\/\/linitiative.ca\/International\/wp-json\/wp\/v2\/comments?post=67137"}],"version-history":[{"count":0,"href":"https:\/\/linitiative.ca\/International\/wp-json\/wp\/v2\/posts\/67137\/revisions"}],"wp:featuredmedia":[{"embeddable":true,"href":"https:\/\/linitiative.ca\/International\/wp-json\/"}],"wp:attachment":[{"href":"https:\/\/linitiative.ca\/International\/wp-json\/wp\/v2\/media?parent=67137"}],"wp:term":[{"taxonomy":"category","embeddable":true,"href":"https:\/\/linitiative.ca\/International\/wp-json\/wp\/v2\/categories?post=67137"},{"taxonomy":"post_tag","embeddable":true,"href":"https:\/\/linitiative.ca\/International\/wp-json\/wp\/v2\/tags?post=67137"}],"curies":[{"name":"wp","href":"https:\/\/api.w.org\/{rel}","templated":true}]}}