{"id":67139,"date":"2019-11-11T10:20:34","date_gmt":"2019-11-11T15:20:34","guid":{"rendered":"https:\/\/linitiative.ca\/International\/aid-al-mawlid-annabaoui-une-ceremonie-religieuse-a-madagh\/"},"modified":"2019-11-11T10:20:34","modified_gmt":"2019-11-11T15:20:34","slug":"aid-al-mawlid-annabaoui-une-ceremonie-religieuse-a-madagh","status":"publish","type":"post","link":"https:\/\/linitiative.ca\/International\/aid-al-mawlid-annabaoui-une-ceremonie-religieuse-a-madagh\/","title":{"rendered":"A\u00efd Al-Mawlid Annabaoui: Une c\u00e9r\u00e9monie religieuse \u00e0 Madagh"},"content":{"rendered":"<p class=\"c1\">En comm\u00e9moration de l\u2019A\u00efd Al-Mawlid annabaoui Acharif, la Zaouia Kadiria Boudchichia a organis\u00e9, dimanche soir, une grande c\u00e9r\u00e9monie religieuse au si\u00e8ge de la Zaouia \u00e0 Madagh, dans la province de Berkane.<\/p>\n<p class=\"c1\">Lors de cette veill\u00e9e religieuse, \u00e0 laquelle ont assist\u00e9 des milliers de personnes, visiteurs et adeptes de la Zaouia en provenance des diff\u00e9rentes r\u00e9gions du Royaume, ainsi que de plusieurs autres pays, des versets du Saint Coran ont \u00e9t\u00e9 r\u00e9cit\u00e9s et des louanges au Proph\u00e8te Sidna Mohammed (pri\u00e8re et b\u00e9n\u00e9diction sur Lui) d\u00e9clam\u00e9s.<\/p>\n<p class=\"c1\">A cette occasion, l\u2019assistance a implor\u00e9 le Tout-Puissant d\u2019accorder sant\u00e9, longue vie et gloire \u00e0 SM le Roi Mohammed VI, Amir Al Mouminine, et de combler le Souverain en la personne de SAR le Prince H\u00e9ritier Moulay El Hassan, de SAR le Prince Moulay Rachid et de l\u2019ensemble des membres de l\u2019illustre Famille Royale.<\/p>\n<p class=\"c1\">Des pri\u00e8res ont \u00e9t\u00e9 \u00e9lev\u00e9es \u00e9galement pour le repos de l\u2019\u00e2me des regrett\u00e9s Souverains feu SM Mohammed V et feu SM Hassan II.<\/p>\n<p class=\"c1\">La Zaouia Kadiria Boudchichia, rappelle-t-on, a organis\u00e9 \u00e0 l\u2019occasion de l\u2019A\u00efd Al-Mawlid Annabaoui la 14\u00e8me Rencontre mondiale du soufisme (6-10 novembre) sur le th\u00e8me \u2018\u2019Soufisme et d\u00e9veloppement, la dimension spirituelle et l\u2019\u00e9dification de l\u2019Homme\u2019\u2019 avec la participation de pr\u00e8s de 120 universitaires, chercheurs et experts marocains et \u00e9trangers.<\/p>\n<p class=\"c1\">L\u2019accent a \u00e9t\u00e9 mis lors de ce rendez-vous annuel sur la dimension spirituelle et la place de l\u2019Homme dans les strat\u00e9gies de d\u00e9veloppement des soci\u00e9t\u00e9s.<\/p>\n<p class=\"c1\">En marge de cette Rencontre, les organisateurs ont programm\u00e9 plusieurs activit\u00e9s et initiatives, dont le Village solidaire, les Assises de l\u2019\u00e9cologie musulmane, l\u2019Universit\u00e9 citoyenne, le Forum de la techno-\u00e9thique et les rencontres pr\u00e9ventives, en sus d\u2019une exposition de reliques du Proph\u00e8te Sidna Mohammed (pri\u00e8re et b\u00e9n\u00e9diction sur Lui) et une campagne m\u00e9dicale pluridisciplinaire au profit de personnes et familles d\u00e9munies.<\/p>\n<p>Auteur: Soufiane ELAHMAR<br \/>\n<a href=\"http:\/\/www.mapoujda.ma\/fr\/aid-al-mawlid-annabaoui-une-ceremonie-religieuse-a-madagh\/\">Cliquez ici pour lire l&rsquo;article depuis sa source.<\/a><\/p>\n","protected":false},"excerpt":{"rendered":"<p>En comm\u00e9moration de l\u2019A\u00efd Al-Mawlid annabaoui Acharif, la Zaouia Kadiria Boudchichia a organis\u00e9, dimanche soir, une grande c\u00e9r\u00e9monie religieuse au si\u00e8ge de la Zaouia \u00e0 Madagh, dans la province de Berkane. Lors de cette veill\u00e9e religieuse, \u00e0 laquelle ont assist\u00e9 des milliers de personnes, visiteurs et adeptes de la Zaouia en provenance des diff\u00e9rentes r\u00e9gions [&hellip;]<\/p>\n","protected":false},"author":1788,"featured_media":0,"comment_status":"closed","ping_status":"closed","sticky":false,"template":"","format":"standard","meta":{"fifu_image_url":"","fifu_image_alt":"","footnotes":""},"categories":[54,76],"tags":[],"class_list":["post-67139","post","type-post","status-publish","format-standard","hentry","category-maroc","category-regions"],"_links":{"self":[{"href":"https:\/\/linitiative.ca\/International\/wp-json\/wp\/v2\/posts\/67139","targetHints":{"allow":["GET"]}}],"collection":[{"href":"https:\/\/linitiative.ca\/International\/wp-json\/wp\/v2\/posts"}],"about":[{"href":"https:\/\/linitiative.ca\/International\/wp-json\/wp\/v2\/types\/post"}],"author":[{"embeddable":true,"href":"https:\/\/linitiative.ca\/International\/wp-json\/wp\/v2\/users\/1788"}],"replies":[{"embeddable":true,"href":"https:\/\/linitiative.ca\/International\/wp-json\/wp\/v2\/comments?post=67139"}],"version-history":[{"count":0,"href":"https:\/\/linitiative.ca\/International\/wp-json\/wp\/v2\/posts\/67139\/revisions"}],"wp:attachment":[{"href":"https:\/\/linitiative.ca\/International\/wp-json\/wp\/v2\/media?parent=67139"}],"wp:term":[{"taxonomy":"category","embeddable":true,"href":"https:\/\/linitiative.ca\/International\/wp-json\/wp\/v2\/categories?post=67139"},{"taxonomy":"post_tag","embeddable":true,"href":"https:\/\/linitiative.ca\/International\/wp-json\/wp\/v2\/tags?post=67139"}],"curies":[{"name":"wp","href":"https:\/\/api.w.org\/{rel}","templated":true}]}}