{"id":67147,"date":"2019-11-11T15:10:36","date_gmt":"2019-11-11T20:10:36","guid":{"rendered":"https:\/\/linitiative.ca\/International\/pros-juventus-milan-ac-comment-bennacer-a-ete-note-par-la-presse-italienne\/"},"modified":"2019-11-11T15:10:36","modified_gmt":"2019-11-11T20:10:36","slug":"pros-juventus-milan-ac-comment-bennacer-a-ete-note-par-la-presse-italienne","status":"publish","type":"post","link":"https:\/\/linitiative.ca\/International\/pros-juventus-milan-ac-comment-bennacer-a-ete-note-par-la-presse-italienne\/","title":{"rendered":"Pros : Juventus-Milan AC : Comment Bennacer a \u00e9t\u00e9 not\u00e9 par la presse italienne"},"content":{"rendered":"<div readability=\"32\">\n<p>Auteur : <span class=\"time\">lundi 11 novembre 2019 13:34<\/span><\/p>\n<\/div>\n<div id=\"post_core\" readability=\"44\">\n<p>Et malgr\u00e9 la d\u00e9faite des Milanais face \u00e0 Dybala et ses co\u00e9quipiers, la presse italienne a salu\u00e9 la prestation de Bennacer qui se rapproche petit \u00e0 petit du niveau d\u00e9montr\u00e9 lors de la CAN 2019. Pour preuve, la presse italienne a globalement bien not\u00e9 l&rsquo;international alg\u00e9rien dans ses \u00e9ditions de ce lundi :<\/p>\n<p>La Gazzetta dello Sport : 6\/10<\/p>\n<p>Le Corriere dello Sport : 7\/10<\/p>\n<p>Tuttosport : 7\/10<\/p>\n<p>Corrierer della Sera : 6,5\/10<\/p>\n<p>Milan News : 7\/10<\/p>\n<p>Tuttomercato : 6,5\/10<\/p>\n<p><strong>Publi\u00e9 dans :<\/strong> <span>juventus<\/span><\/p>\n<\/div>\n<p>Auteur:<br \/>\n<a href=\"http:\/\/www.lebuteur.com\/article\/detail?titre=juventus-milan-ac-comment-bennacer-a-ete-note-par-la-presse-italienne&#038;id=92899&#038;utm_source=feedburner&#038;utm_medium=feed&#038;utm_campaign=Feed%3A+GalerieFArtciles+%28Les+derniers+articles++-+lebuteur.com%29\">Cliquez ici pour lire l&rsquo;article depuis sa source.<\/a><\/p>\n","protected":false},"excerpt":{"rendered":"<p>Auteur : lundi 11 novembre 2019 13:34 Et malgr\u00e9 la d\u00e9faite des Milanais face \u00e0 Dybala et ses co\u00e9quipiers, la presse italienne a salu\u00e9 la prestation de Bennacer qui se rapproche petit \u00e0 petit du niveau d\u00e9montr\u00e9 lors de la CAN 2019. Pour preuve, la presse italienne a globalement bien not\u00e9 l&rsquo;international alg\u00e9rien dans ses [&hellip;]<\/p>\n","protected":false},"author":1738,"featured_media":67148,"comment_status":"closed","ping_status":"closed","sticky":false,"template":"","format":"standard","meta":{"fifu_image_url":"","fifu_image_alt":"","footnotes":""},"categories":[53,75],"tags":[],"class_list":["post-67147","post","type-post","status-publish","format-standard","has-post-thumbnail","hentry","category-algerie","category-sport"],"_links":{"self":[{"href":"https:\/\/linitiative.ca\/International\/wp-json\/wp\/v2\/posts\/67147","targetHints":{"allow":["GET"]}}],"collection":[{"href":"https:\/\/linitiative.ca\/International\/wp-json\/wp\/v2\/posts"}],"about":[{"href":"https:\/\/linitiative.ca\/International\/wp-json\/wp\/v2\/types\/post"}],"author":[{"embeddable":true,"href":"https:\/\/linitiative.ca\/International\/wp-json\/wp\/v2\/users\/1738"}],"replies":[{"embeddable":true,"href":"https:\/\/linitiative.ca\/International\/wp-json\/wp\/v2\/comments?post=67147"}],"version-history":[{"count":0,"href":"https:\/\/linitiative.ca\/International\/wp-json\/wp\/v2\/posts\/67147\/revisions"}],"wp:featuredmedia":[{"embeddable":true,"href":"https:\/\/linitiative.ca\/International\/wp-json\/"}],"wp:attachment":[{"href":"https:\/\/linitiative.ca\/International\/wp-json\/wp\/v2\/media?parent=67147"}],"wp:term":[{"taxonomy":"category","embeddable":true,"href":"https:\/\/linitiative.ca\/International\/wp-json\/wp\/v2\/categories?post=67147"},{"taxonomy":"post_tag","embeddable":true,"href":"https:\/\/linitiative.ca\/International\/wp-json\/wp\/v2\/tags?post=67147"}],"curies":[{"name":"wp","href":"https:\/\/api.w.org\/{rel}","templated":true}]}}