{"id":67149,"date":"2019-11-11T15:10:38","date_gmt":"2019-11-11T20:10:38","guid":{"rendered":"https:\/\/linitiative.ca\/International\/international-france-deschamps-repond-a-zidane-au-sujet-de-benzema\/"},"modified":"2019-11-11T15:10:38","modified_gmt":"2019-11-11T20:10:38","slug":"international-france-deschamps-repond-a-zidane-au-sujet-de-benzema","status":"publish","type":"post","link":"https:\/\/linitiative.ca\/International\/international-france-deschamps-repond-a-zidane-au-sujet-de-benzema\/","title":{"rendered":"International : France : Deschamps r\u00e9pond \u00e0 Zidane au sujet de Benzema"},"content":{"rendered":"<div readability=\"32\">\n<p>Auteur : <span class=\"time\">lundi 11 novembre 2019 19:43<\/span><\/p>\n<\/div>\n<div id=\"post_core\" readability=\"45\">\n<p>\u00ab\u00a0Footballistiquement, c\u2019est le meilleur, il a sa place en \u00e9quipe de France, il est tr\u00e8s attach\u00e9 \u00e0 la s\u00e9lection\u00a0\u00bb, avait r\u00e9cemment d\u00e9clar\u00e9 Zidane au sujet de Benzema. Forc\u00e9ment, la question a \u00e9t\u00e9 pos\u00e9e \u00e0 Deschamps ce lundi en conf\u00e9rence de presse.<\/p>\n<p>\u00ab\u00a0Je n\u2019ai pas de souci avec \u00e7a. Il est entra\u00eeneur du Real Madrid, il est totalement dans son r\u00f4le de parler comme \u00e7a\u00a0\u00bb, a tout simplement r\u00e9pondu le s\u00e9lectionneur de l\u2019\u00e9quipe de France qui ne laisse donc gu\u00e8re de place aux doutes quant \u00e0 un \u00e9ventuel retour de KB9 chez les Bleus.<\/p>\n<p><strong>Publi\u00e9 dans :<\/strong> <span>France<\/span><\/p>\n<\/div>\n<p>Auteur:<br \/>\n<a href=\"http:\/\/www.lebuteur.com\/article\/detail?titre=france-deschamps-repond-a-zidane-au-sujet-de-benzema&#038;id=92900&#038;utm_source=feedburner&#038;utm_medium=feed&#038;utm_campaign=Feed%3A+GalerieFArtciles+%28Les+derniers+articles++-+lebuteur.com%29\">Cliquez ici pour lire l&rsquo;article depuis sa source.<\/a><\/p>\n","protected":false},"excerpt":{"rendered":"<p>Auteur : lundi 11 novembre 2019 19:43 \u00ab\u00a0Footballistiquement, c\u2019est le meilleur, il a sa place en \u00e9quipe de France, il est tr\u00e8s attach\u00e9 \u00e0 la s\u00e9lection\u00a0\u00bb, avait r\u00e9cemment d\u00e9clar\u00e9 Zidane au sujet de Benzema. Forc\u00e9ment, la question a \u00e9t\u00e9 pos\u00e9e \u00e0 Deschamps ce lundi en conf\u00e9rence de presse. \u00ab\u00a0Je n\u2019ai pas de souci avec \u00e7a. [&hellip;]<\/p>\n","protected":false},"author":1738,"featured_media":67150,"comment_status":"closed","ping_status":"closed","sticky":false,"template":"","format":"standard","meta":{"fifu_image_url":"","fifu_image_alt":"","footnotes":""},"categories":[53,75],"tags":[],"class_list":["post-67149","post","type-post","status-publish","format-standard","has-post-thumbnail","hentry","category-algerie","category-sport"],"_links":{"self":[{"href":"https:\/\/linitiative.ca\/International\/wp-json\/wp\/v2\/posts\/67149","targetHints":{"allow":["GET"]}}],"collection":[{"href":"https:\/\/linitiative.ca\/International\/wp-json\/wp\/v2\/posts"}],"about":[{"href":"https:\/\/linitiative.ca\/International\/wp-json\/wp\/v2\/types\/post"}],"author":[{"embeddable":true,"href":"https:\/\/linitiative.ca\/International\/wp-json\/wp\/v2\/users\/1738"}],"replies":[{"embeddable":true,"href":"https:\/\/linitiative.ca\/International\/wp-json\/wp\/v2\/comments?post=67149"}],"version-history":[{"count":0,"href":"https:\/\/linitiative.ca\/International\/wp-json\/wp\/v2\/posts\/67149\/revisions"}],"wp:featuredmedia":[{"embeddable":true,"href":"https:\/\/linitiative.ca\/International\/wp-json\/"}],"wp:attachment":[{"href":"https:\/\/linitiative.ca\/International\/wp-json\/wp\/v2\/media?parent=67149"}],"wp:term":[{"taxonomy":"category","embeddable":true,"href":"https:\/\/linitiative.ca\/International\/wp-json\/wp\/v2\/categories?post=67149"},{"taxonomy":"post_tag","embeddable":true,"href":"https:\/\/linitiative.ca\/International\/wp-json\/wp\/v2\/tags?post=67149"}],"curies":[{"name":"wp","href":"https:\/\/api.w.org\/{rel}","templated":true}]}}