{"id":67153,"date":"2019-11-11T15:15:18","date_gmt":"2019-11-11T20:15:18","guid":{"rendered":"https:\/\/linitiative.ca\/International\/derniere-ligne-droite-pour-les-cinq-candidats-la-communication-au-coeur-de-la-campagne-electorale\/"},"modified":"2019-11-11T15:15:18","modified_gmt":"2019-11-11T20:15:18","slug":"derniere-ligne-droite-pour-les-cinq-candidats-la-communication-au-coeur-de-la-campagne-electorale","status":"publish","type":"post","link":"https:\/\/linitiative.ca\/International\/derniere-ligne-droite-pour-les-cinq-candidats-la-communication-au-coeur-de-la-campagne-electorale\/","title":{"rendered":"Derni\u00e8re ligne droite pour les cinq candidats : La communication au c\u0153ur de la campagne \u00e9lectorale"},"content":{"rendered":"<p><strong>Les cinq candidats retenus pour la pr\u00e9sidentielle du 12 d\u00e9cembre prochain peaufinent leurs programme et slogan, pour se lancer dans une comp\u00e9tition \u00e9lectorale qui s&rsquo;annonce difficile par rapport \u00e0 un contexte politique in\u00e9dit, qui n\u00e9cessite une certaine r\u00e9activit\u00e9 par rapport \u00e0 l\u2019offre \u00e9lectorale.<\/strong><\/p>\n<p>L\u2019\u00e9l\u00e9ment fondamental dans la strat\u00e9gie de communication des candidats est la recherche de l\u2019influence. Les candidats seront donc amen\u00e9s \u00e0 exposer leurs id\u00e9es, projet et programme en vue de convaincre les citoyens. Pour voter sur le candidat de leur choix, ces derniers doivent d\u2019abord parvenir \u00e0 se faire une opinion sur les th\u00e8mes et les sujets d\u2019actualit\u00e9 qui concernent leur vie quotidienne, et surtout ce qu\u2019ils attendent de l\u2019avenir.<br \/>C\u2019est dans cette perspective que la loi organique n\u00b0 19-08 relative au r\u00e9gime \u00e9lectoral stipule dans son article 177 que, \u00abtout candidat aux \u00e9lections locales, l\u00e9gislatives ou pr\u00e9sidentielles dispose, pour pr\u00e9senter son programme aux \u00e9lecteurs, d\u2019un acc\u00e8s \u00e9quitable aux m\u00e9dias audiovisuels autoris\u00e9s \u00e0 exercer en application de la l\u00e9gislation et de la r\u00e9glementation en vigueur\u00bb.<br \/>Dans ce contexte, et selon le m\u00eame article, \u00abla dur\u00e9e des \u00e9missions accord\u00e9es est \u00e9gale pour chacun des candidats aux \u00e9lections pr\u00e9sidentielles\u00bb. Il est clair, aux termes de cet article, que le l\u00e9gislateur alg\u00e9rien a pris en consid\u00e9ration la tr\u00e8s grande disparit\u00e9 des moyens financiers dont disposent les candidats.<br \/>La recherche de l\u2019\u00e9quilibre et de l\u2019\u00e9galit\u00e9 est l\u2019un des premiers objectifs recherch\u00e9s : accorder \u00e0 chacun des candidats un acc\u00e8s \u00e9quitable aux m\u00e9dias audiovisuels nationaux dans les m\u00eames conditions, les m\u00eames chances et les m\u00eames conditions techniques, surtout pour se faire conna\u00eetre aupr\u00e8s des \u00e9lecteurs, et de leur pr\u00e9senter le programme \u00e9lectoral et les projets \u00e9labor\u00e9s.<br \/>Partant de l\u00e0, l\u2019Autorit\u00e9 de r\u00e9gulation de l\u2019audiovisuel (ARAV) est entr\u00e9e en sc\u00e8ne, en annon\u00e7ant, il y a quelques jours, qu\u2019elle travaille en coordination avec l\u2019Autorit\u00e9 nationale ind\u00e9pendante des \u00e9lections (ANIE) sur la question du passage des candidats \u00e0 la pr\u00e9sidentielle sur les diff\u00e9rents supports m\u00e9diatiques de l\u2019audiovisuel, afin d\u2019assurer une r\u00e9partition \u00e9quitable du temps allou\u00e9 \u00e0 chaque candidat.<br \/>Cette mesure vient en application de la nouvelle loi portant cr\u00e9ation de l\u2019ANIE, qui stipule que \u00abla r\u00e9partition d\u2019une mani\u00e8re juste et \u00e9quitable du temps d\u2019antenne dans les m\u00e9dias audiovisuels nationaux au profit des candidats, en coordination avec l\u2019Autorit\u00e9 de r\u00e9gulation de l\u2019audiovisuel, est parmi les missions qui sont d\u00e9volues \u00e0 l\u2019ANIE, ainsi que la facilitation du travail des institutions m\u00e9diatiques et des journalistes pour leur permettre de suivre les diff\u00e9rentes phases des op\u00e9rations \u00e9lectorales\u00bb.<br \/>Abondant dans ce sens, l\u2019ARAV a fait savoir qu\u2019elle a saisi l\u2019ensemble des intervenants de l\u2019audiovisuel, aussi bien publics que priv\u00e9s, afin de les \u00abinviter \u00e0 s\u2019\u00e9loigner du sensationnel et de l\u2019alarmisme lors de la couverture du scrutin du 12 d\u00e9cembre prochain\u00bb, tout en leur r\u00e9it\u00e9rant \u00absa confiance quant \u00e0 leur sens de responsabilit\u00e9 et de conscience professionnelle\u00bb. L\u2019ARAV recommande, dans le m\u00eame ordre d\u2019id\u00e9es, \u00abd\u2019\u00eatre \u00e0 la hauteur de cet \u00e9v\u00e9nement \u00e9lectoral qui constitue une amorce de la concr\u00e9tisation de la solution constitutionnelle de la crise que vit le pays, et ce, \u00e0 travers l\u2019\u00e9lection d\u2019un pr\u00e9sident de la R\u00e9publique qui, fort de sa l\u00e9gitimit\u00e9, pourra exercer ses pr\u00e9rogatives constitutionnelles\u00bb. L\u2019ANIE travaille actuellement sur un projet, en collaboration avec l\u2019ARAV, afin d\u2019organiser des d\u00e9bats t\u00e9l\u00e9vis\u00e9s entre les candidats \u00e0 la pr\u00e9sidentielle du 12 d\u00e9cembre, selon Abdelhafidh Milat, vice-pr\u00e9sident de cette instance.<br \/>Il faut rappeler dans ce contexte que l\u2019ANIE avait propos\u00e9 une charte d\u2019\u00e9thique de la pratique \u00e9lectorale entre les candidats et les cha\u00eenes de t\u00e9l\u00e9vision. Quant \u00e0 l\u2019objectif de ladite charte, selon la m\u00eame source, c\u2019est l\u2019instauration d\u2019un climat de campagne o\u00f9 tous les acteurs, dont la presse, devraient respecter ladite charte sans d\u00e9rapage, le respect de l\u2019autre, et assurer le fair-play, afin d\u2019\u00e9viter tout d\u00e9passement verbal ou autres.<br \/>\u00a0\u00a0\u00a0 Tahar Kaidi<\/p>\n<p>Auteur: elmoudjahid<br \/>\n<a href=\"http:\/\/www.elmoudjahid.com\/fr\/actualites\/144400\">Cliquez ici pour lire l&rsquo;article depuis sa source.<\/a><\/p>\n","protected":false},"excerpt":{"rendered":"<p>Les cinq candidats retenus pour la pr\u00e9sidentielle du 12 d\u00e9cembre prochain peaufinent leurs programme et slogan, pour se lancer dans une comp\u00e9tition \u00e9lectorale qui s&rsquo;annonce difficile par rapport \u00e0 un contexte politique in\u00e9dit, qui n\u00e9cessite une certaine r\u00e9activit\u00e9 par rapport \u00e0 l\u2019offre \u00e9lectorale. L\u2019\u00e9l\u00e9ment fondamental dans la strat\u00e9gie de communication des candidats est la recherche [&hellip;]<\/p>\n","protected":false},"author":1744,"featured_media":0,"comment_status":"closed","ping_status":"closed","sticky":false,"template":"","format":"standard","meta":{"fifu_image_url":"","fifu_image_alt":"","footnotes":""},"categories":[73,53],"tags":[],"class_list":["post-67153","post","type-post","status-publish","format-standard","hentry","category-actualite","category-algerie"],"_links":{"self":[{"href":"https:\/\/linitiative.ca\/International\/wp-json\/wp\/v2\/posts\/67153","targetHints":{"allow":["GET"]}}],"collection":[{"href":"https:\/\/linitiative.ca\/International\/wp-json\/wp\/v2\/posts"}],"about":[{"href":"https:\/\/linitiative.ca\/International\/wp-json\/wp\/v2\/types\/post"}],"author":[{"embeddable":true,"href":"https:\/\/linitiative.ca\/International\/wp-json\/wp\/v2\/users\/1744"}],"replies":[{"embeddable":true,"href":"https:\/\/linitiative.ca\/International\/wp-json\/wp\/v2\/comments?post=67153"}],"version-history":[{"count":0,"href":"https:\/\/linitiative.ca\/International\/wp-json\/wp\/v2\/posts\/67153\/revisions"}],"wp:attachment":[{"href":"https:\/\/linitiative.ca\/International\/wp-json\/wp\/v2\/media?parent=67153"}],"wp:term":[{"taxonomy":"category","embeddable":true,"href":"https:\/\/linitiative.ca\/International\/wp-json\/wp\/v2\/categories?post=67153"},{"taxonomy":"post_tag","embeddable":true,"href":"https:\/\/linitiative.ca\/International\/wp-json\/wp\/v2\/tags?post=67153"}],"curies":[{"name":"wp","href":"https:\/\/api.w.org\/{rel}","templated":true}]}}