{"id":67154,"date":"2019-11-11T15:15:20","date_gmt":"2019-11-11T20:15:20","guid":{"rendered":"https:\/\/linitiative.ca\/International\/marche-a-sidi-bel-abbes-soutien-a-la-presidentielle\/"},"modified":"2019-11-11T15:15:20","modified_gmt":"2019-11-11T20:15:20","slug":"marche-a-sidi-bel-abbes-soutien-a-la-presidentielle","status":"publish","type":"post","link":"https:\/\/linitiative.ca\/International\/marche-a-sidi-bel-abbes-soutien-a-la-presidentielle\/","title":{"rendered":"Marche \u00e0 Sidi Bel-Abb\u00e8s :  Soutien \u00e0 la pr\u00e9sidentielle"},"content":{"rendered":"<p>Des citoyens, des membres d\u2019associations civiles se sont rassembl\u00e9s dans diff\u00e9rentes villes du territoire national pour exprimer leur pleine adh\u00e9sion au processus de sortie de crise dans laquelle se d\u00e9bat le pays. Les marcheurs sont intimement persuad\u00e9s que les \u00e9lections pr\u00e9sidentielles du 12 d\u00e9cembre 2019 constituent la solution incontournable pour s\u2019extirper de cette pr\u00e9carit\u00e9 institutionnelle, de ce provisoire qui risque de s\u2019inscrire dans la dur\u00e9e si l\u2019on n\u2019y prend pas garde. Une situation qui porte pr\u00e9judice aux int\u00e9r\u00eats bien compris de la nation.<br \/>Pour eux, \u00e9lire un pr\u00e9sident de la R\u00e9publique imbu d\u2019une incontestable l\u00e9gitimit\u00e9 populaire est d\u2019une imp\u00e9rieuse n\u00e9cessit\u00e9, voire une panac\u00e9e. Ces citoyens se sont rassembl\u00e9s, munis de banderoles, de portraits de martyrs et de leaders de la lutte de Lib\u00e9ration nationale, d\u2019\u00e9criteaux divers, brandissant des pancartes et scandant des slogans favorables \u00e0 la tenue de ces \u00e9lections. Ils n\u2019ont pas manqu\u00e9 de fustiger ceux qui, selon eux, sont tapis dans l\u2019ombre et qui tentent de freiner l\u2019\u00e9lan de sortie de crise, et de vouloir semer la discorde, la \u00abFitna\u00bb entre le peuple et l\u2019ANP.<br \/>De leur point de vue clairement \u00e9nonc\u00e9 au cours de leurs manifestations, il ne saurait y avoir d\u2019hostilit\u00e9 ni une quelconque atteinte \u00e0 la coh\u00e9sion, \u00e0 l\u2019esprit de solidarit\u00e9, \u00e0 ce lien ind\u00e9fectible, tiss\u00e9 aux heures les plus glorieuses de notre lutte de Lib\u00e9ration nationale, qui unissent les Alg\u00e9riens dans leur \u00e9crasante majorit\u00e9 et l\u2019institution militaire. Cette derni\u00e8re, d\u2019apr\u00e8s les propos de ces marcheurs, n\u2019a pas l\u00e9sin\u00e9 sur ses efforts, depuis l\u2019\u00e9mergence du HIRAK populaire, pour l\u2019accompagner et adh\u00e9rer \u00e0 ses justes revendications. Les initiateurs de ces marches qui n\u2019arr\u00eataient pas de crier \u00abDjeich-Cha\u00e2b, khawa-khawa \u00bb, ont clam\u00e9 que l\u2019institution militaire est une ligne rouge \u00e0 ne jamais d\u00e9passer.<br \/>Ils ont fait part d\u2019un d\u00e9sir ardent \u00e0 inciter les \u00e9lecteurs \u00e0 participer en masse aux \u00e9lections, d\u2019en finir avec une corruption qui \u00e9tait en voie de scier le dos \u00e0 l\u2019\u00e9conomie nationale, \u00e0 coups de pr\u00e9bendes, de pr\u00e9varications qui sonnaient comme un outrage \u00e0 la collectivit\u00e9 nationale, de mettre un terme \u00e0 une forme d\u2019impunit\u00e9 tellement insupportable et ravageuse, de s\u2019attacher \u00e0 la l\u00e9galit\u00e9 constitutionnelle, pour s\u2019\u00e9loigner des dangers et des affres d\u2019une chute dans l\u2019inconnu, de poser les jalons d\u2019une Alg\u00e9rie nouvelle qui ne soit plus un terreau fertile annonciateur de pratiques abjectes de n\u00e9potisme, de passe-droits, et toutes sortes de reflexes d\u00e9l\u00e9t\u00e8res qui n\u2019ont pas manqu\u00e9 de ternir la respectabilit\u00e9 de ce pays.<br \/>Nul doute que ce mouvement trouvera, tr\u00e8s certainement, un large \u00e9cho aupr\u00e8s des citoyens et des larges couches de la soci\u00e9t\u00e9 dans les jours et semaines \u00e0 venir. Ce n\u2019est pas un v\u0153u pieux ni une pure illusion, mais l\u2019expression d\u2019un sinc\u00e8re et persistant sentiment collectif de voir le pays s\u2019engager sur le chemin de la qui\u00e9tude, renouer avec les exigences d\u2019une r\u00e9ponse efficace \u00e0 tous les d\u00e9fis auxquels fait face la nation.<br \/>\u00a0\u00a0\u00a0 M. B.<\/p>\n<p>Auteur: elmoudjahid<br \/>\n<a href=\"http:\/\/www.elmoudjahid.com\/fr\/actualites\/144401\">Cliquez ici pour lire l&rsquo;article depuis sa source.<\/a><\/p>\n","protected":false},"excerpt":{"rendered":"<p>Des citoyens, des membres d\u2019associations civiles se sont rassembl\u00e9s dans diff\u00e9rentes villes du territoire national pour exprimer leur pleine adh\u00e9sion au processus de sortie de crise dans laquelle se d\u00e9bat le pays. Les marcheurs sont intimement persuad\u00e9s que les \u00e9lections pr\u00e9sidentielles du 12 d\u00e9cembre 2019 constituent la solution incontournable pour s\u2019extirper de cette pr\u00e9carit\u00e9 institutionnelle, [&hellip;]<\/p>\n","protected":false},"author":1744,"featured_media":0,"comment_status":"closed","ping_status":"closed","sticky":false,"template":"","format":"standard","meta":{"fifu_image_url":"","fifu_image_alt":"","footnotes":""},"categories":[73,53],"tags":[],"class_list":["post-67154","post","type-post","status-publish","format-standard","hentry","category-actualite","category-algerie"],"_links":{"self":[{"href":"https:\/\/linitiative.ca\/International\/wp-json\/wp\/v2\/posts\/67154","targetHints":{"allow":["GET"]}}],"collection":[{"href":"https:\/\/linitiative.ca\/International\/wp-json\/wp\/v2\/posts"}],"about":[{"href":"https:\/\/linitiative.ca\/International\/wp-json\/wp\/v2\/types\/post"}],"author":[{"embeddable":true,"href":"https:\/\/linitiative.ca\/International\/wp-json\/wp\/v2\/users\/1744"}],"replies":[{"embeddable":true,"href":"https:\/\/linitiative.ca\/International\/wp-json\/wp\/v2\/comments?post=67154"}],"version-history":[{"count":0,"href":"https:\/\/linitiative.ca\/International\/wp-json\/wp\/v2\/posts\/67154\/revisions"}],"wp:attachment":[{"href":"https:\/\/linitiative.ca\/International\/wp-json\/wp\/v2\/media?parent=67154"}],"wp:term":[{"taxonomy":"category","embeddable":true,"href":"https:\/\/linitiative.ca\/International\/wp-json\/wp\/v2\/categories?post=67154"},{"taxonomy":"post_tag","embeddable":true,"href":"https:\/\/linitiative.ca\/International\/wp-json\/wp\/v2\/tags?post=67154"}],"curies":[{"name":"wp","href":"https:\/\/api.w.org\/{rel}","templated":true}]}}