{"id":67155,"date":"2019-11-11T15:15:22","date_gmt":"2019-11-11T20:15:22","guid":{"rendered":"https:\/\/linitiative.ca\/International\/la-campagne-debutera-dimanche-les-candidats-a-lepreuve-du-terrain\/"},"modified":"2019-11-11T15:15:22","modified_gmt":"2019-11-11T20:15:22","slug":"la-campagne-debutera-dimanche-les-candidats-a-lepreuve-du-terrain","status":"publish","type":"post","link":"https:\/\/linitiative.ca\/International\/la-campagne-debutera-dimanche-les-candidats-a-lepreuve-du-terrain\/","title":{"rendered":"La  campagne D\u00e9butera dimanche  :  Les candidats  \u00e0 l\u2019\u00e9preuve du terrain"},"content":{"rendered":"<p>Moins d\u2019une semaine s\u00e9pare les Alg\u00e9riens du lancement de la campagne \u00e9lectorale pour la pr\u00e9sidentielle du 12 d\u00e9cembre. D\u00e8s dimanche prochain, les cinq candidats en lice seront confront\u00e9s \u00e0 l\u2019\u00e9preuve du terrain. Ils seront appel\u00e9s en effet \u00e0\u00a0 sillonner,\u00a0 trois\u00a0 semaines durant,\u00a0 les quatre coins du pays pour convaincre le citoyen, d\u2019abord de la pertinence de leurs programmes respectifs et plaider, ensuite, pour une participation massive lors du prochain rendez-vous des urnes. Porteuse d\u2019espoirs en termes notamment d\u2019instauration d\u2019une nouvelle gouvernance transparente au seul service du peuple et des\u00a0 int\u00e9r\u00eats supr\u00eame de la patrie, la pr\u00e9sidentielle du 12 d\u00e9cembre se distingue aussi par la mise en place d\u2019une s\u00e9rie de m\u00e9canismes garantissant son d\u00e9roulement suivant les principes d\u2019int\u00e9grit\u00e9 et de cr\u00e9dibilit\u00e9 irr\u00e9prochables.<br \/>En un mot, il est question de garanties qui confortent\u00a0 l\u2019id\u00e9e selon laquelle le choix souverain du peuple sera absolument respect\u00e9. C\u2019est l\u00e0 d\u2019ailleurs une des missions principales de l\u2019Autorit\u00e9 nationale ind\u00e9pendante des \u00e9lections (Anie) dont les membres ont \u00e9t\u00e9 convoqu\u00e9s dimanche pour une assembl\u00e9e g\u00e9n\u00e9rale tenue sous l\u2019\u00e9gide de son pr\u00e9sident Mohamed\u00a0 Charfi, et \u00e0 l\u2019occasion de laquelle une s\u00e9rie de directives internes ont \u00e9t\u00e9 adopt\u00e9es dans le sens d\u2019assurer une campagne \u00e9lectorale \u00e0 la fois sereine et r\u00e9guli\u00e8re mais aussi respectueuse des constantes nationales. C\u2019est l\u2019esprit m\u00eame de la charte d\u2019\u00e9thique de la pratique \u00e9lectorale \u00e9labor\u00e9e par l\u2019Anie et qui sera sign\u00e9e samedi prochain, \u00e0 la veille du lancement de la campagne \u00e9lectorale aussi bien par les cinq candidats en lice que\u00a0 par les responsables des m\u00e9dias, tous supports confondus. Du c\u00f4t\u00e9 des postulants \u00e0 la magistrature supr\u00eame, c\u2019est plut\u00f4t une ambiance effervescente qui s\u2019empare de leur staff de campagne pris par d\u2019intenses pr\u00e9paratifs.\u00a0 Ce qui\u00a0 atteste d\u2019une comp\u00e9tition qui sera tr\u00e8s anim\u00e9e en termes de meetings \u00e9lectoraux, rencontres de proximit\u00e9 et interventions sur les m\u00e9dias publics dont la r\u00e9partition des horaires de passage sera d\u00e9cid\u00e9e\u00a0 ce jeudi par les cadres de l\u2019Anie, de concert avec les repr\u00e9sentants de l\u2019Autorit\u00e9\u00a0 de r\u00e9gulation de l\u2019audiovisuel (Arav).\u00a0 Les cinq candidats que sont Ali Benflis, Abdelkader Bengrina, Azzedine Mihoubi, Abdelmadjid Tebboune et Abdelaziz Bela\u00efd ne sont pas sans ignorer, par ailleurs, la conjoncture particuli\u00e8re dans laquelle intervient la pr\u00e9sidentielle. Il s\u2019agit en effet d\u2019un contexte marqu\u00e9 par des revendications l\u00e9gitimes pr\u00f4nant le changement et l\u2019instauration d\u2019une nouvelle r\u00e9publique fond\u00e9e sur les principes de l\u2019Etat de droit, d\u2019une justice ind\u00e9pendante et dot\u00e9e d\u2019institutions solides \u00e0 m\u00eame de relever les d\u00e9fis de l\u2019heure et ceux \u00e0 venir. Nul doute que ces aspirations, exprim\u00e9es pacifiquement par tout un peuple ayant battu le pav\u00e9 sans interruption depuis le 22 f\u00e9vrier, sont inscrites en premi\u00e8re ligne dans les engagements des candidats en question, qui ne m\u00e9nageront aucun\u00a0 effort pour convaincre l\u2019\u00e9lecteur quant \u00e0 lui assurer une prise en charge optimis\u00e9e\u00a0 de ses pr\u00e9occupations.<br \/>\u00a0Karim Aoudia \u00a0<br \/>\u00a0<\/p>\n<p>Auteur: elmoudjahid<br \/>\n<a href=\"http:\/\/www.elmoudjahid.com\/fr\/actualites\/144402\">Cliquez ici pour lire l&rsquo;article depuis sa source.<\/a><\/p>\n","protected":false},"excerpt":{"rendered":"<p>Moins d\u2019une semaine s\u00e9pare les Alg\u00e9riens du lancement de la campagne \u00e9lectorale pour la pr\u00e9sidentielle du 12 d\u00e9cembre. D\u00e8s dimanche prochain, les cinq candidats en lice seront confront\u00e9s \u00e0 l\u2019\u00e9preuve du terrain. Ils seront appel\u00e9s en effet \u00e0\u00a0 sillonner,\u00a0 trois\u00a0 semaines durant,\u00a0 les quatre coins du pays pour convaincre le citoyen, d\u2019abord de la pertinence [&hellip;]<\/p>\n","protected":false},"author":1744,"featured_media":0,"comment_status":"closed","ping_status":"closed","sticky":false,"template":"","format":"standard","meta":{"fifu_image_url":"","fifu_image_alt":"","footnotes":""},"categories":[73,53],"tags":[],"class_list":["post-67155","post","type-post","status-publish","format-standard","hentry","category-actualite","category-algerie"],"_links":{"self":[{"href":"https:\/\/linitiative.ca\/International\/wp-json\/wp\/v2\/posts\/67155","targetHints":{"allow":["GET"]}}],"collection":[{"href":"https:\/\/linitiative.ca\/International\/wp-json\/wp\/v2\/posts"}],"about":[{"href":"https:\/\/linitiative.ca\/International\/wp-json\/wp\/v2\/types\/post"}],"author":[{"embeddable":true,"href":"https:\/\/linitiative.ca\/International\/wp-json\/wp\/v2\/users\/1744"}],"replies":[{"embeddable":true,"href":"https:\/\/linitiative.ca\/International\/wp-json\/wp\/v2\/comments?post=67155"}],"version-history":[{"count":0,"href":"https:\/\/linitiative.ca\/International\/wp-json\/wp\/v2\/posts\/67155\/revisions"}],"wp:attachment":[{"href":"https:\/\/linitiative.ca\/International\/wp-json\/wp\/v2\/media?parent=67155"}],"wp:term":[{"taxonomy":"category","embeddable":true,"href":"https:\/\/linitiative.ca\/International\/wp-json\/wp\/v2\/categories?post=67155"},{"taxonomy":"post_tag","embeddable":true,"href":"https:\/\/linitiative.ca\/International\/wp-json\/wp\/v2\/tags?post=67155"}],"curies":[{"name":"wp","href":"https:\/\/api.w.org\/{rel}","templated":true}]}}