{"id":67158,"date":"2019-11-11T11:06:08","date_gmt":"2019-11-11T16:06:08","guid":{"rendered":"https:\/\/linitiative.ca\/International\/97297-personnes-interdites-de-stade-les-modalites-d-etablissement-du-fichier-national-fixees\/"},"modified":"2019-11-11T11:06:08","modified_gmt":"2019-11-11T16:06:08","slug":"97297-personnes-interdites-de-stade-les-modalites-d-etablissement-du-fichier-national-fixees","status":"publish","type":"post","link":"https:\/\/linitiative.ca\/International\/97297-personnes-interdites-de-stade-les-modalites-d-etablissement-du-fichier-national-fixees\/","title":{"rendered":"Personnes interdites de stade: les modalit\u00e9s d\u2019\u00e9tablissement du fichier national fix\u00e9es"},"content":{"rendered":"<div readability=\"36\">\n<p><strong>ALGER &#8211; Les modalit\u00e9s d&rsquo;\u00e9tablissement et de mise \u00e0 jour du fichier national des personnes interdites d\u2019acc\u00e8s aux infrastructures sportives ont \u00e9t\u00e9 fix\u00e9es par d\u00e9cret ex\u00e9cutif et publi\u00e9es sur le Journal officiel num\u00e9ro 64, dans le but de lutter contre le ph\u00e9nom\u00e8ne de la violence dans les stades.<\/strong><\/p>\n<\/div>\n<div readability=\"75.0966863368\">\n<p>Selon le document, le fichier national des personnes interdites d\u2019acc\u00e8s aux infrastructures sportives \u00ab\u00a0est une base de donn\u00e9es centralis\u00e9e, extraite du syst\u00e8me national automatis\u00e9 du casier judiciaire, conform\u00e9ment \u00e0 la l\u00e9gislation en vigueur\u00a0\u00bb.<\/p>\n<p>Selon l&rsquo;article 3 du d\u00e9cret ex\u00e9cutif\u00a0 N.19-272, le service central du casier judiciaire du minist\u00e8re de la Justice est charg\u00e9 de l\u2019organisation, de la gestion et de la mise \u00e0 jour du fichier national des personnes interdites de stade.<\/p>\n<p>Afin de prendre les mesures susceptibles de pr\u00e9venir et de lutter contre la violence dans les infrastructures sportives, \u00ab\u00a0les f\u00e9d\u00e9rations sportives nationales, les ligues sportives, les associations et les clubs sportifs sont inform\u00e9s par les services habilit\u00e9s du minist\u00e8re charg\u00e9 de la Jeunesse et des Sports sur les personnes dont les noms figurent dans le fichier national des personnes interdites d\u2019acc\u00e8s aux infrastructures sportives\u00a0\u00bb.<\/p>\n<hr\/>\n<h3>Lire aussi:\u00a0<a href=\"http:\/\/www.aps.dz\/sport\/95117-violence-dans-les-stades-conditions-et-modalites-de-travail-des-stadiers-fixees\" target=\"_blank\" rel=\"noopener noreferrer\">Violence dans les stades: conditions et modalit\u00e9s de travail des stadiers fix\u00e9es<\/a><\/h3>\n<hr\/>\n<p>\u00ab\u00a0Les personnes ayant acc\u00e8s au fichier national des personnes interdites d\u2019acc\u00e8s aux infrastructures sportives sont : les services habilit\u00e9s relevant du minist\u00e8re charg\u00e9 de l&rsquo;Int\u00e9rieur et des Collectivit\u00e9s locales, les services habilit\u00e9s relevant du minist\u00e8re charg\u00e9 de la Jeunesse et des Sports, les services habilit\u00e9s relevant de la Direction g\u00e9n\u00e9rale de la s\u00fbret\u00e9 nationale, les services habilit\u00e9s relevant du Commandement de la gendarmerie nationale et les walis\u00a0\u00bb, pr\u00e9cise-t-on de m\u00eame source.<\/p>\n<p>Les donn\u00e9es enregistr\u00e9es dans ce fichier national sont les donn\u00e9es \u00e0 caract\u00e8re personnel (identit\u00e9, date et lieu de naissance, nationalit\u00e9, adresse, profession et photographie) et celles relatives au jugement ou \u00e0 la d\u00e9cision d\u2019interdiction.<\/p>\n<p>\u00ab\u00a0Toute juridiction ayant prononc\u00e9 une peine compl\u00e9mentaire d\u2019interdiction d\u2019acc\u00e8s aux infrastructures sportives, \u00e9tablit une seconde fiche sign\u00e9e par le procureur de la R\u00e9publique et le greffier et la transmet au service central du casier judiciaire. Le ministre de la justice, garde des sceaux fixe, le cas \u00e9ch\u00e9ant, par arr\u00eat\u00e9 le mod\u00e8le de cette fiche\u00a0\u00bb, conclut le texte.<\/p>\n<\/div>\n<p>Auteur:<br \/>\n<a href=\"http:\/\/www.aps.dz\/sport\/97297-personnes-interdites-de-stade-les-modalites-d-etablissement-du-fichier-national-fixees?utm_source=feedburner&#038;utm_medium=feed&#038;utm_campaign=Feed%3A+aps-sport+%28APS+-+SPORT%29\">Cliquez ici pour lire l&rsquo;article depuis sa source.<\/a><\/p>\n","protected":false},"excerpt":{"rendered":"<p>ALGER &#8211; Les modalit\u00e9s d&rsquo;\u00e9tablissement et de mise \u00e0 jour du fichier national des personnes interdites d\u2019acc\u00e8s aux infrastructures sportives ont \u00e9t\u00e9 fix\u00e9es par d\u00e9cret ex\u00e9cutif et publi\u00e9es sur le Journal officiel num\u00e9ro 64, dans le but de lutter contre le ph\u00e9nom\u00e8ne de la violence dans les stades. Selon le document, le fichier national des [&hellip;]<\/p>\n","protected":false},"author":1790,"featured_media":0,"comment_status":"closed","ping_status":"closed","sticky":false,"template":"","format":"standard","meta":{"fifu_image_url":"","fifu_image_alt":"","footnotes":""},"categories":[53,75],"tags":[],"class_list":["post-67158","post","type-post","status-publish","format-standard","hentry","category-algerie","category-sport"],"_links":{"self":[{"href":"https:\/\/linitiative.ca\/International\/wp-json\/wp\/v2\/posts\/67158","targetHints":{"allow":["GET"]}}],"collection":[{"href":"https:\/\/linitiative.ca\/International\/wp-json\/wp\/v2\/posts"}],"about":[{"href":"https:\/\/linitiative.ca\/International\/wp-json\/wp\/v2\/types\/post"}],"author":[{"embeddable":true,"href":"https:\/\/linitiative.ca\/International\/wp-json\/wp\/v2\/users\/1790"}],"replies":[{"embeddable":true,"href":"https:\/\/linitiative.ca\/International\/wp-json\/wp\/v2\/comments?post=67158"}],"version-history":[{"count":0,"href":"https:\/\/linitiative.ca\/International\/wp-json\/wp\/v2\/posts\/67158\/revisions"}],"wp:attachment":[{"href":"https:\/\/linitiative.ca\/International\/wp-json\/wp\/v2\/media?parent=67158"}],"wp:term":[{"taxonomy":"category","embeddable":true,"href":"https:\/\/linitiative.ca\/International\/wp-json\/wp\/v2\/categories?post=67158"},{"taxonomy":"post_tag","embeddable":true,"href":"https:\/\/linitiative.ca\/International\/wp-json\/wp\/v2\/tags?post=67158"}],"curies":[{"name":"wp","href":"https:\/\/api.w.org\/{rel}","templated":true}]}}