{"id":67163,"date":"2019-11-11T10:53:00","date_gmt":"2019-11-11T15:53:00","guid":{"rendered":"https:\/\/linitiative.ca\/International\/violence-dans-les-stades-creation-dun-fichier-national-des-hooligans\/"},"modified":"2019-11-11T10:53:00","modified_gmt":"2019-11-11T15:53:00","slug":"violence-dans-les-stades-creation-dun-fichier-national-des-hooligans","status":"publish","type":"post","link":"https:\/\/linitiative.ca\/International\/violence-dans-les-stades-creation-dun-fichier-national-des-hooligans\/","title":{"rendered":"VIOLENCE DANS LES STADES : Cr\u00e9ation d\u2019un fichier national des hooligans"},"content":{"rendered":"<p><br id=\"sep_para_1\" class=\"sep_para access\"\/><\/p>\n<div id=\"para_1\" class=\"para_33913838 resize\">\n<div class=\"texte access firstletter\">Le premier ministre Noureddine Bedoui a sign\u00e9 un d\u00e9cret ex\u00e9cutif, paru sur le journal officiel n\u00b064 portant sur l\u2019 \u00ab \u00e9tablissement et de la mise \u00e0 jour du fichier national des personnes interdites d\u2019acc\u00e8s aux infrastructures sportives \u00bb. La mission de cr\u00e9ation de ce fichier pour hooligans a \u00e9t\u00e9 confi\u00e9e au service central du casier judiciaire relevant du minist\u00e8re de la justice. \u00ab Le service central du casier judiciaire du minist\u00e8re de la justice est charg\u00e9 de l\u2019organisation, de la gestion et de la mise \u00e0 jour du fichier national des personnes interdites d\u2019acc\u00e8s aux infrastructures sportives. \u00bb lit-on dans le d\u00e9cret sign\u00e9 par le premier ministre. Les services concern\u00e9s sont charg\u00e9s de: -de tenir, de mettre \u00e0 jour et d\u2019administrer la base de donn\u00e9es centralis\u00e9e du fichier national des personnes interdites d\u2019acc\u00e8s aux infrastructures sportives ;-de proc\u00e9der \u00e0 l\u2019inscription et au retrait des personnes interdites d\u2019acc\u00e8s aux infrastructures sportives, par d\u00e9cision judiciaire d\u00e9finitive; de conserver les donn\u00e9es sur des supports appropri\u00e9s ;\u2014 d\u2019assurer la s\u00e9curit\u00e9 et la gestion de l\u2019acc\u00e8s au fichier national des personnes interdites d\u2019acc\u00e8s aux infrastructures sportives ;\u2014 de mettre \u00e0 la disposition des administrations et des institutions habilit\u00e9es, les donn\u00e9es mises \u00e0 jour du fichier national des personnes interdites d\u2019acc\u00e8s aux infrastructures sportives. \u00ab Toute juridiction ayant prononc\u00e9 une peine compl\u00e9mentaire d\u2019interdiction d\u2019acc\u00e8s aux infrastructures sportives, \u00e9tablit une seconde fiche sign\u00e9e par le procureur de la R\u00e9publique et le greffier et la transmet au service central du casier judiciaire. \u00bb pr\u00e9cise le d\u00e9cret.\u00a0<\/div>\n<\/div>\n<p>Auteur: Nadine<br \/>\n<a href=\"https:\/\/www.reflexiondz.net\/VIOLENCE-DANS-LES-STADES-Creation-d-un-fichier-national-des-hooligans_a58749.html\">Cliquez ici pour lire l&rsquo;article depuis sa source.<\/a><\/p>\n","protected":false},"excerpt":{"rendered":"<p>Le premier ministre Noureddine Bedoui a sign\u00e9 un d\u00e9cret ex\u00e9cutif, paru sur le journal officiel n\u00b064 portant sur l\u2019 \u00ab \u00e9tablissement et de la mise \u00e0 jour du fichier national des personnes interdites d\u2019acc\u00e8s aux infrastructures sportives \u00bb. La mission de cr\u00e9ation de ce fichier pour hooligans a \u00e9t\u00e9 confi\u00e9e au service central du casier [&hellip;]<\/p>\n","protected":false},"author":1740,"featured_media":0,"comment_status":"closed","ping_status":"closed","sticky":false,"template":"","format":"standard","meta":{"fifu_image_url":"","fifu_image_alt":"","footnotes":""},"categories":[53,76],"tags":[],"class_list":["post-67163","post","type-post","status-publish","format-standard","hentry","category-algerie","category-regions"],"_links":{"self":[{"href":"https:\/\/linitiative.ca\/International\/wp-json\/wp\/v2\/posts\/67163","targetHints":{"allow":["GET"]}}],"collection":[{"href":"https:\/\/linitiative.ca\/International\/wp-json\/wp\/v2\/posts"}],"about":[{"href":"https:\/\/linitiative.ca\/International\/wp-json\/wp\/v2\/types\/post"}],"author":[{"embeddable":true,"href":"https:\/\/linitiative.ca\/International\/wp-json\/wp\/v2\/users\/1740"}],"replies":[{"embeddable":true,"href":"https:\/\/linitiative.ca\/International\/wp-json\/wp\/v2\/comments?post=67163"}],"version-history":[{"count":0,"href":"https:\/\/linitiative.ca\/International\/wp-json\/wp\/v2\/posts\/67163\/revisions"}],"wp:attachment":[{"href":"https:\/\/linitiative.ca\/International\/wp-json\/wp\/v2\/media?parent=67163"}],"wp:term":[{"taxonomy":"category","embeddable":true,"href":"https:\/\/linitiative.ca\/International\/wp-json\/wp\/v2\/categories?post=67163"},{"taxonomy":"post_tag","embeddable":true,"href":"https:\/\/linitiative.ca\/International\/wp-json\/wp\/v2\/tags?post=67163"}],"curies":[{"name":"wp","href":"https:\/\/api.w.org\/{rel}","templated":true}]}}