{"id":67164,"date":"2019-11-11T10:53:00","date_gmt":"2019-11-11T15:53:00","guid":{"rendered":"https:\/\/linitiative.ca\/International\/justice-vers-le-recrutement-de-274-magistrats\/"},"modified":"2019-11-11T10:53:00","modified_gmt":"2019-11-11T15:53:00","slug":"justice-vers-le-recrutement-de-274-magistrats","status":"publish","type":"post","link":"https:\/\/linitiative.ca\/International\/justice-vers-le-recrutement-de-274-magistrats\/","title":{"rendered":"JUSTICE : Vers le recrutement de 274 magistrats"},"content":{"rendered":"<p><br id=\"sep_para_1\" class=\"sep_para access\"\/><\/p>\n<div id=\"para_1\" class=\"para_33913831 resize\">\n<div class=\"texte access firstletter\">Le ministre de la Justice, Garde des Seaux, Belkacem Zeghmati a annonc\u00e9, dimanche \u00e0 Alger, l&rsquo;ouverture prochaine, d&rsquo;un concours pour le recrutement de 274 magistrats, mettant l&rsquo;accent sur l&rsquo;imp\u00e9rative r\u00e9vision du syst\u00e8me de formation de ce corps, au regard de la sensibilit\u00e9 des missions qui lui sont confi\u00e9s. R\u00e9pondant aux pr\u00e9occupations des d\u00e9put\u00e9s concernant le projet de loi modifiant le Code de proc\u00e9dure p\u00e9nale, le ministre a fait \u00e9tat de l&rsquo;ouverture \u00ab\u00a0prochaine\u00a0\u00bb d&rsquo;un concours pour le recrutement de 274 magistrats, soulignant l&rsquo;imp\u00e9rative r\u00e9vision progressive du syst\u00e8me de formation, au regard des missions sensibles confi\u00e9es au magistrat.\u00a0\u00a0<\/div>\n<\/div>\n<p>Auteur: Nadine<br \/>\n<a href=\"https:\/\/www.reflexiondz.net\/JUSTICE-Vers-le-recrutement-de-274-magistrats_a58747.html\">Cliquez ici pour lire l&rsquo;article depuis sa source.<\/a><\/p>\n","protected":false},"excerpt":{"rendered":"<p>Le ministre de la Justice, Garde des Seaux, Belkacem Zeghmati a annonc\u00e9, dimanche \u00e0 Alger, l&rsquo;ouverture prochaine, d&rsquo;un concours pour le recrutement de 274 magistrats, mettant l&rsquo;accent sur l&rsquo;imp\u00e9rative r\u00e9vision du syst\u00e8me de formation de ce corps, au regard de la sensibilit\u00e9 des missions qui lui sont confi\u00e9s. R\u00e9pondant aux pr\u00e9occupations des d\u00e9put\u00e9s concernant le [&hellip;]<\/p>\n","protected":false},"author":1740,"featured_media":0,"comment_status":"closed","ping_status":"closed","sticky":false,"template":"","format":"standard","meta":{"fifu_image_url":"","fifu_image_alt":"","footnotes":""},"categories":[53,76],"tags":[],"class_list":["post-67164","post","type-post","status-publish","format-standard","hentry","category-algerie","category-regions"],"_links":{"self":[{"href":"https:\/\/linitiative.ca\/International\/wp-json\/wp\/v2\/posts\/67164","targetHints":{"allow":["GET"]}}],"collection":[{"href":"https:\/\/linitiative.ca\/International\/wp-json\/wp\/v2\/posts"}],"about":[{"href":"https:\/\/linitiative.ca\/International\/wp-json\/wp\/v2\/types\/post"}],"author":[{"embeddable":true,"href":"https:\/\/linitiative.ca\/International\/wp-json\/wp\/v2\/users\/1740"}],"replies":[{"embeddable":true,"href":"https:\/\/linitiative.ca\/International\/wp-json\/wp\/v2\/comments?post=67164"}],"version-history":[{"count":0,"href":"https:\/\/linitiative.ca\/International\/wp-json\/wp\/v2\/posts\/67164\/revisions"}],"wp:attachment":[{"href":"https:\/\/linitiative.ca\/International\/wp-json\/wp\/v2\/media?parent=67164"}],"wp:term":[{"taxonomy":"category","embeddable":true,"href":"https:\/\/linitiative.ca\/International\/wp-json\/wp\/v2\/categories?post=67164"},{"taxonomy":"post_tag","embeddable":true,"href":"https:\/\/linitiative.ca\/International\/wp-json\/wp\/v2\/tags?post=67164"}],"curies":[{"name":"wp","href":"https:\/\/api.w.org\/{rel}","templated":true}]}}