{"id":67171,"date":"2019-11-11T09:21:00","date_gmt":"2019-11-11T14:21:00","guid":{"rendered":"https:\/\/linitiative.ca\/International\/la-bad-entend-souscrire-20-millions-deuros-au-capital-du-fond-des-fonds-tunisien-startup-capital-photos-video\/"},"modified":"2019-11-11T09:21:00","modified_gmt":"2019-11-11T14:21:00","slug":"la-bad-entend-souscrire-20-millions-deuros-au-capital-du-fond-des-fonds-tunisien-startup-capital-photos-video","status":"publish","type":"post","link":"https:\/\/linitiative.ca\/International\/la-bad-entend-souscrire-20-millions-deuros-au-capital-du-fond-des-fonds-tunisien-startup-capital-photos-video\/","title":{"rendered":"La BAD entend souscrire 20 millions d\u2019euros au capital du fond des fonds tunisien Startup Capital (Photos \/ Vid\u00e9o)"},"content":{"rendered":"<p><em><strong>De Taoufik Habaieb,<\/strong><\/em> <em><strong>envoy\u00e9 sp\u00e9cial de<\/strong><\/em> <strong><span class=\"c2\">Leaders<\/span> <\/strong><em><strong>\u00e0 Johannesburg.<\/strong><\/em> L\u2019effet de surprise est total sur la d\u00e9l\u00e9gation tunisienne \u00e0 Johannesburg. Devant lever les 25 millions d\u2019euros qui lui restent \u00e0 mobiliser pour boucler le capital du fond des fonds Startup Capital (Anavan) fix\u00e9 \u00e0 100 millions d\u2019euros, il lui fallait enchainer les contacts en ce premier jour de l\u2019Africa Investment Forum (AIF), organis\u00e9 par la BAD en collaboration avec l\u2019Afrique du Sud. A peine la pr\u00e9sentation du projet faite par Dr Boutheina Ben Yaghlane, directrice g\u00e9n\u00e9rale de la Caisse des D\u00e9p\u00f4ts et Consignations, chef de file, et Anas Jaballah, repr\u00e9sentant d\u2019Anavan, devant un groupe d\u2019investisseurs, que Mohamed El Azizi, directeur g\u00e9n\u00e9ral de la BAD pour l\u2019Afrique du Nord, demande \u00e0 prendre la parole. Dans cette Board Room au deuxi\u00e8me \u00e9tage du Convention Center \u00e0 Sandton o\u00f9 se tient l\u2019Africa Investment Forum, on retient son souffle. \u00abLa BAD entend souscrire 20 millions d\u2019euros!\u00bb. Dr Ben Yaghlane et les membres de la d\u00e9l\u00e9gation, jubilent. L\u2019ambassadeur de Tunisie \u00e0 Pretoria, Mme Narjes Dridi ne cache pas sa satisfaction. Le Forum d\u00e9marre bien pour la Tunisie qui soumet quatre autres projets.<\/p>\n<p class=\"c3\"><iframe loading=\"lazy\" src=\"https:\/\/www.youtube.com\/embed\/QqTv4dS0PkM\" allow=\"accelerometer; autoplay; encrypted-media; gyroscope; picture-in-picture\" allowfullscreen=\"\" width=\"560\" height=\"315\" frameborder=\"0\">[embedded content]<\/iframe><\/p>\n<p>Dans son introduction, Dr Ben Yaghlane avait mis en exergue, au-del\u00e0 du contexte d\u2019investissement favorable de la Tunisie, deux \u00e9l\u00e9ments clefs qui plaident en faveur de ce fond des fonds. D\u2019abord, la revue compl\u00e8te qu\u2019en a faite la Banque mondiale et, ensuite, l\u2019\u00e9tude approfondie effectu\u00e9e par BPI France. Pr\u00e9sente autour de la table, Isabelle B\u00e9b\u00e9ar, directrice des Affaires internationales et europ\u00e9ennes, de BPI France soulignera que toutes les diligences ont \u00e9t\u00e9 effectu\u00e9es et que ce projet pr\u00e9sente des dimensions tr\u00e8s prometteuses.<\/p>\n<p>\u00abC\u2019est le premier fond des fonds ciblant les startups qui se monte en Afrique, d\u00e9clarera Aziz Mbarek, CEO d\u2019Afric Invest. Il m\u00e9rite f\u00e9licitations et soutien.\u00bb<\/p>\n<p>Leila Mokaddem, repr\u00e9sentante de la BAD au Maroc, abordera dans le m\u00eame sens indiquant qu\u2019il serait utile de pr\u00e9senter la deuxi\u00e8me phase du projet devant doubler son capital pour le porter \u00e0 200 millions d\u2019euros \u00e0 des investisseurs marocains institutionnels et priv\u00e9s.<\/p>\n<p><img decoding=\"async\" src=\"\/uploads\/FCK_files\/IMG_2019.jpg\" alt=\"\" width=\"100%\" vspace=\"5\" align=\"middle\" hspace=\"5\"\/><\/p>\n<p>Anas Ben Jaballah avait indiqu\u00e9 que <a href=\"\/uploads\/FCK_files\/Startup%20Tunisia%20-%20AIF%20Teaser.pdf\">l\u2019objectif est de favoriser sur cinq ans la cr\u00e9ation de 1000 startups, g\u00e9n\u00e9rant 10.000 emplois, et un chiffre d\u2019affaires de 1 milliard de dinars<\/a>. L\u2019ultime but est cependant de donner naissance \u00e0 une ic\u00f4ne tunisienne qui contribuera \u00e0 changer les mentalit\u00e9s et inspirer les jeunes. Sur les d\u00e9tails du projet, il soulignera que les \u00e9tudes n\u00e9cessaires quant aux diff\u00e9rents types de fonds b\u00e9n\u00e9ficiaires potentiels, crit\u00e8res de s\u00e9lection et montants des tickets \u00e0 r\u00e9server pour chaque cat\u00e9gorie ont \u00e9t\u00e9 finalis\u00e9es, tout comme celles relatives aux startups. L\u2019exp\u00e9rience des startups hybrides n\u00e9es en Europe et d\u00e9velopp\u00e9es en Tunisie peuvent selon lui constituer un exemple \u00e0 retenir.<\/p>\n<p><img decoding=\"async\" src=\"\/uploads\/FCK_files\/IMG_201918.jpg\" alt=\"\" width=\"100%\" vspace=\"5\" align=\"middle\" hspace=\"5\"\/><\/p>\n<p>Selon Jaballah, d\u00e8s le closing d\u00e9sormais imminent des souscriptions, Startup Capital est fin pr\u00eat pour d\u00e9marrer au cours du 1er trimestre 2020.<\/p>\n<p><a href=\"\/uploads\/FCK_files\/Startup%20Tunisia%20-%20AIF%20Teaser.pdf\">T\u00e9l\u00e9charger la pr\u00e9sentation du projet<\/a><\/p>\n<p>C\u2019est Achraf Tarsim, Managing Infrastructure &#038; Energy Sector, North Africa, \u00e0 la BAD, qui apportera, en conclusion, deux assurances quant au suivi qui sera entrepris par la Banque. D\u2019abord, une mission de la BAD se rendra d\u00e9but d\u00e9cembre prochain \u00e0 Tunis pour poursuivre les discussions avec l\u2019\u00e9quipe du projet. Ensuite, le document du projet sera distribu\u00e9 \u00e0 d\u2019autres investisseurs qui ont manifest\u00e9 l\u2019int\u00e9r\u00eat de l\u2019examiner. Mais, d\u2019ores et d\u00e9j\u00e0, la BAD entend souscrire 20 millions d\u2019euros. \u00abPromesses faites, promesses tenues\u00bb reprendra Dr Ben Yaghlane l\u2019affirmation faite par Dr Adesina, pr\u00e9sident de la BAD, lors de l\u2019ouverture ce lundi matin de l\u2019Africa Investment Forum.<\/p>\n<p class=\"c4\"><strong>Taoufik Habaieb<\/strong><\/p>\n<p class=\"c5\"><strong>Lire aussi<\/strong><\/p>\n<p class=\"c5\"><a href=\"https:\/\/www.leaders.com.tn\/article\/28383-la-tunisie-a-l-africa-investment-forum-de-johannesburg-cherche-investisseurs-resolument\" target=\"_blank\" rel=\"noopener noreferrer\">La Tunisie \u00e0 l\u2019Africa Investment Forum de Johannesburg: Cherche investisseurs, r\u00e9solument! (Photos)<\/a><\/p>\n<p>Auteur:<br \/>\n<a href=\"https:\/\/www.leaders.com.tn\/article\/28386-la-bad-entend-souscrire-20-millions-d-euros-au-capital-du-fond-des-fonds-tunisien-startup-capital-photos-video\">Cliquez ici pour lire l&rsquo;article depuis sa source.<\/a><\/p>\n","protected":false},"excerpt":{"rendered":"<p>De Taoufik Habaieb, envoy\u00e9 sp\u00e9cial de Leaders \u00e0 Johannesburg. L\u2019effet de surprise est total sur la d\u00e9l\u00e9gation tunisienne \u00e0 Johannesburg. Devant lever les 25 millions d\u2019euros qui lui restent \u00e0 mobiliser pour boucler le capital du fond des fonds Startup Capital (Anavan) fix\u00e9 \u00e0 100 millions d\u2019euros, il lui fallait enchainer les contacts en ce [&hellip;]<\/p>\n","protected":false},"author":1772,"featured_media":67172,"comment_status":"closed","ping_status":"closed","sticky":false,"template":"","format":"standard","meta":{"fifu_image_url":"","fifu_image_alt":"","footnotes":""},"categories":[73,55],"tags":[],"class_list":["post-67171","post","type-post","status-publish","format-standard","has-post-thumbnail","hentry","category-actualite","category-tunisie"],"_links":{"self":[{"href":"https:\/\/linitiative.ca\/International\/wp-json\/wp\/v2\/posts\/67171","targetHints":{"allow":["GET"]}}],"collection":[{"href":"https:\/\/linitiative.ca\/International\/wp-json\/wp\/v2\/posts"}],"about":[{"href":"https:\/\/linitiative.ca\/International\/wp-json\/wp\/v2\/types\/post"}],"author":[{"embeddable":true,"href":"https:\/\/linitiative.ca\/International\/wp-json\/wp\/v2\/users\/1772"}],"replies":[{"embeddable":true,"href":"https:\/\/linitiative.ca\/International\/wp-json\/wp\/v2\/comments?post=67171"}],"version-history":[{"count":0,"href":"https:\/\/linitiative.ca\/International\/wp-json\/wp\/v2\/posts\/67171\/revisions"}],"wp:featuredmedia":[{"embeddable":true,"href":"https:\/\/linitiative.ca\/International\/wp-json\/"}],"wp:attachment":[{"href":"https:\/\/linitiative.ca\/International\/wp-json\/wp\/v2\/media?parent=67171"}],"wp:term":[{"taxonomy":"category","embeddable":true,"href":"https:\/\/linitiative.ca\/International\/wp-json\/wp\/v2\/categories?post=67171"},{"taxonomy":"post_tag","embeddable":true,"href":"https:\/\/linitiative.ca\/International\/wp-json\/wp\/v2\/tags?post=67171"}],"curies":[{"name":"wp","href":"https:\/\/api.w.org\/{rel}","templated":true}]}}