{"id":67176,"date":"2019-11-11T13:33:00","date_gmt":"2019-11-11T18:33:00","guid":{"rendered":"https:\/\/linitiative.ca\/International\/marouane-abassi-exhorte-le-gouvernement-et-les-banquiers-a-ameliorer-le-climat-daffaires-et-a-renforcer-leclaircie-economique\/"},"modified":"2019-11-11T13:33:00","modified_gmt":"2019-11-11T18:33:00","slug":"marouane-abassi-exhorte-le-gouvernement-et-les-banquiers-a-ameliorer-le-climat-daffaires-et-a-renforcer-leclaircie-economique","status":"publish","type":"post","link":"https:\/\/linitiative.ca\/International\/marouane-abassi-exhorte-le-gouvernement-et-les-banquiers-a-ameliorer-le-climat-daffaires-et-a-renforcer-leclaircie-economique\/","title":{"rendered":"Marouane Abassi exhorte le gouvernement et les banquiers \u00e0 am\u00e9liorer le climat d&rsquo;affaires et \u00e0 renforcer l&rsquo;\u00e9claircie \u00e9conomique"},"content":{"rendered":"<p class=\"MsoNormal\">Le gouverneur de la Banque Centrale de Tunisien Marouane Abassi a appel\u00e9 le gouvernement \u00e0 \u0153uvrer pour l\u2019am\u00e9lioration du climat d\u2019affaires, \u00e0 ex\u00e9cuter les r\u00e9formes structurelles et l\u2019assainissement des entreprises publiques pour cr\u00e9er les conditions de la relance de l\u2019investissement national et \u00e9tranger et assurer le retour de la croissance\u00bb. Intervenant lors de la r\u00e9union p\u00e9riodique<span class=\"c2\">\u00a0<\/span> avec les PDG des banques, il a pr\u00e9cis\u00e9 que \u00abl\u2019objectif<span class=\"c2\">\u00a0<\/span> de toutes ces actions est de renforcer la tendance qui s\u2019est fait jour derni\u00e8rement concernant l\u2019am\u00e9lioration des donn\u00e9es concernant l\u2019inflation, le d\u00e9ficit commercial et le cours du dinar\u00bb.<\/p>\n<p class=\"MsoNormal\">Il a \u00e9galement renouvel\u00e9 ses appels aux banques<span class=\"c2\">\u00a0<\/span> pour poursuivre leurs efforts en vue de financer l\u2019\u00e9conomie tunisienne<span class=\"c2\">\u00a0<\/span> tout en orientant les investissements vers les secteurs productifs et conform\u00e9ment aux besoins d\u2019exploitation des PME pour \u00e9viter tout ce qui peut impacter la stabilit\u00e9 de la banque sur le court terme<span class=\"c2\">\u00a0<\/span> et sauvegarder le tissu industriel. <span class=\"c2\">\u00a0<\/span><\/p>\n<p>Auteur:<br \/>\n<a href=\"https:\/\/www.leaders.com.tn\/article\/28391-marouane-abassi-exhorte-le-gouvernement-et-les-banquiers-a-ameliorer-le-climant-d-affaires-et-a-renforcer-l-eclaircie-economique\">Cliquez ici pour lire l&rsquo;article depuis sa source.<\/a><\/p>\n","protected":false},"excerpt":{"rendered":"<p>Le gouverneur de la Banque Centrale de Tunisien Marouane Abassi a appel\u00e9 le gouvernement \u00e0 \u0153uvrer pour l\u2019am\u00e9lioration du climat d\u2019affaires, \u00e0 ex\u00e9cuter les r\u00e9formes structurelles et l\u2019assainissement des entreprises publiques pour cr\u00e9er les conditions de la relance de l\u2019investissement national et \u00e9tranger et assurer le retour de la croissance\u00bb. Intervenant lors de la r\u00e9union [&hellip;]<\/p>\n","protected":false},"author":1772,"featured_media":0,"comment_status":"closed","ping_status":"closed","sticky":false,"template":"","format":"standard","meta":{"fifu_image_url":"","fifu_image_alt":"","footnotes":""},"categories":[73,55],"tags":[],"class_list":["post-67176","post","type-post","status-publish","format-standard","hentry","category-actualite","category-tunisie"],"_links":{"self":[{"href":"https:\/\/linitiative.ca\/International\/wp-json\/wp\/v2\/posts\/67176","targetHints":{"allow":["GET"]}}],"collection":[{"href":"https:\/\/linitiative.ca\/International\/wp-json\/wp\/v2\/posts"}],"about":[{"href":"https:\/\/linitiative.ca\/International\/wp-json\/wp\/v2\/types\/post"}],"author":[{"embeddable":true,"href":"https:\/\/linitiative.ca\/International\/wp-json\/wp\/v2\/users\/1772"}],"replies":[{"embeddable":true,"href":"https:\/\/linitiative.ca\/International\/wp-json\/wp\/v2\/comments?post=67176"}],"version-history":[{"count":0,"href":"https:\/\/linitiative.ca\/International\/wp-json\/wp\/v2\/posts\/67176\/revisions"}],"wp:attachment":[{"href":"https:\/\/linitiative.ca\/International\/wp-json\/wp\/v2\/media?parent=67176"}],"wp:term":[{"taxonomy":"category","embeddable":true,"href":"https:\/\/linitiative.ca\/International\/wp-json\/wp\/v2\/categories?post=67176"},{"taxonomy":"post_tag","embeddable":true,"href":"https:\/\/linitiative.ca\/International\/wp-json\/wp\/v2\/tags?post=67176"}],"curies":[{"name":"wp","href":"https:\/\/api.w.org\/{rel}","templated":true}]}}