{"id":67177,"date":"2019-11-11T15:10:00","date_gmt":"2019-11-11T20:10:00","guid":{"rendered":"https:\/\/linitiative.ca\/International\/a-48-jours-de-louverture-de-la-premiere-session-de-la-legislature-le-paysage-politique-est-plus-que-jamais-divise\/"},"modified":"2019-11-11T15:10:00","modified_gmt":"2019-11-11T20:10:00","slug":"a-48-jours-de-louverture-de-la-premiere-session-de-la-legislature-le-paysage-politique-est-plus-que-jamais-divise","status":"publish","type":"post","link":"https:\/\/linitiative.ca\/International\/a-48-jours-de-louverture-de-la-premiere-session-de-la-legislature-le-paysage-politique-est-plus-que-jamais-divise\/","title":{"rendered":"A 48 jours de l&rsquo;ouverture de la premi\u00e8re session de la l\u00e9gislature, le paysage politique  est plus que jamais divis\u00e9"},"content":{"rendered":"<p>A 48 heures de l\u2019ouverture de la premi\u00e8re session de la\u00a0 nouvelle l\u00e9gislature le paysage politique n\u2019aura jamais \u00e9t\u00e9 aussi divis\u00e9 tant pour l\u2019\u00e9lection du pr\u00e9sident de l\u2019ARP\u00a0 que pour la formation du gouvernement et notamment la d\u00e9signation de son pr\u00e9sident.<\/p>\n<p>Le premier \u00e9cueil qu&rsquo;il faudra franchir,c&rsquo;est l&rsquo;\u00e9lection du pr\u00e9sident de la Chambre: Rached Ghannouchi a \u00e9t\u00e9 le premier \u00e0 s\u2019y porter candidat. Il aura pour adversaires deux candidats pr\u00e9sent\u00e9s respectivement par le Front d\u00e9mocratique et le parti de Nabil Karoui, C\u0153ur de la Tunisie. Comme la chambre est \u00e9miett\u00e9e, il sera difficile de les d\u00e9partager.Pourtant, cet obstacle ne sera pas difficile \u00e0 franchir, compar\u00e9 \u00e0 ce qui attend le pays, la d\u00e9signation du chef de Gouvernement,puis la composition de ce dernier compte tenu des pr\u00e9rogatives que la constitution accorde au chef de Gouvernement et qui en font le v\u00e9ritable chef de l&rsquo;ex\u00e9cutif.<\/p>\n<p>Le jeudi 21 novembre, le pr\u00e9sident de la R\u00e9publique \u00ab chargera le candidat du parti politique ou de la coalition \u00e9lectorale ayant obtenu le plus grand nombre de si\u00e8ges au sein de l\u2019Assembl\u00e9e des repr\u00e9sentants du peuple de former le Gouvernement dans un d\u00e9lai d\u2019un mois renouvelable une seule fois.<\/p>\n<p>Le premier d\u00e9lai d\u2019un mois, soit le 20 d\u00e9cembre 2019 commence alors \u00e0 courir non-seulement pour constituer le gouvernement mais aussi obtenir son investiture, programme compris, par l\u2019ARP.<\/p>\n<p>Si le Gouvernement n\u2019est pas form\u00e9 au terme du d\u00e9lai fix\u00e9 ou si la confiance de l\u2019Assembl\u00e9e des repr\u00e9sentants du peuple n\u2019est pas obtenue, le Pr\u00e9sident de la R\u00e9publique engage, dans un d\u00e9lai de dix jours, des consultations avec les partis, les coalitions et les groupes parlementaires, en vue de charger la personnalit\u00e9 la mieux \u00e0 m\u00eame d\u2019y parvenir de former un Gouvernement, dans un d\u00e9lai maximum d\u2019un mois\u00bb. Ce qui nous conduit jusqu&rsquo;au mois de janvier.Faute de formation du gouvernement et d\u2019obtention de la confiance de l\u2019ARP, le Pr\u00e9sident de la R\u00e9publique peut dissoudre l\u2019Assembl\u00e9e et convoquer de nouvelles \u00e9lections l\u00e9gislatives. Autant dire, un sc\u00e9nario catastrophe qui est d&rsquo;autant plus plausible qu&rsquo;aucune entente qui permette d&rsquo;\u00e9viter cette \u00e9ventualit\u00e9, ni esquisse d&rsquo;entente ne s&rsquo;est fait jour depuis la premi\u00e8re annonce des r\u00e9sultats des \u00e9lections. La question qu&rsquo;il faut se poser est : la Tunisie pourra t-elle tenir avec son \u00e9conomie chancelante jusqu&rsquo;\u00e0 cette date \u00e0 supposer qu&rsquo;il y ait un accord. sur le gouvernement ?<\/p>\n<p>Auteur:<br \/>\n<a href=\"https:\/\/www.leaders.com.tn\/article\/28392-a-48-jours-de-l-ouverture-de-la-premiere-session-de-la-legislature-le-paysage-politique-est-plus-que-jamais-divise\">Cliquez ici pour lire l&rsquo;article depuis sa source.<\/a><\/p>\n","protected":false},"excerpt":{"rendered":"<p>A 48 heures de l\u2019ouverture de la premi\u00e8re session de la\u00a0 nouvelle l\u00e9gislature le paysage politique n\u2019aura jamais \u00e9t\u00e9 aussi divis\u00e9 tant pour l\u2019\u00e9lection du pr\u00e9sident de l\u2019ARP\u00a0 que pour la formation du gouvernement et notamment la d\u00e9signation de son pr\u00e9sident. Le premier \u00e9cueil qu&rsquo;il faudra franchir,c&rsquo;est l&rsquo;\u00e9lection du pr\u00e9sident de la Chambre: Rached Ghannouchi [&hellip;]<\/p>\n","protected":false},"author":1772,"featured_media":0,"comment_status":"closed","ping_status":"closed","sticky":false,"template":"","format":"standard","meta":{"fifu_image_url":"","fifu_image_alt":"","footnotes":""},"categories":[73,55],"tags":[],"class_list":["post-67177","post","type-post","status-publish","format-standard","hentry","category-actualite","category-tunisie"],"_links":{"self":[{"href":"https:\/\/linitiative.ca\/International\/wp-json\/wp\/v2\/posts\/67177","targetHints":{"allow":["GET"]}}],"collection":[{"href":"https:\/\/linitiative.ca\/International\/wp-json\/wp\/v2\/posts"}],"about":[{"href":"https:\/\/linitiative.ca\/International\/wp-json\/wp\/v2\/types\/post"}],"author":[{"embeddable":true,"href":"https:\/\/linitiative.ca\/International\/wp-json\/wp\/v2\/users\/1772"}],"replies":[{"embeddable":true,"href":"https:\/\/linitiative.ca\/International\/wp-json\/wp\/v2\/comments?post=67177"}],"version-history":[{"count":0,"href":"https:\/\/linitiative.ca\/International\/wp-json\/wp\/v2\/posts\/67177\/revisions"}],"wp:attachment":[{"href":"https:\/\/linitiative.ca\/International\/wp-json\/wp\/v2\/media?parent=67177"}],"wp:term":[{"taxonomy":"category","embeddable":true,"href":"https:\/\/linitiative.ca\/International\/wp-json\/wp\/v2\/categories?post=67177"},{"taxonomy":"post_tag","embeddable":true,"href":"https:\/\/linitiative.ca\/International\/wp-json\/wp\/v2\/tags?post=67177"}],"curies":[{"name":"wp","href":"https:\/\/api.w.org\/{rel}","templated":true}]}}