{"id":67182,"date":"2019-11-11T11:12:51","date_gmt":"2019-11-11T16:12:51","guid":{"rendered":"https:\/\/linitiative.ca\/International\/le-raja-limoge-son-entraineur-patrice-carteron\/"},"modified":"2019-11-11T11:12:51","modified_gmt":"2019-11-11T16:12:51","slug":"le-raja-limoge-son-entraineur-patrice-carteron","status":"publish","type":"post","link":"https:\/\/linitiative.ca\/International\/le-raja-limoge-son-entraineur-patrice-carteron\/","title":{"rendered":"Le Raja limoge son entra\u00eeneur Patrice Carteron"},"content":{"rendered":"<p><strong>Le Raja de Casablanca a annonc\u00e9, lundi, le limogeage de son entra\u00eeneur Patrice Carteron, 12 jours avant le derby face au Wydad.<\/strong><\/p>\n<div class=\"c10\"\/>\n<p>Une d\u00e9faite 3-2 contre Youssoufia de Berrechid pour le compte de la 3\u00e8me journ\u00e9e du championnat national Botola Pro, ainsi qu\u2019une s\u00e9rie d\u2019incidents dans le vestiaire d\u2019indiscipline de certains joueurs, ont pr\u00e9cipit\u00e9 le d\u00e9part du directeur sportif, dix mois apr\u00e8s son arriv\u00e9e.<\/p>\n<p><img decoding=\"async\" src=\"https:\/\/www.challenge.ma\/wp-content\/uploads\/2019\/11\/DCEBF291-C41F-45BB-B183-215C2BFB02C1.jpeg\" alt=\"\" class=\"wp-image-122987\" srcset=\"https:\/\/www.challenge.ma\/wp-content\/uploads\/2019\/11\/DCEBF291-C41F-45BB-B183-215C2BFB02C1.jpeg 750w, https:\/\/www.challenge.ma\/wp-content\/uploads\/2019\/11\/DCEBF291-C41F-45BB-B183-215C2BFB02C1-293x300.jpeg 293w, https:\/\/www.challenge.ma\/wp-content\/uploads\/2019\/11\/DCEBF291-C41F-45BB-B183-215C2BFB02C1-360x369.jpeg 360w\" sizes=\"(max-width: 750px) 100vw, 750px\"\/><\/p>\n<p>Il est \u00e0 noter que le principal fait de gloire de Carteron restera justement d\u2019avoir ramen\u00e9 l\u2019Aigle Vert en Ligue des Champions de la CAF apr\u00e8s 4 ans d\u2019absence.\u00a0<\/p>\n<p>Le Raja devra donc trouver un rempla\u00e7ant de Carteron et le seul nom qui est pr\u00e9vu pour le succ\u00e9der est l\u2019ancien s\u00e9lectionneur du Maroc A, Jamal Sellami, avec qui il a remport\u00e9 le CHAN 2018.<\/p>\n<div class=\"c17\">\n<fieldset class=\"c16\">\n<legend><strong><span class=\"c11\">Challenge<\/span><span class=\"c12\">news<\/span><\/strong><\/legend>\n<div class=\"c15\">Le meilleur de Challenge s\u00e9lectionn\u00e9 par la r\u00e9daction :<\/p>\n<\/div>\n<\/fieldset>\n<\/div>\n<p>Auteur: Hajar DARI<br \/>\n<a href=\"https:\/\/www.challenge.ma\/le-raja-limoge-son-entraineur-patrice-carteron-122985\/\">Cliquez ici pour lire l&rsquo;article depuis sa source.<\/a><\/p>\n","protected":false},"excerpt":{"rendered":"<p>Le Raja de Casablanca a annonc\u00e9, lundi, le limogeage de son entra\u00eeneur Patrice Carteron, 12 jours avant le derby face au Wydad. Une d\u00e9faite 3-2 contre Youssoufia de Berrechid pour le compte de la 3\u00e8me journ\u00e9e du championnat national Botola Pro, ainsi qu\u2019une s\u00e9rie d\u2019incidents dans le vestiaire d\u2019indiscipline de certains joueurs, ont pr\u00e9cipit\u00e9 le [&hellip;]<\/p>\n","protected":false},"author":1787,"featured_media":67183,"comment_status":"closed","ping_status":"closed","sticky":false,"template":"","format":"standard","meta":{"fifu_image_url":"","fifu_image_alt":"","footnotes":""},"categories":[78,54],"tags":[],"class_list":["post-67182","post","type-post","status-publish","format-standard","has-post-thumbnail","hentry","category-economie","category-maroc"],"_links":{"self":[{"href":"https:\/\/linitiative.ca\/International\/wp-json\/wp\/v2\/posts\/67182","targetHints":{"allow":["GET"]}}],"collection":[{"href":"https:\/\/linitiative.ca\/International\/wp-json\/wp\/v2\/posts"}],"about":[{"href":"https:\/\/linitiative.ca\/International\/wp-json\/wp\/v2\/types\/post"}],"author":[{"embeddable":true,"href":"https:\/\/linitiative.ca\/International\/wp-json\/wp\/v2\/users\/1787"}],"replies":[{"embeddable":true,"href":"https:\/\/linitiative.ca\/International\/wp-json\/wp\/v2\/comments?post=67182"}],"version-history":[{"count":0,"href":"https:\/\/linitiative.ca\/International\/wp-json\/wp\/v2\/posts\/67182\/revisions"}],"wp:featuredmedia":[{"embeddable":true,"href":"https:\/\/linitiative.ca\/International\/wp-json\/"}],"wp:attachment":[{"href":"https:\/\/linitiative.ca\/International\/wp-json\/wp\/v2\/media?parent=67182"}],"wp:term":[{"taxonomy":"category","embeddable":true,"href":"https:\/\/linitiative.ca\/International\/wp-json\/wp\/v2\/categories?post=67182"},{"taxonomy":"post_tag","embeddable":true,"href":"https:\/\/linitiative.ca\/International\/wp-json\/wp\/v2\/tags?post=67182"}],"curies":[{"name":"wp","href":"https:\/\/api.w.org\/{rel}","templated":true}]}}