{"id":67184,"date":"2019-11-11T12:26:45","date_gmt":"2019-11-11T17:26:45","guid":{"rendered":"https:\/\/linitiative.ca\/International\/transport-routier-le-ministere-poursuit-ses-consultations\/"},"modified":"2019-11-11T12:26:45","modified_gmt":"2019-11-11T17:26:45","slug":"transport-routier-le-ministere-poursuit-ses-consultations","status":"publish","type":"post","link":"https:\/\/linitiative.ca\/International\/transport-routier-le-ministere-poursuit-ses-consultations\/","title":{"rendered":"Transport routier : le minist\u00e8re poursuit ses consultations"},"content":{"rendered":"<p><strong>Le minist\u00e8re de l\u2019\u00c9quipement, du Transport, de la Logistique et de l\u2019Eau poursuit ses r\u00e9unions th\u00e9matiques avec les repr\u00e9sentants des professionnels du transport routier. L\u2019objectif\u00a0de la tutelle consistant \u00e0 \u00e9valuer avec acuit\u00e9 les contours et autres contraintes du secteur de mani\u00e8re \u00e0 entamer prochainement sa r\u00e9forme.<\/strong><\/p>\n<div class=\"c10\"\/>\n<p>Dans cette perspective, un expos\u00e9 d\u00e9taill\u00e9 a \u00e9t\u00e9 pr\u00e9sent\u00e9 r\u00e9cemment aux repr\u00e9sentants des transporteurs, mettant en relief la vision du minist\u00e8re. Ce dernier entend accentuer le renforcement de la comp\u00e9titivit\u00e9 des op\u00e9rateurs de transport, en vue d\u2019augmenter leurs marges b\u00e9n\u00e9ficiaires. Une vision qui s\u2019inscrit dans le cadre global d\u2019un syst\u00e8me contractuel entre l\u2019\u00c9tat et les professionnels et qui s\u2019articule sur une approche participative bas\u00e9e sur plusieurs axes de r\u00e9flexion.<\/p>\n<p>Parmi eux, on recense la r\u00e9vision du volet fiscal du secteur et la mise \u00e0 niveau de l\u2019environnement juridique et r\u00e9glementaire r\u00e9gissant les relations contractuelles commerciales. \u00c0 cela s\u2019ajoutent l\u2019am\u00e9lioration des infrastructures logistiques, la cr\u00e9ation des \u00e9tablissements de formation dans les m\u00e9tiers du transport ainsi que le renforcement du r\u00f4le du contr\u00f4le routier.<\/p>\n<p>Ce sera prochainement au tour des repr\u00e9sentants des professionnels du transport de d\u00e9voiler leurs propositions ayant trait aux pistes de r\u00e9flexion du minist\u00e8re. Ce dernier qui, par la suite, transmettra tous les \u00e9l\u00e9ments de cette \u00e9tude \u00e0 un bureau sp\u00e9cialis\u00e9, ce qui lui permettra d\u2019\u00eatre fin pr\u00eat \u00e0 amorcer la r\u00e9forme \u00e0 venir.<\/p>\n<div class=\"c17\">\n<fieldset class=\"c16\">\n<legend><strong><span class=\"c11\">Challenge<\/span><span class=\"c12\">news<\/span><\/strong><\/legend>\n<div class=\"c15\">Le meilleur de Challenge s\u00e9lectionn\u00e9 par la r\u00e9daction :<\/p>\n<\/div>\n<\/fieldset>\n<\/div>\n<p>Auteur: David J\u00e9r\u00e9mie<br \/>\n<a href=\"https:\/\/www.challenge.ma\/transport-routier-le-ministere-poursuit-ses-consultations-122992\/\">Cliquez ici pour lire l&rsquo;article depuis sa source.<\/a><\/p>\n","protected":false},"excerpt":{"rendered":"<p>Le minist\u00e8re de l\u2019\u00c9quipement, du Transport, de la Logistique et de l\u2019Eau poursuit ses r\u00e9unions th\u00e9matiques avec les repr\u00e9sentants des professionnels du transport routier. L\u2019objectif\u00a0de la tutelle consistant \u00e0 \u00e9valuer avec acuit\u00e9 les contours et autres contraintes du secteur de mani\u00e8re \u00e0 entamer prochainement sa r\u00e9forme. Dans cette perspective, un expos\u00e9 d\u00e9taill\u00e9 a \u00e9t\u00e9 pr\u00e9sent\u00e9 [&hellip;]<\/p>\n","protected":false},"author":1787,"featured_media":0,"comment_status":"closed","ping_status":"closed","sticky":false,"template":"","format":"standard","meta":{"fifu_image_url":"","fifu_image_alt":"","footnotes":""},"categories":[78,54],"tags":[],"class_list":["post-67184","post","type-post","status-publish","format-standard","hentry","category-economie","category-maroc"],"_links":{"self":[{"href":"https:\/\/linitiative.ca\/International\/wp-json\/wp\/v2\/posts\/67184","targetHints":{"allow":["GET"]}}],"collection":[{"href":"https:\/\/linitiative.ca\/International\/wp-json\/wp\/v2\/posts"}],"about":[{"href":"https:\/\/linitiative.ca\/International\/wp-json\/wp\/v2\/types\/post"}],"author":[{"embeddable":true,"href":"https:\/\/linitiative.ca\/International\/wp-json\/wp\/v2\/users\/1787"}],"replies":[{"embeddable":true,"href":"https:\/\/linitiative.ca\/International\/wp-json\/wp\/v2\/comments?post=67184"}],"version-history":[{"count":0,"href":"https:\/\/linitiative.ca\/International\/wp-json\/wp\/v2\/posts\/67184\/revisions"}],"wp:attachment":[{"href":"https:\/\/linitiative.ca\/International\/wp-json\/wp\/v2\/media?parent=67184"}],"wp:term":[{"taxonomy":"category","embeddable":true,"href":"https:\/\/linitiative.ca\/International\/wp-json\/wp\/v2\/categories?post=67184"},{"taxonomy":"post_tag","embeddable":true,"href":"https:\/\/linitiative.ca\/International\/wp-json\/wp\/v2\/tags?post=67184"}],"curies":[{"name":"wp","href":"https:\/\/api.w.org\/{rel}","templated":true}]}}