{"id":67187,"date":"2019-11-11T15:37:05","date_gmt":"2019-11-11T20:37:05","guid":{"rendered":"https:\/\/linitiative.ca\/International\/tunisie-hichem-ben-ahmed-quitte-le-ministere-des-transports-et-declare-ses-biens-a-linlucc\/"},"modified":"2019-11-11T15:37:05","modified_gmt":"2019-11-11T20:37:05","slug":"tunisie-hichem-ben-ahmed-quitte-le-ministere-des-transports-et-declare-ses-biens-a-linlucc","status":"publish","type":"post","link":"https:\/\/linitiative.ca\/International\/tunisie-hichem-ben-ahmed-quitte-le-ministere-des-transports-et-declare-ses-biens-a-linlucc\/","title":{"rendered":"Tunisie \u2013 Hichem Ben Ahmed quitte le minist\u00e8re des Transports et d\u00e9clare ses biens \u00e0 l\u2019INLUCC"},"content":{"rendered":"<div class=\"post-cont-in left relative\">\n<div class=\"swp_social_panel swp_horizontal_panel swp_flat_fresh swp_default_full_color swp_individual_full_color swp_other_full_color scale-100 scale-\" data-min-width=\"1100\" data-float-color=\"#ffffff\" data-float=\"none\" data-float-mobile=\"none\" data-transition=\"slide\">\n<div class=\"nc_tweetContainer swp_share_button total_shares total_sharesalt\"><span class=\"swp_count\">4 <span class=\"swp_label\">Partages<\/span><\/span><\/div>\n<\/div>\n<p>Hichem Ben Ahmed, le ministre d\u00e9missionnaire des Transports, a publi\u00e9 ce lundi un post dans lequel il se dit fier d\u2019avoir accompli ses fonctions au minist\u00e8re des Transports de la mani\u00e8re qui le satisfait. Il a annonc\u00e9 avoir fait la passation des affaires du minist\u00e8re \u00e0 \u00ab\u00a0son ami\u00a0\u00bb Ren\u00e9 Trabelsi. Par la suite, il s\u2019est rendu \u00e0 l\u2019INLUCC pour faire la d\u00e9claration de ses biens et de son patrimoine, conform\u00e9ment \u00e0 la loi.<\/p>\n<div class=\"code-block code-block-1 c3\"><ins class=\"adsbygoogle c2\" data-ad-layout=\"in-article\" data-ad-format=\"fluid\" data-ad-client=\"ca-pub-2102118777505746\" data-ad-slot=\"7301775417\"\/> <\/div>\n<p>Ben Ahmed a tenu, \u00e0 cette occasion \u00e0 remercier tous les tunisiens et les tunisiennes qui lui ont fait confiance, en promettant d\u2019\u00eatre \u00e0 la hauteur de leur attentes.\u00a0Il s\u2019est dit pr\u00eat \u00e0 mettre ses comp\u00e9tences au service de son pays, de l\u00e0 o\u00f9 il sera.<\/p>\n<div class=\"code-block code-block-2 c3\"><ins class=\"adsbygoogle c2\" data-ad-layout=\"in-article\" data-ad-format=\"fluid\" data-ad-client=\"ca-pub-2102118777505746\" data-ad-slot=\"7301775417\"\/> <\/div>\n<p><img loading=\"lazy\" decoding=\"async\" class=\"aligncenter size-full wp-image-474213\" src=\"https:\/\/www.tunisienumerique.com\/wp-content\/uploads\/2019\/11\/inlucc.jpg\" alt=\"\" width=\"640\" height=\"414\" srcset=\"https:\/\/www.tunisienumerique.com\/wp-content\/uploads\/2019\/11\/inlucc.jpg 640w, https:\/\/www.tunisienumerique.com\/wp-content\/uploads\/2019\/11\/inlucc-600x388.jpg 600w\" sizes=\"auto, (max-width: 640px) 100vw, 640px\"\/><\/p>\n<p><strong>Que se passe-t-il en Tunisie?<\/strong><br \/>Nous expliquons sur notre <a href=\"https:\/\/www.youtube.com\/channel\/UCRzypVq0B_yBad5eGrwBx0Q?sub_confirmation=1\" target=\"_blank\" rel=\"noopener noreferrer\">cha\u00eene YouTube<\/a> . <a href=\"https:\/\/www.youtube.com\/channel\/UCRzypVq0B_yBad5eGrwBx0Q?sub_confirmation=1\" target=\"_blank\" rel=\"noopener noreferrer\">Abonnez-vous!<\/a><\/p>\n<div class=\"mvp-org-wrap mvp-org-logo\" itemprop=\"publisher\" itemscope=\"\" itemtype=\"https:\/\/schema.org\/Organization\"><img decoding=\"async\" src=\"https:\/\/www.tunisienumerique.com\/wp-content\/uploads\/2017\/02\/logo_tunisie_numerique.png\"\/><\/div>\n<div class=\"swp_social_panel swp_horizontal_panel swp_flat_fresh swp_default_full_color swp_individual_full_color swp_other_full_color scale-100 scale-\" data-min-width=\"1100\" data-float-color=\"#ffffff\" data-float=\"none\" data-float-mobile=\"none\" data-transition=\"slide\">\n<div class=\"nc_tweetContainer swp_share_button total_shares total_sharesalt\"><span class=\"swp_count\">4 <span class=\"swp_label\">Partages<\/span><\/span><\/div>\n<\/div>\n<div class=\"mvp-related-posts left relative\">\n<h4 class=\"post-header\"><span class=\"post-header\">Lire aussi<\/span><\/h4>\n<\/div>\n<\/div>\n<p>Auteur: LM<br \/>\n<a href=\"https:\/\/www.tunisienumerique.com\/tunisie-hichem-ben-ahmed-quitte-le-ministere-des-transports-et-declare-ses-biens-a-linlucc\/\">Cliquez ici pour lire l&rsquo;article depuis sa source.<\/a><\/p>\n","protected":false},"excerpt":{"rendered":"<p>4 Partages Hichem Ben Ahmed, le ministre d\u00e9missionnaire des Transports, a publi\u00e9 ce lundi un post dans lequel il se dit fier d\u2019avoir accompli ses fonctions au minist\u00e8re des Transports de la mani\u00e8re qui le satisfait. Il a annonc\u00e9 avoir fait la passation des affaires du minist\u00e8re \u00e0 \u00ab\u00a0son ami\u00a0\u00bb Ren\u00e9 Trabelsi. Par la suite, [&hellip;]<\/p>\n","protected":false},"author":1789,"featured_media":67188,"comment_status":"closed","ping_status":"closed","sticky":false,"template":"","format":"standard","meta":{"fifu_image_url":"","fifu_image_alt":"","footnotes":""},"categories":[73,55],"tags":[],"class_list":["post-67187","post","type-post","status-publish","format-standard","has-post-thumbnail","hentry","category-actualite","category-tunisie"],"_links":{"self":[{"href":"https:\/\/linitiative.ca\/International\/wp-json\/wp\/v2\/posts\/67187","targetHints":{"allow":["GET"]}}],"collection":[{"href":"https:\/\/linitiative.ca\/International\/wp-json\/wp\/v2\/posts"}],"about":[{"href":"https:\/\/linitiative.ca\/International\/wp-json\/wp\/v2\/types\/post"}],"author":[{"embeddable":true,"href":"https:\/\/linitiative.ca\/International\/wp-json\/wp\/v2\/users\/1789"}],"replies":[{"embeddable":true,"href":"https:\/\/linitiative.ca\/International\/wp-json\/wp\/v2\/comments?post=67187"}],"version-history":[{"count":0,"href":"https:\/\/linitiative.ca\/International\/wp-json\/wp\/v2\/posts\/67187\/revisions"}],"wp:featuredmedia":[{"embeddable":true,"href":"https:\/\/linitiative.ca\/International\/wp-json\/"}],"wp:attachment":[{"href":"https:\/\/linitiative.ca\/International\/wp-json\/wp\/v2\/media?parent=67187"}],"wp:term":[{"taxonomy":"category","embeddable":true,"href":"https:\/\/linitiative.ca\/International\/wp-json\/wp\/v2\/categories?post=67187"},{"taxonomy":"post_tag","embeddable":true,"href":"https:\/\/linitiative.ca\/International\/wp-json\/wp\/v2\/tags?post=67187"}],"curies":[{"name":"wp","href":"https:\/\/api.w.org\/{rel}","templated":true}]}}