{"id":67195,"date":"2019-11-11T14:54:50","date_gmt":"2019-11-11T19:54:50","guid":{"rendered":"https:\/\/linitiative.ca\/International\/demission-devo-morales-vue-dafrique\/"},"modified":"2019-11-11T14:54:50","modified_gmt":"2019-11-11T19:54:50","slug":"demission-devo-morales-vue-dafrique","status":"publish","type":"post","link":"https:\/\/linitiative.ca\/International\/demission-devo-morales-vue-dafrique\/","title":{"rendered":"DEMISSION D\u2019EVO MORALES, VUE D\u2019AFRIQUE"},"content":{"rendered":"<div class=\"stream-item stream-item-above-post-content\">\n<p><noscript><\/p>\n<p><a href=\"\/\/www3.smartadserver.com\/ac?jump=1&#038;nwid=2136&#038;siteid=240610&#038;pgname=rg&#038;fmtid=49046&#038;visit=m&#038;tmstp=[timestamp]&#038;out=nonrich\" target=\"_blank\" rel=\"noopener noreferrer\"><img decoding=\"async\" src=\"\/\/www3.smartadserver.com\/ac?out=nonrich&#038;nwid=2136&#038;siteid=240610&#038;pgname=rg&#038;fmtid=49046&#038;visit=m&#038;tmstp=[timestamp]\" border=\"0\" alt=\"\"\/><\/a><\/p>\n<p><\/noscript><\/div>\n<p>Apr\u00e8s trois semaines de contestation, le pr\u00e9sident bolivien, Evo Morales, a fini par c\u00e9der \u00e0 la pression de la rue en d\u00e9missionnant du pouvoir. En avait-il d\u2019ailleurs le choix quand on sait qu\u2019en plus de la pression de la rue, Evo Morales a finalement \u00e9t\u00e9 l\u00e2ch\u00e9 par l\u2019arm\u00e9e qui, sans aller avec le dos de la cuill\u00e8re, lui a demand\u00e9 de quitter sans d\u00e9lai le pouvoir\u00a0? Triste fin donc pour celui-l\u00e0 qui, \u00e0 son arriv\u00e9e au pouvoir, avait incarn\u00e9 beaucoup d\u2019espoirs, tant il a le communisme chevill\u00e9 au corps. Pouvait-il en \u00eatre autrement quand on sait aussi que Evo Morales, au fil des ans, s\u2019est mu\u00e9 en un v\u00e9ritable dictateur, se refusant de s\u2019imaginer une autre vie en dehors du pouvoir\u00a0? Tant et si bien qu\u2019apr\u00e8s trois mandats cons\u00e9cutifs \u00e0 la t\u00eate de l\u2019Etat bolivien, il voulait rempiler pour un quatri\u00e8me, exacerbant ainsi \u00a0la col\u00e8re de son peuple qui ne voulait plus se laisser conter fleurette. Comme quoi, il n\u2019y a pas qu\u2019en Afrique o\u00f9 se recrutent les dirigeants avides du pouvoir, qui ont fini par croire qu\u2019ils sont indispensables \u00e0 leurs pays respectifs. C\u2019est ce qui explique que certains d\u2019entre eux, apr\u00e8s des d\u00e9cennies au pouvoir, continuent de mener leur peuple \u00e0 la baguette avec malheureusement le soutien ou la complicit\u00e9 tacite des arm\u00e9es \u00e0 coloration tribale, qui n\u2019h\u00e9sitent pas \u00e0 r\u00e9primer toute contestation.<\/p>\n<p><strong>\u00a0<\/strong><\/p>\n<p><strong>\u00a0<\/strong><\/p>\n<p><strong>Il suffit que les arm\u00e9es \u00a0acceptent de prendre le parti des peuples pour que les dictateurs descendent de leur pi\u00e9destal<\/strong><\/p>\n<p><strong>\u00a0<\/strong><\/p>\n<p class=\"c3\">C\u2019est le cas, par exemple, du Cameroun de Paul Biya, du Tchad de Idriss D\u00e9by Itno, du Congo Brazzaville de Denis Sassou Nguessou, de l\u2019Ouganda de Yuweri Museveni, pour ne citer que ces exemples, o\u00f9 la volont\u00e9 des princes r\u00e9gnants fait loi au point que l\u2019alternance devient de\u00a0 plus en plus un mirage. Pourtant, il suffit que les arm\u00e9es des diff\u00e9rents pays sus-cit\u00e9s acceptent de prendre le parti des peuples pour que les dictateurs descendent de leur pi\u00e9destal comme vient de le faire Evo Morales. En tout cas, l\u2019arm\u00e9e bolivienne vient de montrer la voie \u00e0 suivre. Car, elle est rest\u00e9e r\u00e9publicaine jusqu\u2019au bout en \u00e9vitant toute effusion de sang. Ce qui n\u2019est malheureusement pas le cas des arm\u00e9es africaines qui, en pareille occurrence, allaient non seulement s\u2019offrir en spectacle en laissant des\u00a0\u00a0\u00a0\u00a0\u00a0 \u00a0centaines de cadavres sur le carreau, mais aussi \u00a0allaient man\u0153uvrer pour conserver le pouvoir. On l\u2019a vu d\u2019ailleurs\u00a0 \u00a0au Soudan et en Alg\u00e9rie o\u00f9 apr\u00e8s la d\u00e9mission de Omar el B\u00e9chir et d\u2019Abdelaziz Bouteflika, la soldatesque a fait des pieds et des mains pour rester au c\u0153ur du pouvoir et ce, en d\u00e9pit de la clameur que cela a suscit\u00e9e. Franchement, ce n\u2019est pas \u00a0\u00a0cela que l\u2019on attend d\u2019une arm\u00e9e qui se veut r\u00e9publicaine. Non\u00a0! L\u2019arm\u00e9e doit savoir prendre ses responsabilit\u00e9s et \u00e9viter tout calcul, surtout quand \u00a0la d\u00e9mocratie et ses valeurs sont menac\u00e9es. C\u2019est pourquoi au-del\u00e0 de l\u2019Am\u00e9rique latine, on esp\u00e8re que l\u2019attitude de l\u2019arm\u00e9e bolivienne va inspirer plus d\u2019une.<\/p>\n<p><strong>\u00a0<\/strong><\/p>\n<p><strong>Boundi OUOBA<\/strong><\/p>\n<p>Auteur: Le Pays<br \/>\n<a href=\"http:\/\/lepays.bf\/demission-devo-morales-vue-dafrique\/\">Cliquez ici pour lire l&rsquo;article depuis sa source.<\/a><\/p>\n","protected":false},"excerpt":{"rendered":"<p>Apr\u00e8s trois semaines de contestation, le pr\u00e9sident bolivien, Evo Morales, a fini par c\u00e9der \u00e0 la pression de la rue en d\u00e9missionnant du pouvoir. En avait-il d\u2019ailleurs le choix quand on sait qu\u2019en plus de la pression de la rue, Evo Morales a finalement \u00e9t\u00e9 l\u00e2ch\u00e9 par l\u2019arm\u00e9e qui, sans aller avec le dos de [&hellip;]<\/p>\n","protected":false},"author":1813,"featured_media":0,"comment_status":"closed","ping_status":"closed","sticky":false,"template":"","format":"standard","meta":{"fifu_image_url":"","fifu_image_alt":"","footnotes":""},"categories":[73,81],"tags":[],"class_list":["post-67195","post","type-post","status-publish","format-standard","hentry","category-actualite","category-burkina-faso"],"_links":{"self":[{"href":"https:\/\/linitiative.ca\/International\/wp-json\/wp\/v2\/posts\/67195","targetHints":{"allow":["GET"]}}],"collection":[{"href":"https:\/\/linitiative.ca\/International\/wp-json\/wp\/v2\/posts"}],"about":[{"href":"https:\/\/linitiative.ca\/International\/wp-json\/wp\/v2\/types\/post"}],"author":[{"embeddable":true,"href":"https:\/\/linitiative.ca\/International\/wp-json\/wp\/v2\/users\/1813"}],"replies":[{"embeddable":true,"href":"https:\/\/linitiative.ca\/International\/wp-json\/wp\/v2\/comments?post=67195"}],"version-history":[{"count":0,"href":"https:\/\/linitiative.ca\/International\/wp-json\/wp\/v2\/posts\/67195\/revisions"}],"wp:attachment":[{"href":"https:\/\/linitiative.ca\/International\/wp-json\/wp\/v2\/media?parent=67195"}],"wp:term":[{"taxonomy":"category","embeddable":true,"href":"https:\/\/linitiative.ca\/International\/wp-json\/wp\/v2\/categories?post=67195"},{"taxonomy":"post_tag","embeddable":true,"href":"https:\/\/linitiative.ca\/International\/wp-json\/wp\/v2\/tags?post=67195"}],"curies":[{"name":"wp","href":"https:\/\/api.w.org\/{rel}","templated":true}]}}