{"id":67196,"date":"2019-11-11T14:58:45","date_gmt":"2019-11-11T19:58:45","guid":{"rendered":"https:\/\/linitiative.ca\/International\/lutte-contre-linsecurite-au-burkina\/"},"modified":"2019-11-11T14:58:45","modified_gmt":"2019-11-11T19:58:45","slug":"lutte-contre-linsecurite-au-burkina","status":"publish","type":"post","link":"https:\/\/linitiative.ca\/International\/lutte-contre-linsecurite-au-burkina\/","title":{"rendered":"LUTTE CONTRE L\u2019INSECURITE AU BURKINA"},"content":{"rendered":"<div class=\"stream-item stream-item-above-post-content\">\n<p><noscript><\/p>\n<p><a href=\"\/\/www3.smartadserver.com\/ac?jump=1&#038;nwid=2136&#038;siteid=240610&#038;pgname=rg&#038;fmtid=49046&#038;visit=m&#038;tmstp=[timestamp]&#038;out=nonrich\" target=\"_blank\" rel=\"noopener noreferrer\"><img decoding=\"async\" src=\"\/\/www3.smartadserver.com\/ac?out=nonrich&#038;nwid=2136&#038;siteid=240610&#038;pgname=rg&#038;fmtid=49046&#038;visit=m&#038;tmstp=[timestamp]\" border=\"0\" alt=\"\"\/><\/a><\/p>\n<p><\/noscript><\/div>\n<p>\u00ab\u00a0<em>J\u2019ai ordonn\u00e9 le recrutement de volontaires pour la d\u00e9fense dans les zones sous menace. Seule une mobilisation g\u00e9n\u00e9rale des fils et des filles de la Nation, sans consid\u00e9ration de r\u00e9gion, d\u2019ethnie, d\u2019opinion politique et confession religieuse, est \u00e0 m\u00eame de vaincre ces meurtriers , sans foi ni loi, qui r\u00eavent de soumettre notre patrie et notre peuple courageux \u00e0 leur diktat machiav\u00e9lique\u00a0<\/em>\u00bb. C\u2019est en ces termes que le Pr\u00e9sident du Faso (PF), Roch Marc Christian Kabor\u00e9, dans son adresse \u00e0 la Nation suite \u00e0 l\u2019attaque du convoi de la mine de SEMAFO dans l\u2019Est du pays, a appel\u00e9 ses concitoyens \u00e0 la r\u00e9sistance face \u00e0 la situation s\u00e9curitaire qui se d\u00e9grade de jour en jour. Le recrutement de \u00a0volontaires annonc\u00e9 par le chef de l\u2019Etat, t\u00e9moigne, si besoin il en \u00e9tait encore, de la gravit\u00e9 de la situation. Dans ce sens, l\u2019on peut saluer la d\u00e9cision du \u00a0PF qui, si elle est une premi\u00e8re dans notre pays, n\u2019en est pas une dans l\u2019histoire du continent africain. En effet,\u00a0 l\u2019Alg\u00e9rie, pionni\u00e8re de la lutte contre les groupes terroristes arm\u00e9s, a eu recours \u00e0 des volontaires qui ont beaucoup apport\u00e9 \u00e0 l\u2019efficacit\u00e9 des op\u00e9rations entreprises par l\u2019arm\u00e9e nationale. Du reste, c\u2019est connu, la victoire sur les groupes arm\u00e9s ne peut \u00eatre obtenue sans l\u2019appui des populations dont l\u2019apport peut \u00eatre d\u00e9terminant dans le renseignement et en raison de leur connaissance du milieu. Et \u00e0 d\u00e9faut, pour l\u2019Etat, de pouvoir mettre les Forces de d\u00e9fense et de s\u00e9curit\u00e9 dans tous les villages, les volontaires peuvent \u00eatre des suppl\u00e9tifs capables d\u2019opposer les premi\u00e8res r\u00e9sistances en attendant la r\u00e9action des forces sp\u00e9cialis\u00e9es. C\u2019est donc l\u2019id\u00e9e de la r\u00e9sistance populaire r\u00e9clam\u00e9e par de nombreux citoyens depuis l\u2019aggravation des attaques, qui est ici en voie d\u2019exp\u00e9rimentation. Mais la d\u00e9cision du chef de l\u2019Etat suscite tout de m\u00eame de nombreuses interrogations. Est-ce \u00e0 dire que l\u2019arm\u00e9e nationale est dans un \u00e9tat tel qu\u2019elle ne peut pas apporter la riposte n\u00e9cessaire \u00e0 nos adversaires ? Si tel est le cas, que peuvent de nouvelles recrues qui ne b\u00e9n\u00e9ficieront que d\u2019un minimum \u00a0en maniement des armes\u00a0?<\/p>\n<p><strong>Toutes les inqui\u00e9tudes appellent \u00e0 des r\u00e9flexions profondes<\/strong><\/p>\n<p><strong>\u00a0<\/strong><\/p>\n<p class=\"c3\">Il y a des craintes s\u00e9rieuses que l\u2019on envoie des jeunes servir de chair \u00e0 canons face \u00e0 des criminels qui ont fait montre d\u2019une cruaut\u00e9 sans limite.\u00a0 Et puis, il y a toujours ce risque que si ces volontaires sont \u00e9quip\u00e9s d\u2019armes, ceux-ci proc\u00e8dent \u00e0 des r\u00e8glements de comptes personnels ou contribuent \u00e0 aggraver des conflits intercommunautaires. Une autre source d\u2019inqui\u00e9tude, c\u2019est de voir ces volontaires se transformer en milices au service d\u2019hommes politiques ou de potentats locaux qui vont agir en marge des r\u00e8gles de l\u2019Etat de droit ou qui peuvent entrer en r\u00e9bellion contre l\u2019autorit\u00e9 de l\u2019Etat sinon rejoindre l\u2019adversaire. \u00a0Enfin, l\u2019on peut se poser des questions sur les m\u00e9canismes de d\u00e9mobilisation \u00e0 la fin de la guerre. Toutes ces inqui\u00e9tudes appellent \u00e0 des r\u00e9flexions profondes quant aux modalit\u00e9s de mise en \u0153uvre de la d\u00e9cision du chef de l\u2019Etat, au risque que le \u00a0rem\u00e8de ne se transforme en mal. Avant donc d\u2019en arriver \u00e0 cette situation extr\u00eame, il y a encore des marges de man\u0153uvre pour l\u2019Etat. Parmi celles-ci, il y a le rapatriement de nos contingents militaires\u00a0 \u00e0 l\u2019ext\u00e9rieur dont les effectifs s\u2019\u00e9l\u00e8vent \u00e0 un millier d\u2019hommes, le renforcement des \u00e9quipements dont les FDS ne cessent de se plaindre, le recours \u00e0 l\u2019expertise d\u2019hommes \u00a0\u00a0aux comp\u00e9tences av\u00e9r\u00e9es et qui sont ostracis\u00e9s pour des raisons purement politiques.\u00a0\u00a0\u00a0\u00a0 Cela dit, on en vient \u00a0tout de m\u00eame \u00e0 regretter le plus souvent, la mauvaise gestion de la communication en temps de crise comme ce fut le cas apr\u00e8s l\u2019attaque de Boungou. En effet, en l\u2019absence d\u2019informations officielles rassurantes, la rumeur avait pris une telle ampleur qu\u2019il \u00e9tait difficile de distinguer le vrai du faux. En plus, on a parfois l\u2019impression que les autorit\u00e9s sont en panne d\u2019imagination tant et si bien que les soldats passent leur temps \u00e0 faire dans la r\u00e9action plut\u00f4t \u00a0que dans l\u2019action. Ce qui n\u2019augure rien de bon et oblige certains \u00e0 dire qu\u2019il est temps de reconstruire notre arm\u00e9e. Mais c\u2019est l\u00e0 aussi que le b\u00e2t blesse. Car, comment reconstruire notre arm\u00e9e en ces temps de guerre\u00a0?<\/p>\n<p><strong><em>Sidzabda\u00a0<\/em><\/strong><\/p>\n<p><strong><em>\u00a0<\/em><\/strong><\/p>\n<p>Auteur: Le Pays<br \/>\n<a href=\"http:\/\/lepays.bf\/lutte-contre-linsecurite-au-burkina-2\/\">Cliquez ici pour lire l&rsquo;article depuis sa source.<\/a><\/p>\n","protected":false},"excerpt":{"rendered":"<p>\u00ab\u00a0J\u2019ai ordonn\u00e9 le recrutement de volontaires pour la d\u00e9fense dans les zones sous menace. Seule une mobilisation g\u00e9n\u00e9rale des fils et des filles de la Nation, sans consid\u00e9ration de r\u00e9gion, d\u2019ethnie, d\u2019opinion politique et confession religieuse, est \u00e0 m\u00eame de vaincre ces meurtriers , sans foi ni loi, qui r\u00eavent de soumettre notre patrie et [&hellip;]<\/p>\n","protected":false},"author":1813,"featured_media":0,"comment_status":"closed","ping_status":"closed","sticky":false,"template":"","format":"standard","meta":{"fifu_image_url":"","fifu_image_alt":"","footnotes":""},"categories":[73,81],"tags":[],"class_list":["post-67196","post","type-post","status-publish","format-standard","hentry","category-actualite","category-burkina-faso"],"_links":{"self":[{"href":"https:\/\/linitiative.ca\/International\/wp-json\/wp\/v2\/posts\/67196","targetHints":{"allow":["GET"]}}],"collection":[{"href":"https:\/\/linitiative.ca\/International\/wp-json\/wp\/v2\/posts"}],"about":[{"href":"https:\/\/linitiative.ca\/International\/wp-json\/wp\/v2\/types\/post"}],"author":[{"embeddable":true,"href":"https:\/\/linitiative.ca\/International\/wp-json\/wp\/v2\/users\/1813"}],"replies":[{"embeddable":true,"href":"https:\/\/linitiative.ca\/International\/wp-json\/wp\/v2\/comments?post=67196"}],"version-history":[{"count":0,"href":"https:\/\/linitiative.ca\/International\/wp-json\/wp\/v2\/posts\/67196\/revisions"}],"wp:attachment":[{"href":"https:\/\/linitiative.ca\/International\/wp-json\/wp\/v2\/media?parent=67196"}],"wp:term":[{"taxonomy":"category","embeddable":true,"href":"https:\/\/linitiative.ca\/International\/wp-json\/wp\/v2\/categories?post=67196"},{"taxonomy":"post_tag","embeddable":true,"href":"https:\/\/linitiative.ca\/International\/wp-json\/wp\/v2\/tags?post=67196"}],"curies":[{"name":"wp","href":"https:\/\/api.w.org\/{rel}","templated":true}]}}