{"id":67198,"date":"2019-11-11T16:25:27","date_gmt":"2019-11-11T21:25:27","guid":{"rendered":"https:\/\/linitiative.ca\/International\/degradation-de-lecosysteme-dans-le-bassin-de-la-volta-reward-volta-river-pour-inverser-la-tendance\/"},"modified":"2019-11-11T16:25:27","modified_gmt":"2019-11-11T21:25:27","slug":"degradation-de-lecosysteme-dans-le-bassin-de-la-volta-reward-volta-river-pour-inverser-la-tendance","status":"publish","type":"post","link":"https:\/\/linitiative.ca\/International\/degradation-de-lecosysteme-dans-le-bassin-de-la-volta-reward-volta-river-pour-inverser-la-tendance\/","title":{"rendered":"D\u00e9gradation de l\u2019\u00e9cosyst\u00e8me dans le bassin de la Volta  : ReWard-Volta River pour inverser  la tendance"},"content":{"rendered":"<div class=\"td-post-featured-image\"><a href=\"https:\/\/i0.wp.com\/www.sidwaya.info\/wp-content\/uploads\/2019\/11\/1-24.jpg?fit=595%2C397&#038;ssl=1\" data-caption=\"\"><img loading=\"lazy\" decoding=\"async\" width=\"595\" height=\"397\" class=\"entry-thumb td-modal-image\" src=\"https:\/\/i0.wp.com\/www.sidwaya.info\/wp-content\/uploads\/2019\/11\/1-24.jpg?resize=595%2C397&#038;ssl=1\" srcset=\"https:\/\/i0.wp.com\/www.sidwaya.info\/wp-content\/uploads\/2019\/11\/1-24.jpg?w=595&#038;ssl=1 595w, https:\/\/i0.wp.com\/www.sidwaya.info\/wp-content\/uploads\/2019\/11\/1-24.jpg?resize=300%2C200&#038;ssl=1 300w\" sizes=\"auto, (max-width: 595px) 100vw, 595px\" alt=\"\" title=\"1\"\/><\/a><\/div>\n<div class=\"td-a-rec td-a-rec-id-content_top tdi_30_19d td_block_template_1\"><img loading=\"lazy\" decoding=\"async\" class=\"aligncenter size-full wp-image-15640\" src=\"https:\/\/www.sidwaya.info\/wp-content\/uploads\/2019\/10\/pf-pub-1.jpeg\" alt=\"\" width=\"1080\" height=\"360\"\/><\/div>\n<p><strong>Les six pays membres composant l\u2019Autorit\u00e9 du bassin de la Volta (ABV) seront r\u00e9unis dans la capitale burkinab\u00e8 du 5 au 7 novembre 2019. Ensemble, ils ont examin\u00e9s et valid\u00e9s le document du projet intitul\u00e9 ReWard, ou inverser la d\u00e9gradation des \u00e9cosyst\u00e8mes et de l\u2019eau dans le bassin de la Volta.<\/strong><\/p>\n<p>L\u2019Autorit\u00e9 du bassin de la Volta fait face \u00e0 d\u2019\u00e9normes difficult\u00e9s. Des contraintes compil\u00e9es dans un document intitul\u00e9 \u2018\u2019Evaluation des ressources en eau du bassin de la Volta\u2019\u2019. En effet, l\u2019analyse diagnostique transfrontali\u00e8re a mis en \u00e9vidence cinq grands d\u00e9fis auxquels le bassin est confront\u00e9. Il s\u2019agit des variations de la quantit\u00e9 d\u2019eau et des d\u00e9bits saisonniers, la d\u00e9gradation des \u00e9cosyst\u00e8mes, des probl\u00e8mes de qualit\u00e9 de l\u2019eau, la gouvernance et du changement climatique. Par rapport \u00e0 la gestion de l\u2019eau, il est ressorti que les variations de la disponibilit\u00e9 en eau dans le bassin engendrent des impacts socio-\u00e9conomiques et culturels. La plupart des rivi\u00e8res du bassin pr\u00e9sentent de grandes variations saisonni\u00e8res et\/ou temporelles dans les conditions naturelles. Beaucoup sont naturellement \u00e0 sec pendant de longues p\u00e9riodes, et des inondations se produisent de fa\u00e7on naturelle.<\/p>\n<p>Dans la m\u00eame veine, une \u00e9tude r\u00e9alis\u00e9e par Gordon et Al en 2013 a r\u00e9v\u00e9l\u00e9 des changements dus \u00e0 la pression d\u00e9mographique et \u00e0 l\u2019utilisation de l\u2019eau \u00e0 des fins agricoles, industrielles, et pour la production d\u2019\u00e9lectricit\u00e9. Cet usage accru, renseigne la m\u00eame enqu\u00eate, a entra\u00een\u00e9 des p\u00e9nuries d\u2019eau plus intenses et moins pr\u00e9visibles, au cours des derni\u00e8res d\u00e9cennies. Il est \u00e0 pr\u00e9voir que le changement climatique aggravera encore cette situation, en affectant la pluviom\u00e9trie, en augmentant les temp\u00e9ratures, et en affectant les ressources en eau de fa\u00e7on disproportionn\u00e9e, a fait comprendre Roudier et Al dans une \u00e9tude r\u00e9alis\u00e9e en 2014.<\/p>\n<p>En r\u00e9f\u00e9rence \u00e0 la m\u00eame source, l\u2019on retient que l\u2019\u00e9cosyst\u00e8me c\u00f4tier autour de l\u2019embouchure de la Volta d\u00e9pend de l\u2019approvisionnement en eau par le fleuve, de la qualit\u00e9 de l\u2019eau entrante, et de son approvisionnement en sable et autres \u00e9l\u00e9ments nutritifs provenant de la plage. Ces facteurs ayant \u00e9t\u00e9 modifi\u00e9s par les changements environnementaux et les activit\u00e9s humaines, en particulier la construction du barrage d\u2019Akosombo, l\u2019\u00e9cosyst\u00e8me a \u00e9galement chang\u00e9, peut-on lire dans le document d\u2019\u00e9valuation. A la suite de ces changements, le Ghana et le Togo ont connu de graves probl\u00e8mes d\u2019\u00e9rosion c\u00f4ti\u00e8re, en diff\u00e9rents points de leur littoral. Les zones les plus affect\u00e9es et les plus connues \u00e0 \u00e9chelle internationale se situent dans l\u2019estuaire de la Volta, principalement \u00e0 Ada (o\u00f9 la Volta se jette dans l\u2019oc\u00e9an Atlantique) et \u00e0 Keta (son extension vers Lom\u00e9, au Togo).<\/p>\n<p><strong>Conjuguer les efforts<\/strong><\/p>\n<p>L\u2019oc\u00e9an ronge entre 1,5 et 2 m des 560 km de c\u00f4te du Ghana chaque ann\u00e9e, et jusqu\u2019\u00e0 4 m \u00e0 Ada Foah et \u00e0 l\u2019est de Keta, avait alert\u00e9 le Ghan\u00e9en Appeaning Addo en 2009. Au cours de la m\u00eame ann\u00e9e, les vagues ont recouvert un kilom\u00e8tre de route goudronn\u00e9e environ, le long de la zone c\u00f4ti\u00e8re de Keta, affectant plusieurs villages, tous situ\u00e9s \u00e0 environ 100 m\u00e8tres du bord de mer. \u00abLa d\u00e9gradation de l\u2019\u00e9cosyst\u00e8me est surtout due \u00e0 l\u2019action humaine. Les sites miniers utilisent des produits chimiques dans le traitement des minerais. Les ruissellements d\u2019eau transportent ces produits dans les fleuves\u00bb, a expliqu\u00e9 le directeur ex\u00e9cutif de l\u2019ABV, Robert Dessouassi.<\/p>\n<p>C\u2019est pour inverser d\u2019ailleurs la tendance que le projet ReWard ou encore inverser la d\u00e9gradation des \u00e9cosyst\u00e8mes et de l\u2019eau dans le bassin de la Volta, est n\u00e9. Afin de permettre aux six pays membres de l\u2019Autorit\u00e9 d\u2019\u00eatre au m\u00eame niveau d\u2019information, il s\u2019est tenu du 5 au 7 novembre, une rencontre r\u00e9gionale \u00e0 Ouagadougou. Ainsi, les participants devront d\u00e9battre autour des quatre composantes du projet et du cadre de r\u00e9sultats, planifier les activit\u00e9s de r\u00e9f\u00e9rence des pays participants et des partenaires et examiner les pistes de cofinancement de ces activit\u00e9s.<\/p>\n<p>Outre l\u2019engagement et la strat\u00e9gie des acteurs, les modalit\u00e9s de mise en \u0153uvre et les mesures de sauvegarde environnementale et sociale, les participants \u00e9changeront de la strat\u00e9gie de communication \u00e0 \u00e9laborer pour vulgariser le projet. \u00abNous devons tous nous engager pour que ce projet aboutisse. Et l\u2019UICN est constamment engag\u00e9e pour la protection de la nature\u00bb, a soutenu le directeur r\u00e9gional du programme Afrique centrale et occidentale de l\u2019Union internationale pour la conservation de la nature (UICN), Aliou Faye.<br \/>Selon le ministre de l\u2019Eau et de l\u2019Assainissement, Niouga Ambroise Ou\u00e9draogo, les d\u00e9fis en termes de protection et de pr\u00e9servation des ressources en eau du bassin de la Volta deviennent de plus en plus nombreux et vari\u00e9s. Une situation qui met en p\u00e9ril l\u2019existence et l\u2019int\u00e9grit\u00e9 des \u00e9cosyst\u00e8mes, foi du ministre Niouga. \u00abL\u2019urgence s\u2019impose \u00e0 nous tous de rechercher des solutions durables et la meilleure mani\u00e8re d\u2019y parvenir passe par la conjugaison des efforts\u00bb, a soulign\u00e9 M. Ou\u00e9draogo. C\u2019est pourquoi, il a encourag\u00e9 les initiateurs du projet ReWard. Lequel projet, a pr\u00e9cis\u00e9 le ministre, contribuera \u00e0 accro\u00eetre les capacit\u00e9s de r\u00e9silience des b\u00e9n\u00e9ficiaires.<\/p>\n<p class=\"c1\"><strong>Gaspard BAYALA<\/strong><br \/><strong>gaspardbayala87@gmail.com<\/strong><\/p>\n<div class=\"td-a-rec td-a-rec-id-content_bottom tdi_31_9fc td_block_template_1\"><img loading=\"lazy\" decoding=\"async\" class=\"aligncenter size-full wp-image-9623\" src=\"https:\/\/www.sidwaya.info\/wp-content\/uploads\/2019\/06\/Projet-bannie%CC%80re-Orange-mobile.jpg\" alt=\"\" width=\"728\" height=\"81\"\/><\/div>\n<p>Auteur: DD. Sidwaya<br \/>\n<a href=\"https:\/\/www.sidwaya.info\/blog\/2019\/11\/11\/degradation-de-lecosysteme-dans-le-bassin-de-la-volta-reward-volta-river-pour-inverser-la-tendance\/\">Cliquez ici pour lire l&rsquo;article depuis sa source.<\/a><\/p>\n","protected":false},"excerpt":{"rendered":"<p>Les six pays membres composant l\u2019Autorit\u00e9 du bassin de la Volta (ABV) seront r\u00e9unis dans la capitale burkinab\u00e8 du 5 au 7 novembre 2019. Ensemble, ils ont examin\u00e9s et valid\u00e9s le document du projet intitul\u00e9 ReWard, ou inverser la d\u00e9gradation des \u00e9cosyst\u00e8mes et de l\u2019eau dans le bassin de la Volta. L\u2019Autorit\u00e9 du bassin de [&hellip;]<\/p>\n","protected":false},"author":1816,"featured_media":0,"comment_status":"closed","ping_status":"closed","sticky":false,"template":"","format":"standard","meta":{"fifu_image_url":"","fifu_image_alt":"","footnotes":""},"categories":[73,81],"tags":[],"class_list":["post-67198","post","type-post","status-publish","format-standard","hentry","category-actualite","category-burkina-faso"],"_links":{"self":[{"href":"https:\/\/linitiative.ca\/International\/wp-json\/wp\/v2\/posts\/67198","targetHints":{"allow":["GET"]}}],"collection":[{"href":"https:\/\/linitiative.ca\/International\/wp-json\/wp\/v2\/posts"}],"about":[{"href":"https:\/\/linitiative.ca\/International\/wp-json\/wp\/v2\/types\/post"}],"author":[{"embeddable":true,"href":"https:\/\/linitiative.ca\/International\/wp-json\/wp\/v2\/users\/1816"}],"replies":[{"embeddable":true,"href":"https:\/\/linitiative.ca\/International\/wp-json\/wp\/v2\/comments?post=67198"}],"version-history":[{"count":0,"href":"https:\/\/linitiative.ca\/International\/wp-json\/wp\/v2\/posts\/67198\/revisions"}],"wp:attachment":[{"href":"https:\/\/linitiative.ca\/International\/wp-json\/wp\/v2\/media?parent=67198"}],"wp:term":[{"taxonomy":"category","embeddable":true,"href":"https:\/\/linitiative.ca\/International\/wp-json\/wp\/v2\/categories?post=67198"},{"taxonomy":"post_tag","embeddable":true,"href":"https:\/\/linitiative.ca\/International\/wp-json\/wp\/v2\/tags?post=67198"}],"curies":[{"name":"wp","href":"https:\/\/api.w.org\/{rel}","templated":true}]}}