{"id":67199,"date":"2019-11-11T16:29:02","date_gmt":"2019-11-11T21:29:02","guid":{"rendered":"https:\/\/linitiative.ca\/International\/maouloud-2019-es-invocations-pour-la-paix-au-burkina\/"},"modified":"2019-11-11T16:29:02","modified_gmt":"2019-11-11T21:29:02","slug":"maouloud-2019-es-invocations-pour-la-paix-au-burkina","status":"publish","type":"post","link":"https:\/\/linitiative.ca\/International\/maouloud-2019-es-invocations-pour-la-paix-au-burkina\/","title":{"rendered":"Maouloud 2019 : :es invocations pour la paix  au Burkina"},"content":{"rendered":"<div class=\"td-post-featured-image\"><a href=\"https:\/\/i2.wp.com\/www.sidwaya.info\/wp-content\/uploads\/2019\/11\/1-25.jpg?fit=595%2C446&#038;ssl=1\" data-caption=\"\"><img loading=\"lazy\" decoding=\"async\" width=\"595\" height=\"446\" class=\"entry-thumb td-modal-image\" src=\"https:\/\/i2.wp.com\/www.sidwaya.info\/wp-content\/uploads\/2019\/11\/1-25.jpg?resize=595%2C446&#038;ssl=1\" srcset=\"https:\/\/i2.wp.com\/www.sidwaya.info\/wp-content\/uploads\/2019\/11\/1-25.jpg?w=595&#038;ssl=1 595w, https:\/\/i2.wp.com\/www.sidwaya.info\/wp-content\/uploads\/2019\/11\/1-25.jpg?resize=300%2C225&#038;ssl=1 300w, https:\/\/i2.wp.com\/www.sidwaya.info\/wp-content\/uploads\/2019\/11\/1-25.jpg?resize=560%2C420&#038;ssl=1 560w, https:\/\/i2.wp.com\/www.sidwaya.info\/wp-content\/uploads\/2019\/11\/1-25.jpg?resize=80%2C60&#038;ssl=1 80w, https:\/\/i2.wp.com\/www.sidwaya.info\/wp-content\/uploads\/2019\/11\/1-25.jpg?resize=265%2C198&#038;ssl=1 265w\" sizes=\"auto, (max-width: 595px) 100vw, 595px\" alt=\"\" title=\"1\"\/><\/a><\/div>\n<div class=\"td-a-rec td-a-rec-id-content_top tdi_30_791 td_block_template_1\"><img loading=\"lazy\" decoding=\"async\" class=\"aligncenter size-full wp-image-15640\" src=\"https:\/\/www.sidwaya.info\/wp-content\/uploads\/2019\/10\/pf-pub-1.jpeg\" alt=\"\" width=\"1080\" height=\"360\"\/><\/div>\n<p><strong>La communaut\u00e9 musulmane a c\u00e9l\u00e9br\u00e9 la naissance du proph\u00e8te de l\u2019islam, appel\u00e9e Maouloud, dans la nuit du samedi 9 au dimanche 10 novembre \u00e0 la grande mosqu\u00e9e de Ouagadougou. A l\u2019occasion, le pr\u00e9sident de la communaut\u00e9 musulmane a invit\u00e9 les Burkinab\u00e8 \u00e0 cultiver le dialogue, la fraternit\u00e9, la justice et la libert\u00e9.<\/strong><\/p>\n<p>A l\u2019occasion de la c\u00e9l\u00e9bration du Maouloud cette ann\u00e9e, dans la nuit du 9 au 10 novembre 2019, la communaut\u00e9 musulmane a choisi un th\u00e8me en lien avec la situation socio-s\u00e9curitaire du Burkina Faso\u00a0: \u00ab\u00a0Islam et coh\u00e9sion sociale face \u00e0 l\u2019ins\u00e9curit\u00e9\u00a0\u00bb. R\u00e9unis dans la grande mosqu\u00e9e de Ouagadougou, les fid\u00e8les musulmans ont lu le Saint Coran, lou\u00e9 Allah, salu\u00e9 son messager Mohammed et fait des b\u00e9n\u00e9dictions pour la stabilit\u00e9 sociale et la paix dans leur pays. Diff\u00e9rentes allocutions, notamment celles du vice-pr\u00e9sident du bureau ex\u00e9cutif permanent de la communaut\u00e9 musulmane, El hadj Hatimi D\u00e9m\u00e8 et du chef d\u2019Etat-major g\u00e9n\u00e9ral des arm\u00e9es repr\u00e9sent\u00e9 par le commandant du Groupement central des arm\u00e9es (GCA), le colonel-major Oumarou Sawadogo. Le vice-pr\u00e9sident a rappel\u00e9 que le Maouloud est un rassemblement religieux pour reconna\u00eetre le bienfait d\u2019Allah pour l\u2019humanit\u00e9 et constitue un raffermissement de la foi en lui. La d\u00e9cision de placer la c\u00e9r\u00e9monie sous le signe de la coh\u00e9sion sociale est une r\u00e9f\u00e9rence aux imp\u00e9ratifs pr\u00f4n\u00e9s par l\u2019islam, a-t-il indiqu\u00e9.<\/p>\n<p>Mais pour une solidarit\u00e9 forte et des liens sociaux intenses au Burkina Faso, Hatimi D\u00e9m\u00e8 a soulign\u00e9 qu\u2019il faut d\u00e9velopper les valeurs et principes que l\u2019islam recommande \u00e0 tous\u00a0: le dialogue bas\u00e9 sur l\u2019approche interculturelle, l\u2019\u00e9quilibre entre la fraternit\u00e9 humaine et la fraternit\u00e9 islamique, la promotion de la justice et le respect de la libert\u00e9 humaine. La communaut\u00e9 musulmane a invit\u00e9 donc les musulmans \u00e0 une ouverture d\u2019esprit et \u00e0 mettre l\u2019appartenance \u00e0 une communaut\u00e9 humaine au-dessus de toute autre consid\u00e9ration. Sur la question sp\u00e9cifique de la lutte contre le terrorisme, la communaut\u00e9 musulmane privil\u00e9gie les principes islamiques qui recommandent en toute circonstance d\u2019invoquer le seigneur et de se repentir tout en \u0153uvrant pour la coh\u00e9sion sociale. \u00ab\u00a0Une soci\u00e9t\u00e9 qui garantit la libert\u00e9 de conscience, la lutte contre l\u2019injustice et la promotion de l\u2019excellence est pr\u00e9dispos\u00e9e \u00e0 faire face \u00e0 toute adversit\u00e9 comme l\u2019ins\u00e9curit\u00e9\u00a0\u00bb, a soutenu le vice-pr\u00e9sident.<\/p>\n<p>Du c\u00f4t\u00e9 de la hi\u00e9rarchie militaire, le message a \u00e9t\u00e9 bien re\u00e7u. Le commandant du GCA a encourag\u00e9 les responsables de la communaut\u00e9 musulmane \u00e0 continuer de sensibiliser sur cette lanc\u00e9e et surtout \u00e0 pr\u00eacher \u00e0 leurs fid\u00e8les de ne pas se pr\u00eater aux rumeurs et campagnes de d\u00e9sinformation qui circulent sur les r\u00e9seaux sociaux. Un argument repris par le ministre de la S\u00e9curit\u00e9, Ouss\u00e9ni Compaor\u00e9 qui a insist\u00e9 sur le fait que les \u00e9l\u00e9ments des Forces de d\u00e9fense et de s\u00e9curit\u00e9 sont des parents et amis et qui ont besoin du soutien de tous.<\/p>\n<p class=\"c1\"><strong>Fab\u00e9 Mamadou OUATTARA<\/strong><\/p>\n<div class=\"td-a-rec td-a-rec-id-content_bottom tdi_31_e7d td_block_template_1\"><img loading=\"lazy\" decoding=\"async\" class=\"aligncenter size-full wp-image-9623\" src=\"https:\/\/www.sidwaya.info\/wp-content\/uploads\/2019\/06\/Projet-bannie%CC%80re-Orange-mobile.jpg\" alt=\"\" width=\"728\" height=\"81\"\/><\/div>\n<p>Auteur: DD. Sidwaya<br \/>\n<a href=\"https:\/\/www.sidwaya.info\/blog\/2019\/11\/11\/maouloud-2019-es-invocations-pour-la-paix-au-burkina\/\">Cliquez ici pour lire l&rsquo;article depuis sa source.<\/a><\/p>\n","protected":false},"excerpt":{"rendered":"<p>La communaut\u00e9 musulmane a c\u00e9l\u00e9br\u00e9 la naissance du proph\u00e8te de l\u2019islam, appel\u00e9e Maouloud, dans la nuit du samedi 9 au dimanche 10 novembre \u00e0 la grande mosqu\u00e9e de Ouagadougou. A l\u2019occasion, le pr\u00e9sident de la communaut\u00e9 musulmane a invit\u00e9 les Burkinab\u00e8 \u00e0 cultiver le dialogue, la fraternit\u00e9, la justice et la libert\u00e9. A l\u2019occasion de [&hellip;]<\/p>\n","protected":false},"author":1816,"featured_media":0,"comment_status":"closed","ping_status":"closed","sticky":false,"template":"","format":"standard","meta":{"fifu_image_url":"","fifu_image_alt":"","footnotes":""},"categories":[73,81],"tags":[],"class_list":["post-67199","post","type-post","status-publish","format-standard","hentry","category-actualite","category-burkina-faso"],"_links":{"self":[{"href":"https:\/\/linitiative.ca\/International\/wp-json\/wp\/v2\/posts\/67199","targetHints":{"allow":["GET"]}}],"collection":[{"href":"https:\/\/linitiative.ca\/International\/wp-json\/wp\/v2\/posts"}],"about":[{"href":"https:\/\/linitiative.ca\/International\/wp-json\/wp\/v2\/types\/post"}],"author":[{"embeddable":true,"href":"https:\/\/linitiative.ca\/International\/wp-json\/wp\/v2\/users\/1816"}],"replies":[{"embeddable":true,"href":"https:\/\/linitiative.ca\/International\/wp-json\/wp\/v2\/comments?post=67199"}],"version-history":[{"count":0,"href":"https:\/\/linitiative.ca\/International\/wp-json\/wp\/v2\/posts\/67199\/revisions"}],"wp:attachment":[{"href":"https:\/\/linitiative.ca\/International\/wp-json\/wp\/v2\/media?parent=67199"}],"wp:term":[{"taxonomy":"category","embeddable":true,"href":"https:\/\/linitiative.ca\/International\/wp-json\/wp\/v2\/categories?post=67199"},{"taxonomy":"post_tag","embeddable":true,"href":"https:\/\/linitiative.ca\/International\/wp-json\/wp\/v2\/tags?post=67199"}],"curies":[{"name":"wp","href":"https:\/\/api.w.org\/{rel}","templated":true}]}}