{"id":67200,"date":"2019-11-11T16:31:28","date_gmt":"2019-11-11T21:31:28","guid":{"rendered":"https:\/\/linitiative.ca\/International\/maouloud-2019-aziz-sore-preche-la-tolerance-et-le-pardon\/"},"modified":"2019-11-11T16:31:28","modified_gmt":"2019-11-11T21:31:28","slug":"maouloud-2019-aziz-sore-preche-la-tolerance-et-le-pardon","status":"publish","type":"post","link":"https:\/\/linitiative.ca\/International\/maouloud-2019-aziz-sore-preche-la-tolerance-et-le-pardon\/","title":{"rendered":"Maouloud 2019 : Aziz Sor\u00e9 pr\u00eache la tol\u00e9rance  et le pardon"},"content":{"rendered":"<div class=\"td-post-featured-image\"><a href=\"https:\/\/i2.wp.com\/www.sidwaya.info\/wp-content\/uploads\/2019\/11\/1-26.jpg?fit=595%2C446&#038;ssl=1\" data-caption=\"\"><img loading=\"lazy\" decoding=\"async\" width=\"595\" height=\"446\" class=\"entry-thumb td-modal-image\" src=\"https:\/\/i2.wp.com\/www.sidwaya.info\/wp-content\/uploads\/2019\/11\/1-26.jpg?resize=595%2C446&#038;ssl=1\" srcset=\"https:\/\/i2.wp.com\/www.sidwaya.info\/wp-content\/uploads\/2019\/11\/1-26.jpg?w=595&#038;ssl=1 595w, https:\/\/i2.wp.com\/www.sidwaya.info\/wp-content\/uploads\/2019\/11\/1-26.jpg?resize=300%2C225&#038;ssl=1 300w, https:\/\/i2.wp.com\/www.sidwaya.info\/wp-content\/uploads\/2019\/11\/1-26.jpg?resize=560%2C420&#038;ssl=1 560w, https:\/\/i2.wp.com\/www.sidwaya.info\/wp-content\/uploads\/2019\/11\/1-26.jpg?resize=80%2C60&#038;ssl=1 80w, https:\/\/i2.wp.com\/www.sidwaya.info\/wp-content\/uploads\/2019\/11\/1-26.jpg?resize=265%2C198&#038;ssl=1 265w\" sizes=\"auto, (max-width: 595px) 100vw, 595px\" alt=\"\" title=\"1\"\/><\/a><\/div>\n<div class=\"td-a-rec td-a-rec-id-content_top tdi_30_793 td_block_template_1\"><img loading=\"lazy\" decoding=\"async\" class=\"aligncenter size-full wp-image-15640\" src=\"https:\/\/www.sidwaya.info\/wp-content\/uploads\/2019\/10\/pf-pub-1.jpeg\" alt=\"\" width=\"1080\" height=\"360\"\/><\/div>\n<p><strong>Dans la nuit du samedi 9 au dimanche 10 novembre 2019, le guide spirituel, Abdoul Aziz Aguib Sor\u00e9 et ses fid\u00e8les ont c\u00e9l\u00e9br\u00e9 la naissance du proph\u00e8te Mohamed \u00e0 Koumna-Yargo, dans la province du Yatenga. Pour une soci\u00e9t\u00e9 de paix, le religieux a invit\u00e9 les Burkinab\u00e8 \u00e0 l\u2019unit\u00e9, \u00e0 la solidarit\u00e9 et \u00e0 la coh\u00e9sion pacifique.<\/strong><\/p>\n<p>Les musulmans ont magnifi\u00e9 la venue du proph\u00e8te Mohamed \u00e0 travers des pr\u00eaches, des louanges et adorations\u00a0: c\u2019est la f\u00eate du Maouloud. Comme il est de tradition, cette ann\u00e9e encore, le Cheick Abdoul Aziz Aguib Sor\u00e9 a c\u00e9l\u00e9br\u00e9 cette date anniversaire du serviteur de Dieu dans la nuit du samedi 9 au dimanche 10 novembre 2019 \u00e0 Koumna-Yargo dans la province du Yatenga, r\u00e9gion du Nord du Burkina Faso. Le th\u00e8me principal de cette nuit de b\u00e9n\u00e9diction et de louanges a pr\u00e9sent\u00e9 la coh\u00e9sion sociale comme gage de bien-\u00eatre social et de s\u00e9curit\u00e9 des populations. Ainsi, les pr\u00eaches du r\u00e9v\u00e9rend Cheick, se sont ax\u00e9s essentiellement sur l\u2019unit\u00e9 des Burkinab\u00e8, la paix, l\u2019entraide, la s\u00e9curit\u00e9, le raffermissement de la foi religieuse entre autres.<\/p>\n<p>Devant des milliers de fid\u00e8les venus pour cette nuit de nativit\u00e9 du proph\u00e8te, le Cheick a pri\u00e9 pour une paix retrouv\u00e9e au pays des Hommes int\u00e8gres. Il a \u00e9galement exhort\u00e9 les acteurs de toutes les couches sociales \u00e0 se pardonner mutuellement et \u00e0 se donner la main pour une r\u00e9conciliation v\u00e9ritable. Selon le religieux, l\u2019humanit\u00e9 conna\u00eet de plus en plus une haine qui se m\u00e9tamorphose, au fil du temps, en terrorisme. Aux fid\u00e8les musulmans, Aziz Sor\u00e9 les a invit\u00e9s \u00e0 rester des mod\u00e8les car, a-t-il dit, l\u2019islam enseigne des valeurs de paix, de pardon, de solidarit\u00e9 et de non-violence. De ce fait, le guide rejette toute violence qui serait li\u00e9e \u00e0 la conqu\u00eate pour un monde islamique. \u00ab\u00a0On ne tue pas au nom d\u2019une religion encore moins au nom de l\u2019islam qui se veut une religion pacifique\u00a0\u00bb, a-t-il rappel\u00e9. Parlant des actes de banditisme et d\u2019extr\u00eame terrorisme en Afrique et particuli\u00e8rement au Burkina Faso, Mali Niger, le pr\u00eacheur a indiqu\u00e9 que pour venir \u00e0 bout de ces forces du mal, les peuples doivent \u00eatre unis. \u00ab\u00a0La vie en communaut\u00e9 doit \u00eatre empreinte de courtoisie, de pardon, d\u2019amour et de croyance\u00a0\u00bb, a dit le Cheick Sor\u00e9.<\/p>\n<p>Il a invit\u00e9 particuli\u00e8rement les musulmans \u00e0 s\u2019engager dans la lutte contre toute forme de violence afin d\u2019honorer l\u2019image de l\u2019islam et redorer le nom de son proph\u00e8te. \u00ab\u00a0Tous ceux qui font l\u2019apologie du terrorisme et qui se r\u00e9clament de l\u2019islam ne sont pas des croyants encore moins des musulmans. Aucune religion ne pr\u00f4ne l\u2019homicide et tout autre type de violence contre autrui\u00a0\u00bb, a d\u00e9clar\u00e9 le guide spirituel avant de prier pour le repos \u00e9ternel des \u00e2mes des disparus dans l\u2019attaque du convoi minier \u00e0 l\u2019Est du Burkina Faso. Avec d\u2019autres guides venus du Mali, du S\u00e9n\u00e9gal et de la C\u00f4te d\u2019 Ivoire, les religieux ont lu et interpr\u00e9t\u00e9 dans cette nuit du Maouloud, des pages du saint Coran afin d\u2019\u00e9clairer les fid\u00e8les. Au petit matin du dimanche 10 novembre, l\u2019ensemble des fid\u00e8le ont lev\u00e9 les yeux vers le ciel afin d\u2019implorer le pardon de Allah, sa b\u00e9n\u00e9diction \u00e0 toute l\u2019humanit\u00e9, afin que la concorde et la s\u00e9curit\u00e9 r\u00e8gnent dans le monde.<\/p>\n<p class=\"c1\"><strong>Wanl\u00e9 G\u00e9rard COULIB<\/strong>ALY<\/p>\n<div class=\"td-a-rec td-a-rec-id-content_bottom tdi_31_937 td_block_template_1\"><img loading=\"lazy\" decoding=\"async\" class=\"aligncenter size-full wp-image-9623\" src=\"https:\/\/www.sidwaya.info\/wp-content\/uploads\/2019\/06\/Projet-bannie%CC%80re-Orange-mobile.jpg\" alt=\"\" width=\"728\" height=\"81\"\/><\/div>\n<p>Auteur: DD. Sidwaya<br \/>\n<a href=\"https:\/\/www.sidwaya.info\/blog\/2019\/11\/11\/maouloud-2019-aziz-sore-preche-la-tolerance-et-le-pardon\/\">Cliquez ici pour lire l&rsquo;article depuis sa source.<\/a><\/p>\n","protected":false},"excerpt":{"rendered":"<p>Dans la nuit du samedi 9 au dimanche 10 novembre 2019, le guide spirituel, Abdoul Aziz Aguib Sor\u00e9 et ses fid\u00e8les ont c\u00e9l\u00e9br\u00e9 la naissance du proph\u00e8te Mohamed \u00e0 Koumna-Yargo, dans la province du Yatenga. Pour une soci\u00e9t\u00e9 de paix, le religieux a invit\u00e9 les Burkinab\u00e8 \u00e0 l\u2019unit\u00e9, \u00e0 la solidarit\u00e9 et \u00e0 la coh\u00e9sion [&hellip;]<\/p>\n","protected":false},"author":1816,"featured_media":0,"comment_status":"closed","ping_status":"closed","sticky":false,"template":"","format":"standard","meta":{"fifu_image_url":"","fifu_image_alt":"","footnotes":""},"categories":[73,81],"tags":[],"class_list":["post-67200","post","type-post","status-publish","format-standard","hentry","category-actualite","category-burkina-faso"],"_links":{"self":[{"href":"https:\/\/linitiative.ca\/International\/wp-json\/wp\/v2\/posts\/67200","targetHints":{"allow":["GET"]}}],"collection":[{"href":"https:\/\/linitiative.ca\/International\/wp-json\/wp\/v2\/posts"}],"about":[{"href":"https:\/\/linitiative.ca\/International\/wp-json\/wp\/v2\/types\/post"}],"author":[{"embeddable":true,"href":"https:\/\/linitiative.ca\/International\/wp-json\/wp\/v2\/users\/1816"}],"replies":[{"embeddable":true,"href":"https:\/\/linitiative.ca\/International\/wp-json\/wp\/v2\/comments?post=67200"}],"version-history":[{"count":0,"href":"https:\/\/linitiative.ca\/International\/wp-json\/wp\/v2\/posts\/67200\/revisions"}],"wp:attachment":[{"href":"https:\/\/linitiative.ca\/International\/wp-json\/wp\/v2\/media?parent=67200"}],"wp:term":[{"taxonomy":"category","embeddable":true,"href":"https:\/\/linitiative.ca\/International\/wp-json\/wp\/v2\/categories?post=67200"},{"taxonomy":"post_tag","embeddable":true,"href":"https:\/\/linitiative.ca\/International\/wp-json\/wp\/v2\/tags?post=67200"}],"curies":[{"name":"wp","href":"https:\/\/api.w.org\/{rel}","templated":true}]}}