{"id":67202,"date":"2019-11-11T15:18:07","date_gmt":"2019-11-11T20:18:07","guid":{"rendered":"https:\/\/linitiative.ca\/International\/cote-divoire-des-agents-de-la-sante-en-greve-pour-revendiquer-des-primes-syndicat\/"},"modified":"2019-11-11T15:18:07","modified_gmt":"2019-11-11T20:18:07","slug":"cote-divoire-des-agents-de-la-sante-en-greve-pour-revendiquer-des-primes-syndicat","status":"publish","type":"post","link":"https:\/\/linitiative.ca\/International\/cote-divoire-des-agents-de-la-sante-en-greve-pour-revendiquer-des-primes-syndicat\/","title":{"rendered":"C\u00f4te d\u2019Ivoire: des agents de la sant\u00e9 en gr\u00e8ve pour revendiquer des primes (syndicat)"},"content":{"rendered":"<div readability=\"32\">\n<p>Publi\u00e9 le 11.11.2019 \u00e0 21h18 par APA News<\/p>\n<\/div>\n<div readability=\"107\">\n<p>La Plateforme des syndicats de la sant\u00e9 de C\u00f4te d\u2019Ivoire a entam\u00e9 lundi une gr\u00e8ve de trois jours pour revendiquer des primes li\u00e9es aux salaires et profils de ses syndiqu\u00e9s, selon Narcisse Koffi, secr\u00e9taire g\u00e9n\u00e9ral national du Syndicat des agents administratifs de la sant\u00e9, dont l\u2019organisation est membre de cette fa\u00eeti\u00e8re.Cette gr\u00e8ve, lanc\u00e9e aujourd\u2019hui se termine jusqu\u2019au 13 novembre 2019, mais est reconductible, a fait savoir M. Narcisse Kofii, charg\u00e9 de la communication de la Plateforme des syndicats de la sant\u00e9, indiquant que les agents gr\u00e9vistes observent cependant un service minimum m\u00e9dical. \u00a0 \u00a0\u00a0<\/p>\n<p>\u00ab On a entam\u00e9 effectivement et nous sommes satisfaits dans un premier temps de cette premi\u00e8re journ\u00e9e qui enregistre plus de 50% \u00bb comme taux en termes de suivi, a-t-il dit, \u00e9voquant des endroits o\u00f9 \u00ab la couverture est totale \u00bb tels \u00e0 Arrah, Bouak\u00e9, Zouan Hounien, Dimbokro et le Centre hospitalier universitaire (CHU) de Cocody.<\/p>\n<p>Les revendications \u00e0 caract\u00e8re financier sont entre autre la prime de risque sanitaire, exig\u00e9e pour tous les agents de sant\u00e9. La Plateforme note que certains b\u00e9n\u00e9ficient de 30 000 Fcfa, mais cette prime devrait \u00eatre \u00e9tablie \u00e0 75 000 Fcfa et octroy\u00e9e \u00e0 tous y compris les agents administratifs et d\u2019hygi\u00e8ne.<\/p>\n<p>Selon M. Narcisse Koffi, la plateforme syndicale r\u00e9clame aussi une indemnit\u00e9 de logement, seulement attribu\u00e9e aux m\u00e9decins \u00e0 hauteur de 70 000 Fcfa. Les syndicats affili\u00e9s souhaitent que cela soit \u00e9tendu aux infirmiers, sages-femmes, au personnel administratif et aux administrateurs. \u00a0<\/p>\n<p>La Plateforme des syndicats de la sant\u00e9 revendique en outre une indemnit\u00e9 pour les acteurs des corps particuliers qui devrait \u00eatre de 50 000 Fcfa selon les r\u00e9solutions de l\u2019atelier de Jacqueville (sud), organis\u00e9 avec le minist\u00e8re de la Sant\u00e9 et de l\u2019hygi\u00e8ne publique.<\/p>\n<p>L\u2019organisation syndicale revendique par ailleurs \u00ab\u00a0une prime d\u2019incitation qu\u2019on a institu\u00e9 ensemble avec le minist\u00e8re de la Sant\u00e9 et de l\u2019hygi\u00e8ne publique\u00a0\u00bb, a ajout\u00e9 le secr\u00e9taire g\u00e9n\u00e9ral national du Syndicat des agents administratifs de la sant\u00e9.<\/p>\n<p>Avec la Couverture maladie universelle (CMU), un programme social du gouvernement ivoirien, \u00ab ces primes seront encore d\u00e9valu\u00e9es \u00bb, estime-t-il parce que \u00ab si on a des primes trop \u00e9lev\u00e9es dans les CHU c\u2019est 100 000 Fcfa annuellement \u00bb et ce en raison des consultations payantes.<\/p>\n<p>Concernant les revendications \u00e0 caract\u00e8re acad\u00e9miques et professionnels, la fa\u00eeti\u00e8re veut une reconnaissance du Certificat d\u2019\u00e9tude sp\u00e9cialis\u00e9e (CES) qui devrait permettre de r\u00e9mun\u00e9rer le m\u00e9decin qui en dehors du dipl\u00f4me d\u2019Etat, acquiert une sp\u00e9cialisation \u00e0 des frais tr\u00e8s \u00e9lev\u00e9s. \u00a0\u00a0<\/p>\n<p>Au niveau de l\u2019Institut de formation des agents de sant\u00e9 (INFAS), creuset de formation des \u00a0infirmiers et sages-femmes, la Plateforme plaide pour qu\u2019apr\u00e8s le syst\u00e8me LMD, ces praticiens de la sant\u00e9 aillent au doctorat parce que le dipl\u00f4me d\u2019Etat d\u00e9cern\u00e9 est reconnu localement. \u00a0 \u00a0<\/p>\n<p>Mercredi, la Plateforme des syndicats de la sant\u00e9, fa\u00eeti\u00e8re qui regroupe cinq membres et soutenue par deux organisations syndicales, pr\u00e9voit une Assembl\u00e9e g\u00e9n\u00e9rale pour d\u00e9cider de la suite \u00e0 donner \u00e0 cette gr\u00e8ve. Les syndicats d\u00e9plorent qu\u2019il n\u2019y ait \u00ab\u00a0pas d\u2019avanc\u00e9e notoire\u00a0\u00bb.<\/p>\n<\/div>\n<p>Auteur: APA News<br \/>\n<a href=\"https:\/\/www.journalducameroun.com\/cote-divoire-des-agents-de-la-sante-en-greve-pour-revendiquer-des-primes-syndicat\/\">Cliquez ici pour lire l&rsquo;article depuis sa source.<\/a><\/p>\n","protected":false},"excerpt":{"rendered":"<p>Publi\u00e9 le 11.11.2019 \u00e0 21h18 par APA News La Plateforme des syndicats de la sant\u00e9 de C\u00f4te d\u2019Ivoire a entam\u00e9 lundi une gr\u00e8ve de trois jours pour revendiquer des primes li\u00e9es aux salaires et profils de ses syndiqu\u00e9s, selon Narcisse Koffi, secr\u00e9taire g\u00e9n\u00e9ral national du Syndicat des agents administratifs de la sant\u00e9, dont l\u2019organisation est [&hellip;]<\/p>\n","protected":false},"author":1965,"featured_media":0,"comment_status":"closed","ping_status":"closed","sticky":false,"template":"","format":"standard","meta":{"fifu_image_url":"","fifu_image_alt":"","footnotes":""},"categories":[73,82],"tags":[],"class_list":["post-67202","post","type-post","status-publish","format-standard","hentry","category-actualite","category-cameroun"],"_links":{"self":[{"href":"https:\/\/linitiative.ca\/International\/wp-json\/wp\/v2\/posts\/67202","targetHints":{"allow":["GET"]}}],"collection":[{"href":"https:\/\/linitiative.ca\/International\/wp-json\/wp\/v2\/posts"}],"about":[{"href":"https:\/\/linitiative.ca\/International\/wp-json\/wp\/v2\/types\/post"}],"author":[{"embeddable":true,"href":"https:\/\/linitiative.ca\/International\/wp-json\/wp\/v2\/users\/1965"}],"replies":[{"embeddable":true,"href":"https:\/\/linitiative.ca\/International\/wp-json\/wp\/v2\/comments?post=67202"}],"version-history":[{"count":0,"href":"https:\/\/linitiative.ca\/International\/wp-json\/wp\/v2\/posts\/67202\/revisions"}],"wp:attachment":[{"href":"https:\/\/linitiative.ca\/International\/wp-json\/wp\/v2\/media?parent=67202"}],"wp:term":[{"taxonomy":"category","embeddable":true,"href":"https:\/\/linitiative.ca\/International\/wp-json\/wp\/v2\/categories?post=67202"},{"taxonomy":"post_tag","embeddable":true,"href":"https:\/\/linitiative.ca\/International\/wp-json\/wp\/v2\/tags?post=67202"}],"curies":[{"name":"wp","href":"https:\/\/api.w.org\/{rel}","templated":true}]}}