{"id":67203,"date":"2019-11-11T15:18:10","date_gmt":"2019-11-11T20:18:10","guid":{"rendered":"https:\/\/linitiative.ca\/International\/le-commerce-intra-africain-evoluera-de-15-a-25-dici-2045-selon-cyril-ramaphosa\/"},"modified":"2019-11-11T15:18:10","modified_gmt":"2019-11-11T20:18:10","slug":"le-commerce-intra-africain-evoluera-de-15-a-25-dici-2045-selon-cyril-ramaphosa","status":"publish","type":"post","link":"https:\/\/linitiative.ca\/International\/le-commerce-intra-africain-evoluera-de-15-a-25-dici-2045-selon-cyril-ramaphosa\/","title":{"rendered":"Le commerce intra africain \u00e9voluera de 15 \u00e0 25% d\u2019ici 2045, selon Cyril Ramaphosa"},"content":{"rendered":"<div readability=\"32\">\n<p>Publi\u00e9 le 11.11.2019 \u00e0 21h18 par APA News<\/p>\n<\/div>\n<div readability=\"105\">\n<p>Le commerce intra africain \u00e9voluera de 15 \u00e0 25% d\u2019ici 2045 avec la mise en \u0153uvre de la zone de libre-\u00e9change continentale africaine (ZLECA), a annonc\u00e9, lundi \u00e0 Johannesburg, le pr\u00e9sident sud-africain, Cyril Ramaphosa, estimant que l\u2019\u00e9conomie africaine est devenue \u00ab mature \u00bb.M. Ramaphosa s\u2019exprimait \u00e0 l\u2019ouverture de la deuxi\u00e8me \u00e9dition du Forum Investir en Afrique ou African investment forum (AIF) en pr\u00e9sence de ses homologues rwandais, Paul Kagam\u00e9 et ghan\u00e9en, Nana Akufo-Addo.<\/p>\n<p>\u00a0\u00ab African Investment Forum devient la plateforme, la plus importante pour les investissements en Afrique. L\u2019\u00e9conomie de notre continent est devenue mature. Le commerce intra africain va \u00e9voluer de 15 \u00e0 25% d\u2019ici 2045.\u00bb, a-t-il expliqu\u00e9, soulignant que \u00abla stabilit\u00e9 dans la plus part des pays (africains) nous a permis de nous industrialiser \u00bb.<\/p>\n<p>La zone de libre-\u00e9change continentale africaine (ZLECA) est devenue la zone la plus importante depuis la cr\u00e9ation de l\u2019Organisation mondiale du commerce, a poursuivi le pr\u00e9sident sud-africain.<\/p>\n<p>A ce propos, M. Ramaphosa a soutenu que \u00ab les investisseurs vont tirer profit dans la suppression des barri\u00e8res \u00bb dans le cadre de la mise en \u0153uvre de cette zone de libre-\u00e9change.<\/p>\n<p>Pour lui, \u00ab nous devrons pouvoir produire sur place tout ce dont nous avons besoin sur notre beau continent \u00bb. Pour y arriver, il faut passer selon le pr\u00e9sident sud-africain par les investissements qui \u00ab sont les fondamentaux d\u2019une \u00e9conomie durable \u00bb.<\/p>\n<p>Poursuivant, il a invit\u00e9 ses pairs \u00e0 adopter des \u00ab politiques novatrices pour attirer les investisseurs \u00bb. \u00ab Nous allons \u0153uvrer pour que la ZLECA soit fonctionnelle. Notre continent est pr\u00eat pour des investissements et nous disposons d\u2019opportunit\u00e9s \u00bb, a-t-il insist\u00e9.\u00a0<\/p>\n<p>Au cours de cette deuxi\u00e8me \u00e9dition du forum, \u00ab nous devrons partir avec des investissements qui vont devenir des projets \u00bb, a ajout\u00e9 M. Ramaphosa, voyant en l\u2019Afrique un \u00ab continent r\u00e9silient avec des hommes et des femmes courageux \u00bb.\u00a0<\/p>\n<p>Durant trois jours (11, 12 et 13 novembre 2019), des investisseurs, des fonds souverains, des banquiers, des hommes d\u2019affaires proposeront des financements pour des projets sur le continent avec en ligne de mire l\u2019autonomisation des femmes.<\/p>\n<p>Plus de 2000 d\u00e9l\u00e9gu\u00e9s issus de 109 pays dont 49 pays africains prennent part \u00e0 cette deuxi\u00e8me \u00e9dition au cours de laquelle des projets d\u2019un montant de pr\u00e8s 67 milliards de dollars seront n\u00e9goci\u00e9s.<\/p>\n<p>Organis\u00e9 par la Banque africaine de d\u00e9veloppement (BAD) et le gouvernement sud-africain, \u00a0African Investment Forum vise \u00e0 mobiliser des capitaux pour le financement de projets en direction des pays africains.<\/p>\n<p>Ce forum a notamment \u00a0pour partenaires la Soci\u00e9t\u00e9 financi\u00e8re africaine, la Banque d\u2019exportation et d\u2019importation pour l\u2019Afrique, Africa 50, la Banque de commerce et de d\u00e9veloppement (TDB), la Banque islamique de d\u00e9veloppement (BID), la Banque de d\u00e9veloppement de l\u2019Afrique australe et la Banque europ\u00e9enne d\u2019investissement (BEI).<\/p>\n<\/div>\n<p>Auteur: APA News<br \/>\n<a href=\"https:\/\/www.journalducameroun.com\/le-commerce-intra-africain-evoluera-de-15-a-25-dici-2045-selon-cyril-ramaphosa\/\">Cliquez ici pour lire l&rsquo;article depuis sa source.<\/a><\/p>\n","protected":false},"excerpt":{"rendered":"<p>Publi\u00e9 le 11.11.2019 \u00e0 21h18 par APA News Le commerce intra africain \u00e9voluera de 15 \u00e0 25% d\u2019ici 2045 avec la mise en \u0153uvre de la zone de libre-\u00e9change continentale africaine (ZLECA), a annonc\u00e9, lundi \u00e0 Johannesburg, le pr\u00e9sident sud-africain, Cyril Ramaphosa, estimant que l\u2019\u00e9conomie africaine est devenue \u00ab mature \u00bb.M. Ramaphosa s\u2019exprimait \u00e0 l\u2019ouverture [&hellip;]<\/p>\n","protected":false},"author":1965,"featured_media":0,"comment_status":"closed","ping_status":"closed","sticky":false,"template":"","format":"standard","meta":{"fifu_image_url":"","fifu_image_alt":"","footnotes":""},"categories":[73,82],"tags":[],"class_list":["post-67203","post","type-post","status-publish","format-standard","hentry","category-actualite","category-cameroun"],"_links":{"self":[{"href":"https:\/\/linitiative.ca\/International\/wp-json\/wp\/v2\/posts\/67203","targetHints":{"allow":["GET"]}}],"collection":[{"href":"https:\/\/linitiative.ca\/International\/wp-json\/wp\/v2\/posts"}],"about":[{"href":"https:\/\/linitiative.ca\/International\/wp-json\/wp\/v2\/types\/post"}],"author":[{"embeddable":true,"href":"https:\/\/linitiative.ca\/International\/wp-json\/wp\/v2\/users\/1965"}],"replies":[{"embeddable":true,"href":"https:\/\/linitiative.ca\/International\/wp-json\/wp\/v2\/comments?post=67203"}],"version-history":[{"count":0,"href":"https:\/\/linitiative.ca\/International\/wp-json\/wp\/v2\/posts\/67203\/revisions"}],"wp:attachment":[{"href":"https:\/\/linitiative.ca\/International\/wp-json\/wp\/v2\/media?parent=67203"}],"wp:term":[{"taxonomy":"category","embeddable":true,"href":"https:\/\/linitiative.ca\/International\/wp-json\/wp\/v2\/categories?post=67203"},{"taxonomy":"post_tag","embeddable":true,"href":"https:\/\/linitiative.ca\/International\/wp-json\/wp\/v2\/tags?post=67203"}],"curies":[{"name":"wp","href":"https:\/\/api.w.org\/{rel}","templated":true}]}}