{"id":67204,"date":"2019-11-11T16:18:03","date_gmt":"2019-11-11T21:18:03","guid":{"rendered":"https:\/\/linitiative.ca\/International\/la-zlecaf-une-opportunite-pour-les-pays-du-maghreb-daccelerer-leur-transformation-structurelle-ministre-mauritanien\/"},"modified":"2019-11-11T16:18:03","modified_gmt":"2019-11-11T21:18:03","slug":"la-zlecaf-une-opportunite-pour-les-pays-du-maghreb-daccelerer-leur-transformation-structurelle-ministre-mauritanien","status":"publish","type":"post","link":"https:\/\/linitiative.ca\/International\/la-zlecaf-une-opportunite-pour-les-pays-du-maghreb-daccelerer-leur-transformation-structurelle-ministre-mauritanien\/","title":{"rendered":"La ZLECAF, une opportunit\u00e9 pour les pays du Maghreb d\u2019acc\u00e9l\u00e9rer leur transformation structurelle (ministre mauritanien)"},"content":{"rendered":"<p>La Zone de libre \u00e9change continentale africaine (ZLECAF) est une opportunit\u00e9 \u00e0 saisir par les pays du Maghreb pour diversifier leurs \u00e9conomies, acc\u00e9l\u00e9rer leur transformation structurelle et g\u00e9n\u00e9rer des emplois, a estim\u00e9, lundi \u00e0 Rabat, le ministre mauritanien du Commerce et du tourisme, Sid\u2019Ahmed Mahmoud.Le ministre mauritanien, qui s\u2019exprimait \u00e0 l\u2019ouverture d\u2019un s\u00e9minaire r\u00e9gional sur l\u2019impact potentiel de la ZLECAF sur les \u00e9conomies maghr\u00e9bines, a mis en avant le r\u00f4le cl\u00e9 que joue les Communaut\u00e9s \u00c9conomiques R\u00e9gionales (CER) dans la mise en \u0153uvre de la zone de libre \u00e9change continentale, soulignant l\u2019importance de ratifier cet accord et en faire un pilier de la strat\u00e9gie nationale de d\u00e9veloppement \u00e9conomique.<\/p>\n<p>Il a, \u00e0 cet \u00e9gard, affirm\u00e9 que l\u2019Afrique du Nord jouit d\u2019une position g\u00e9ostrat\u00e9gique cl\u00e9 qui lui impose de jouer le r\u00f4le de passerelle au sein des cha\u00eenes de valeurs industrielles mondiales.<\/p>\n<p>L\u2019Union du Maghreb Arabe (UMA) est plus que jamais appel\u00e9e \u00e0 mener les diff\u00e9rentes phases de n\u00e9gociations n\u00e9cessaires pour valoriser et catalyser les opportunit\u00e9s qui s\u2019offrent aujourd\u2019hui \u00e0 l\u2019Afrique du Nord, a relev\u00e9 le ministre, notant que parmi les secteurs porteurs d\u2019opportunit\u00e9s de synergies au Maghreb figurent l\u2019agriculture, l\u2019automobile, le textile, le mat\u00e9riel \u00e9lectrique, l\u2019a\u00e9ronautique, l\u2019\u00e9lectrique, les services du marketing et de la vente, du transport et de la distribution.<\/p>\n<p>Pour sa part, le Commissaire au commerce et \u00e0 l\u2019industrie de la Commission de l\u2019Union Africaine, Albert Muchanga, a indiqu\u00e9 qu l\u2019Afrique prend ses responsabilit\u00e9s pour son d\u00e9veloppement, faisant remarquer que l\u2019UMA est bien positionn\u00e9e pour devenir un hub commercial solide entre l\u2019Afrique et le reste du monde.<\/p>\n<p>De son c\u00f4t\u00e9, la directrice du Bureau pour l\u2019Afrique du Nord de la Commission \u00e9conomique pour l\u2019Afrique (CEA), Lilia Hachem Naas, a relev\u00e9 que l\u2019int\u00e9gration maghr\u00e9bine constitue un jalon essentiel du processus d\u2019int\u00e9gration continentale qui pr\u00e9sente d\u2019\u00e9normes opportunit\u00e9s en termes de croissance et d\u2019emploi.<\/p>\n<p>Elle a estim\u00e9 que l\u2019int\u00e9gration maghr\u00e9bine offre la possibilit\u00e9 de mieux tirer profit des atouts \u00e9conomiques et g\u00e9ostrat\u00e9giques dont dispose la sous-r\u00e9gion, au carrefour entre l\u2019Europe, l\u2019Afrique et le Moyen-Orient.<\/p>\n<p>\u00ab L\u2019\u00e9tude de la CEA (2017) portant sur l\u2019industrialisation gr\u00e2ce au commerce en Afrique du Nord montre que la mise en place de mesures de facilitation des \u00e9changes, en plus de la ZLECAF, aurait un impact particuli\u00e8rement positif sur le commerce intra-r\u00e9gional \u00bb, a t-elle soulign\u00e9, notant que l\u2019augmentation des \u00e9changes commerciaux intra-nord-africains de produits industriels manufactur\u00e9s, est \u00e9valu\u00e9e autour de 70%.<\/p>\n<p>Elle a affirm\u00e9 \u00e0 ce propos qu\u2019une int\u00e9gration maghr\u00e9bine renforc\u00e9e dans ses diff\u00e9rentes dimensions (mobilit\u00e9 des facteurs, coordination des politiques sectorielles, harmonisation des cadres normatifs, programmes et projets conjoints), renforcerait les pouvoirs de n\u00e9gociation des Etats de la r\u00e9gion, et permettrait le d\u00e9veloppement du commerce et des investissements, la r\u00e9alisation d\u2019\u00e9conomies d\u2019\u00e9chelle par l\u2019accroissement de la taille des march\u00e9s.<\/p>\n<p>La ZLECAF, a t-elle dit, constitue un processus central pour r\u00e9aliser les sept aspirations de l\u2019Agenda 2063 et la vision africaine de d\u00e9veloppement pour les cinq prochaines d\u00e9cennies, soulignant que ce s\u00e9minaire se propose donc de donner un large \u00e9cho \u00e0 l\u2019ensemble des efforts qui visent une acc\u00e9l\u00e9ration de l\u2019int\u00e9gration et augmenter le commerce entre les pays d\u2019Afrique du Nord d\u2019une part mais aussi et surtout entre l\u2019Afrique du Nord et le reste du continent.<\/p>\n<p>Quant au secr\u00e9taire g\u00e9n\u00e9ral de l\u2019Union du Maghreb Arabe (UMA), Ta\u00efeb Baccouche, il a mis en avant l\u2019impact positif majeur de la ZLECAF sur les \u00e9conomiques maghr\u00e9bines, notant que celle-ci permettra de g\u00e9n\u00e9rer des emplois et contribuera ainsi \u00e0 la croissance \u00e9conomique en Afrique.<\/p>\n<p>Il a, dans ce sens, estim\u00e9 que les avantages de la mise en application de l\u2019accord portant cr\u00e9ation de la ZLECA sont tr\u00e8s nombreux, faisant observer que celui-ci constituera \u00ab\u00a0une source de richesse\u00a0\u00bb pour l\u2019ensemble des pays africains notamment aux niveaux \u00e9conomique et social.<\/p>\n<p>Initi\u00e9e conjointement par la Commission \u00e9conomique pour l\u2019Afrique (CEA) et l\u2019Union du Maghreb Arabe (UMA), cette rencontre vise \u00e0 promouvoir l\u2019int\u00e9gration \u00e9conomique africaine au niveau r\u00e9gional et continental par une meilleure implication des acteurs cl\u00e9s d\u2019Afrique du Nord, et \u00e0 encourager les \u00e9conomies maghr\u00e9bines \u00e0 renforcer leur positionnement dans le processus de construction du march\u00e9 unique africain.<\/p>\n<p>Ce s\u00e9minaire r\u00e9gional de deux jours offre l\u2019occasion aux repr\u00e9sentants des pays membres de l\u2019UMA (Alg\u00e9rie, Libye, Maroc, Mauritanie et Tunisie), n\u00e9gociateurs en chef de la ZLECAF, repr\u00e9sentants du secteur financier et du secteur priv\u00e9, experts et observateurs de partager leurs analyses sur la ZLECA, leur compr\u00e9hension des d\u00e9fis et des opportunit\u00e9s qu\u2019elle renferme et ses implications pour le d\u00e9veloppement \u00e9conomique et la croissance. Ils proc\u00e9deront par ailleurs \u00e0 un examen approfondi de leurs politiques d\u2019int\u00e9gration r\u00e9gionale et continentale en vue de faciliter la formulation de nouvelles strat\u00e9gies plus int\u00e9gr\u00e9es et mieux coordonn\u00e9es.<\/p>\n<p>Entr\u00e9e formellement en vigueur le 30 mai 2019, la ZLECA vise \u00e0 r\u00e9duire les barri\u00e8res tarifaires et non-tarifaires au commerce, \u00e0 encourager l\u2019ouverture des march\u00e9s et la facilitation du commerce, et \u00e0 harmoniser les r\u00e8gles de commerce \u00e0 travers le continent africain.<\/p>\n<p>Selon les \u00e9conomistes, la ZLECAF constitue la plus grande zone de libre-\u00e9change au monde depuis la cr\u00e9ation de l\u2019Organisation mondiale du commerce (OMC), couvrant un march\u00e9 potentiel de 1,2 milliard de consommateurs pour un produit int\u00e9rieur brut (PIB) cumul\u00e9 de plus de 2.500 milliards de dollars.<\/p>\n<p>Auteur: APA News<br \/>\n<a href=\"https:\/\/www.journalducameroun.com\/la-zlecaf-une-opportunite-pour-les-pays-du-maghreb-daccelerer-leur-transformation-structurelle-ministre-mauritanien\/\">Cliquez ici pour lire l&rsquo;article depuis sa source.<\/a><\/p>\n","protected":false},"excerpt":{"rendered":"<p>La Zone de libre \u00e9change continentale africaine (ZLECAF) est une opportunit\u00e9 \u00e0 saisir par les pays du Maghreb pour diversifier leurs \u00e9conomies, acc\u00e9l\u00e9rer leur transformation structurelle et g\u00e9n\u00e9rer des emplois, a estim\u00e9, lundi \u00e0 Rabat, le ministre mauritanien du Commerce et du tourisme, Sid\u2019Ahmed Mahmoud.Le ministre mauritanien, qui s\u2019exprimait \u00e0 l\u2019ouverture d\u2019un s\u00e9minaire r\u00e9gional sur [&hellip;]<\/p>\n","protected":false},"author":1965,"featured_media":0,"comment_status":"closed","ping_status":"closed","sticky":false,"template":"","format":"standard","meta":{"fifu_image_url":"","fifu_image_alt":"","footnotes":""},"categories":[73,82],"tags":[],"class_list":["post-67204","post","type-post","status-publish","format-standard","hentry","category-actualite","category-cameroun"],"_links":{"self":[{"href":"https:\/\/linitiative.ca\/International\/wp-json\/wp\/v2\/posts\/67204","targetHints":{"allow":["GET"]}}],"collection":[{"href":"https:\/\/linitiative.ca\/International\/wp-json\/wp\/v2\/posts"}],"about":[{"href":"https:\/\/linitiative.ca\/International\/wp-json\/wp\/v2\/types\/post"}],"author":[{"embeddable":true,"href":"https:\/\/linitiative.ca\/International\/wp-json\/wp\/v2\/users\/1965"}],"replies":[{"embeddable":true,"href":"https:\/\/linitiative.ca\/International\/wp-json\/wp\/v2\/comments?post=67204"}],"version-history":[{"count":0,"href":"https:\/\/linitiative.ca\/International\/wp-json\/wp\/v2\/posts\/67204\/revisions"}],"wp:attachment":[{"href":"https:\/\/linitiative.ca\/International\/wp-json\/wp\/v2\/media?parent=67204"}],"wp:term":[{"taxonomy":"category","embeddable":true,"href":"https:\/\/linitiative.ca\/International\/wp-json\/wp\/v2\/categories?post=67204"},{"taxonomy":"post_tag","embeddable":true,"href":"https:\/\/linitiative.ca\/International\/wp-json\/wp\/v2\/tags?post=67204"}],"curies":[{"name":"wp","href":"https:\/\/api.w.org\/{rel}","templated":true}]}}