{"id":67205,"date":"2019-11-11T16:50:02","date_gmt":"2019-11-11T21:50:02","guid":{"rendered":"https:\/\/linitiative.ca\/International\/seisme-des-habitants-un-peu-perdus-passent-la-nuit-dans-un-gymnase\/"},"modified":"2019-11-11T16:50:02","modified_gmt":"2019-11-11T21:50:02","slug":"seisme-des-habitants-un-peu-perdus-passent-la-nuit-dans-un-gymnase","status":"publish","type":"post","link":"https:\/\/linitiative.ca\/International\/seisme-des-habitants-un-peu-perdus-passent-la-nuit-dans-un-gymnase\/","title":{"rendered":"S\u00e9isme: des habitants \u00ab\u00a0un peu perdus\u00a0\u00bb passent la nuit dans un gymnase"},"content":{"rendered":"<div readability=\"32\">\n<p>Publi\u00e9 le 11.11.2019 \u00e0 22h50 par AFP<\/p>\n<\/div>\n<div readability=\"132\">\n<p>\u00ab\u00a0On est un peu perdus\u00a0\u00bb, d\u00e9clare d\u2019un air d\u00e9pit\u00e9 une habitante du Teil (Ard\u00e8che), s\u2019appr\u00eatant \u00e0 passer la nuit avec sa famille dans un gymnase apr\u00e8s le s\u00e9isme exceptionnel qui a secou\u00e9 cette ville proche de Mont\u00e9limar.<\/p>\n<p>\u00ab\u00a0Demain je dois travailler et je ne sais pas comment faire\u00a0\u00bb, ajoute Asma Dous, 34 ans, dont la maison, achet\u00e9e et r\u00e9nov\u00e9e r\u00e9cemment, pr\u00e9sente des fissures apr\u00e8s le tremblement de terre.<\/p>\n<p>Ce lundi \u00e9tant f\u00e9ri\u00e9, son mari appellera leur assureur le lendemain. \u00ab\u00a0J\u2019esp\u00e8re qu\u2019on sera mieux log\u00e9s avec l\u2019assurance\u00a0\u00bb, souffle cette m\u00e8re de famille assise sur un lit de camp avec ses jeunes enfants dans le gymnase Pierre de Coubertin du Teil.<\/p>\n<p>Quatre personnes ont \u00e9t\u00e9 bless\u00e9es, dont l\u2019une gri\u00e8vement, dans ce s\u00e9isme. S\u2019il n\u2019a dur\u00e9 que quelques secondes lundi peu avant midi, il a provoqu\u00e9 de nombreux d\u00e9g\u00e2ts principalement au Teil, ville limitrophe de Mont\u00e9limar (Dr\u00f4me).<\/p>\n<p>Celia Gonzalez, 25 ans, a d\u00fb quitter pr\u00e9cipitamment avec ses enfants son appartement apr\u00e8s la secousse. \u00ab\u00a0Je n\u2019ai eu le temps de rien prendre pour les enfants, tous les papiers sont dans l\u2019appartement\u00a0\u00bb.<\/p>\n<p>Quant \u00e0 leur assurance, \u00ab\u00a0personne n\u2019a r\u00e9pondu\u00a0\u00bb \u00e0 son appel, ajoute la jeune femme blonde, m\u00e8re de quatre enfants.<\/p>\n<p>\u00ab\u00a0On ne peut plus rentrer chez nous, il y a une diff\u00e9rence de sol d\u2019une dizaine de centim\u00e8tres. Les enfants ont eu tr\u00e8s peur et on avait peur en sortant du b\u00e2timent que le toit tombe\u00a0\u00bb, raconte Mme Gonzalez.<\/p>\n<p>\u2013 \u00ab\u00a0Heureux qu\u2019on n\u2019ait rien\u00a0\u00bb \u2013<\/p>\n<p>Au Teil, trois gymnases ont \u00e9t\u00e9 ouverts pour accueillir les personnes contraintes de quitter leur logement apr\u00e8s cette secousse de 5,4 de magnitude, la plus forte constat\u00e9e en France continentale depuis 2003 selon les donn\u00e9es du Bureau central sismologique Fran\u00e7ais (BCSF) de Strasbourg.<\/p>\n<p>Selon la pr\u00e9f\u00e8te, entre 200 et 250 habitations ont \u00e9t\u00e9 endommag\u00e9es, mais au gymnase Pierre de Coubertin, seules une trentaine de personnes restaient sans solution d\u2019h\u00e9bergement pour la nuit. Les autres sont rentr\u00e9s chez eux ou dorment chez des proches.<\/p>\n<p>Des personnels de la S\u00e9curit\u00e9 civile, de la Croix-Rouge, ainsi que des pompiers sont pr\u00e9sents \u00e0 leur c\u00f4t\u00e9 et leur proposent des boissons chaudes et des sandwiches.<\/p>\n<p>A une centaine de m\u00e8tres, dans leur pavillon, Marie et Jean-Pierre Vettoretti constatent les d\u00e9g\u00e2ts. Le sol du s\u00e9jour est jonch\u00e9 de vaisselle cass\u00e9e.<\/p>\n<p>Les assiettes d\u00e9coratives sont \u00ab\u00a0irr\u00e9cup\u00e9rables\u00a0\u00bb tout comme la lampe offerte par sa fille, bris\u00e9e en plusieurs morceaux, se lamente la sexag\u00e9naire. Elle s\u2019extasie quelques minutes plus tard en ramassant un autre bibelot en c\u00e9ramique, qui miraculeusement ne s\u2019est pas cass\u00e9.<\/p>\n<p>\u00ab\u00a0On peut s\u2019estimer heureux qu\u2019on n\u2019ait rien mais ce qui est perdu, c\u2019est affectif\u00a0\u00bb, confie Mme Vettoretti.<\/p>\n<p>Le couple a pris des photos et une vid\u00e9o des d\u00e9g\u00e2ts, sur les conseils de leur assureur qui doit les recevoir demain.<\/p>\n<p>La secousse, d\u2019une intensit\u00e9 rare dans la r\u00e9gion, a \u00e9t\u00e9 ressentie jusqu\u2019\u00e0 Saint-Etienne, Grenoble, Lyon, distante de quelque 150 kilom\u00e8tres de l\u2019\u00e9picentre du s\u00e9isme, et m\u00eame dans le sud de la France.<\/p>\n<p>Au Teil, les \u00e9tablissement scolaires seront ferm\u00e9s mardi.<\/p>\n<\/div>\n<p>Auteur: AFP<br \/>\n<a href=\"https:\/\/www.journalducameroun.com\/seisme-des-habitants-un-peu-perdus-passent-la-nuit-dans-un-gymnase\/\">Cliquez ici pour lire l&rsquo;article depuis sa source.<\/a><\/p>\n","protected":false},"excerpt":{"rendered":"<p>Publi\u00e9 le 11.11.2019 \u00e0 22h50 par AFP \u00ab\u00a0On est un peu perdus\u00a0\u00bb, d\u00e9clare d\u2019un air d\u00e9pit\u00e9 une habitante du Teil (Ard\u00e8che), s\u2019appr\u00eatant \u00e0 passer la nuit avec sa famille dans un gymnase apr\u00e8s le s\u00e9isme exceptionnel qui a secou\u00e9 cette ville proche de Mont\u00e9limar. \u00ab\u00a0Demain je dois travailler et je ne sais pas comment faire\u00a0\u00bb, [&hellip;]<\/p>\n","protected":false},"author":1965,"featured_media":0,"comment_status":"closed","ping_status":"closed","sticky":false,"template":"","format":"standard","meta":{"fifu_image_url":"","fifu_image_alt":"","footnotes":""},"categories":[73,82],"tags":[],"class_list":["post-67205","post","type-post","status-publish","format-standard","hentry","category-actualite","category-cameroun"],"_links":{"self":[{"href":"https:\/\/linitiative.ca\/International\/wp-json\/wp\/v2\/posts\/67205","targetHints":{"allow":["GET"]}}],"collection":[{"href":"https:\/\/linitiative.ca\/International\/wp-json\/wp\/v2\/posts"}],"about":[{"href":"https:\/\/linitiative.ca\/International\/wp-json\/wp\/v2\/types\/post"}],"author":[{"embeddable":true,"href":"https:\/\/linitiative.ca\/International\/wp-json\/wp\/v2\/users\/1965"}],"replies":[{"embeddable":true,"href":"https:\/\/linitiative.ca\/International\/wp-json\/wp\/v2\/comments?post=67205"}],"version-history":[{"count":0,"href":"https:\/\/linitiative.ca\/International\/wp-json\/wp\/v2\/posts\/67205\/revisions"}],"wp:attachment":[{"href":"https:\/\/linitiative.ca\/International\/wp-json\/wp\/v2\/media?parent=67205"}],"wp:term":[{"taxonomy":"category","embeddable":true,"href":"https:\/\/linitiative.ca\/International\/wp-json\/wp\/v2\/categories?post=67205"},{"taxonomy":"post_tag","embeddable":true,"href":"https:\/\/linitiative.ca\/International\/wp-json\/wp\/v2\/tags?post=67205"}],"curies":[{"name":"wp","href":"https:\/\/api.w.org\/{rel}","templated":true}]}}