{"id":67206,"date":"2019-11-11T16:50:04","date_gmt":"2019-11-11T21:50:04","guid":{"rendered":"https:\/\/linitiative.ca\/International\/turquie-mort-a-istanbul-du-principal-soutien-des-casques-blancs-syriens\/"},"modified":"2019-11-11T16:50:04","modified_gmt":"2019-11-11T21:50:04","slug":"turquie-mort-a-istanbul-du-principal-soutien-des-casques-blancs-syriens","status":"publish","type":"post","link":"https:\/\/linitiative.ca\/International\/turquie-mort-a-istanbul-du-principal-soutien-des-casques-blancs-syriens\/","title":{"rendered":"Turquie: mort \u00e0 Istanbul du principal soutien des Casques blancs syriens"},"content":{"rendered":"<div readability=\"32\">\n<p>Publi\u00e9 le 11.11.2019 \u00e0 22h50 par AFP<\/p>\n<\/div>\n<div readability=\"98\">\n<p>Le directeur de la principale organisation qui soutient les Casques blancs, les secouristes de la d\u00e9fense civile op\u00e9rant dans les zones rebelles en Syrie, a \u00e9t\u00e9 retrouv\u00e9 mort lundi \u00e0 Istanbul, a-t-on appris aupr\u00e8s de son bureau.<\/p>\n<p>Les causes exactes de la mort de James Le Mesurier, de nationalit\u00e9 britannique, n\u2019\u00e9taient pas connues dans l\u2019imm\u00e9diat et son bureau s\u2019est refus\u00e9 \u00e0 tout commentaire.<\/p>\n<p>\u00ab\u00a0Nous sommes profond\u00e9ment attrist\u00e9s par la mort de James Le Mesurier\u00a0\u00bb, a r\u00e9agi un porte-parole du minist\u00e8re des Affaires \u00e9trang\u00e8res britannique dans un communiqu\u00e9 transmettant ses \u00ab\u00a0condol\u00e9ances \u00e0 sa famille et \u00e0 ses amis en cette p\u00e9riode difficile\u00a0\u00bb.<\/p>\n<p>Selon des informations de presse, il a \u00e9t\u00e9 retrouv\u00e9 mort, avec des fractures aux deux jambes et \u00e0 la t\u00eate, t\u00f4t lundi au pied de l\u2019immeuble dans lequel se trouve son appartement.<\/p>\n<p>Le bureau du gouverneur d\u2019Istanbul a confirm\u00e9 la mort de Le Mesurier dans un communiqu\u00e9, affirmant qu\u2019une enqu\u00eate \u00e9tait en cours pour en d\u00e9terminer les causes.<\/p>\n<p>Citant sa femme, des sources polici\u00e8res turques ont affirm\u00e9 que Le Mesurier \u00ab\u00a0s\u2019est mis r\u00e9cemment \u00e0 prendre des antid\u00e9presseurs et des somnif\u00e8res car il \u00e9tait dans un \u00e9tat de stress\u00a0\u00bb.<\/p>\n<p>La police s\u2019est pr\u00e9sent\u00e9e dans l\u2019appartement du couple vers 02H30 GMT apr\u00e8s avoir \u00e9t\u00e9 alert\u00e9e sur la pr\u00e9sence d\u2019un corps sans vie dans la rue, selon la m\u00eame source.<\/p>\n<p>Sur leur compte Twitter, les Casques blancs ont exprim\u00e9 leur \u00ab\u00a0choc et tristesse\u00a0\u00bb apr\u00e8s la mort de Le Mesurier, affirmant que \u00ab\u00a0ses efforts humanitaires aupr\u00e8s des Syriens resteront dans notre m\u00e9moire\u00a0\u00bb.<\/p>\n<p>Le Mesurier, un ancien officier de l\u2019arm\u00e9e britannique, dirigeait l\u2019organisation \u00e0 but non-lucratif Mayday Rescue qui coordonne les dons destin\u00e9s aux Casques blancs syriens et qui dispose de bureaux \u00e0 Istanbul et aux Pays-Bas.<\/p>\n<p>Mayday Rescue a confirm\u00e9 la mort de James Le Mesurier sur Twitter et appel\u00e9 les m\u00e9dias \u00e0 \u00ab\u00a0s\u2019abstenir de sp\u00e9culer sur les raisons\u00a0\u00bb de sa mort.<\/p>\n<p>Le 22 octobre, le pr\u00e9sident am\u00e9ricain Donald Trump avait valid\u00e9 une aide de 4,5 millions de dollars pour les Casques blancs.<\/p>\n<p>Les Casques blancs, secouristes b\u00e9n\u00e9voles connus pour intervenir sur les lieux bombard\u00e9s afin d\u2019en extraire les survivants, sont accus\u00e9s par le r\u00e9gime syrien et son alli\u00e9 russe de soutenir les rebelles des zones dans lesquelles ils interviennent.<\/p>\n<p>Le minist\u00e8re russe des Affaires \u00e9trang\u00e8res a ainsi affirm\u00e9 le 8 novembre sur son compte Twitter que Le Mesurier \u00ab\u00a0un ancien agent du MI6 (les services britanniques)\u00a0\u00bb avait \u00ab\u00a0des connexions avec des groupes terroristes\u00a0\u00bb.<\/p>\n<p>Un film consacr\u00e9 aux Casques blancs a obtenu l\u2019Oscar du meilleur court m\u00e9trage documentaire en 2017.<\/p>\n<\/div>\n<p>Auteur: AFP<br \/>\n<a href=\"https:\/\/www.journalducameroun.com\/turquie-mort-a-istanbul-du-principal-soutien-des-casques-blancs-syriens\/\">Cliquez ici pour lire l&rsquo;article depuis sa source.<\/a><\/p>\n","protected":false},"excerpt":{"rendered":"<p>Publi\u00e9 le 11.11.2019 \u00e0 22h50 par AFP Le directeur de la principale organisation qui soutient les Casques blancs, les secouristes de la d\u00e9fense civile op\u00e9rant dans les zones rebelles en Syrie, a \u00e9t\u00e9 retrouv\u00e9 mort lundi \u00e0 Istanbul, a-t-on appris aupr\u00e8s de son bureau. Les causes exactes de la mort de James Le Mesurier, de [&hellip;]<\/p>\n","protected":false},"author":1965,"featured_media":0,"comment_status":"closed","ping_status":"closed","sticky":false,"template":"","format":"standard","meta":{"fifu_image_url":"","fifu_image_alt":"","footnotes":""},"categories":[73,82],"tags":[],"class_list":["post-67206","post","type-post","status-publish","format-standard","hentry","category-actualite","category-cameroun"],"_links":{"self":[{"href":"https:\/\/linitiative.ca\/International\/wp-json\/wp\/v2\/posts\/67206","targetHints":{"allow":["GET"]}}],"collection":[{"href":"https:\/\/linitiative.ca\/International\/wp-json\/wp\/v2\/posts"}],"about":[{"href":"https:\/\/linitiative.ca\/International\/wp-json\/wp\/v2\/types\/post"}],"author":[{"embeddable":true,"href":"https:\/\/linitiative.ca\/International\/wp-json\/wp\/v2\/users\/1965"}],"replies":[{"embeddable":true,"href":"https:\/\/linitiative.ca\/International\/wp-json\/wp\/v2\/comments?post=67206"}],"version-history":[{"count":0,"href":"https:\/\/linitiative.ca\/International\/wp-json\/wp\/v2\/posts\/67206\/revisions"}],"wp:attachment":[{"href":"https:\/\/linitiative.ca\/International\/wp-json\/wp\/v2\/media?parent=67206"}],"wp:term":[{"taxonomy":"category","embeddable":true,"href":"https:\/\/linitiative.ca\/International\/wp-json\/wp\/v2\/categories?post=67206"},{"taxonomy":"post_tag","embeddable":true,"href":"https:\/\/linitiative.ca\/International\/wp-json\/wp\/v2\/tags?post=67206"}],"curies":[{"name":"wp","href":"https:\/\/api.w.org\/{rel}","templated":true}]}}