{"id":67208,"date":"2019-11-11T11:36:32","date_gmt":"2019-11-11T16:36:32","guid":{"rendered":"https:\/\/linitiative.ca\/International\/deputes-et-conseillers-municipaux-camerounais-seront-elus-le-9-fevrier-2019\/"},"modified":"2019-11-11T11:36:32","modified_gmt":"2019-11-11T16:36:32","slug":"deputes-et-conseillers-municipaux-camerounais-seront-elus-le-9-fevrier-2019","status":"publish","type":"post","link":"https:\/\/linitiative.ca\/International\/deputes-et-conseillers-municipaux-camerounais-seront-elus-le-9-fevrier-2019\/","title":{"rendered":"D\u00e9put\u00e9s et conseillers municipaux camerounais seront \u00e9lus le 9 f\u00e9vrier 2019"},"content":{"rendered":"<p>L\u2019ar\u00e8ne politique est de nouveau ouverte. Le pr\u00e9sident de la R\u00e9publique du Cameroun vient de le d\u00e9cider. Les prochaines \u00e9lections auront lieu en d\u00e9but d\u2019ann\u00e9e prochaine. <strong>Paul Biya<\/strong> a en effet sign\u00e9, dimanche 10 novembre, un d\u00e9cret fixant la date des \u00e9lections l\u00e9gislatives et municipales. <em>\u00ab\u00a0Le corps \u00e9lectoral est convoqu\u00e9 le dimanche 9 f\u00e9vrier 2020 \u00e0 l\u2019effet de proc\u00e9der \u00e0 l\u2019\u00e9lection des d\u00e9put\u00e9s \u00e0 l\u2019Assembl\u00e9e nationale et des conseillers municipaux\u00a0\u00bb<\/em>, indique le d\u00e9cret pr\u00e9sidentiel. Le texte pr\u00e9cise que le scrutin sera ouvert sur l\u2019ensemble du territoire national \u00e0 8 heures et clos \u00e0 18 heures.<\/p>\n<p>Sur la base du Code \u00e9lectoral, les acteurs politiques peuvent d\u2019ores et d\u00e9j\u00e0 \u00e9tablir le chronogramme des trois mois \u00e0 venir. Ainsi, les d\u00e9clarations des candidatures doivent \u00eatre d\u00e9pos\u00e9es au plus tard le 25 novembre 2019 \u00e0 minuit aupr\u00e8s d\u2019Elections Cameroon (<strong>ELECAM<\/strong>), l\u2019organe charg\u00e9 des op\u00e9rations d\u2019\u00e9lections dans le pays. Cette institution se chargera de publier les listes des candidats, par circonscriptions \u00e9lectorales le 10 d\u00e9cembre. Les acteurs politiques auront 48 heures pour contester ou faire des r\u00e9clamations relatives au rejet ou \u00e0 l\u2019acceptation des candidatures avant la d\u00e9cision finale du Conseil constitutionnel pr\u00e9vue le 22 d\u00e9cembre.<\/p>\n<p>L\u2019ouverture de la campagne \u00e9lectorale se fera deux semaines avant le scrutin, le 25 janvier 2020. Et une fois les op\u00e9rations de vote achev\u00e9es, il faudra attendre de liquider de potentiels contentieux \u00e9lectoraux. Les requ\u00eates en annulation des op\u00e9rations \u00e9lectorales, par tout candidat ou parti politique ayant pris part \u00e0 l\u2019\u00e9lection, devront \u00eatre pr\u00e9sent\u00e9es au plus tard le 12 f\u00e9vrier, tandis que le d\u00e9compte g\u00e9n\u00e9ral des votes pour les l\u00e9gislatives se fera du 13 au 17 f\u00e9vrier, comme le pr\u00e9voit l\u2019article 69 du Code \u00e9lectoral. Les r\u00e9sultats d\u00e9finitifs devraient donc \u00eatre rendus publics au plus tard le 29 f\u00e9vrier 2020, toujours d\u2019apr\u00e8s les dispositions de la loi \u00e9lectorale camerounaise.<\/p>\n<p>Initialement pr\u00e9vues en 2018, les \u00e9lections l\u00e9gislatives et municipales ont \u00e9t\u00e9 report\u00e9es \u00e0 deux reprises par le pr\u00e9sident <strong>Biya<\/strong>. Tr\u00e8s attendues, elles arrivent dans un contexte camerounais fortement marqu\u00e9 par la crise dans les r\u00e9gions du Nord-ouest et du Sud-ouest. Le doute persiste en effet dans ces r\u00e9gions o\u00f9 la situation s\u00e9curitaire pose toujours des probl\u00e8mes. Lors de l\u2019\u00e9lection pr\u00e9sidentielle de 2018, entre 5 et 15% seulement des \u00e9lecteurs y avaient vot\u00e9. Des recommandations avaient \u00e9t\u00e9 faites lors du Grand Dialogue National pour mettre fin \u00e0 cette crise. La derni\u00e8re session la l\u00e9gislature en cours est une occasion pour les mettre en application.<\/p>\n<p>L\u2019autre enjeu est que ces l\u00e9gislatives et municipales constituent un v\u00e9ritable test pour les formations politiques. La r\u00e9cente pr\u00e9sidentielle laisse croire \u00e0 une nouvelle configuration politique, notamment au sein de l\u2019Assembl\u00e9e nationale. Le Mouvement pour la renaissance du Cameroun (<strong>MRC<\/strong>) devra confirmer la position de <em>\u00ab\u00a0premier parti de l\u2019opposition\u00a0\u00bb<\/em> que ses militants r\u00e9clament depuis l\u2019\u00e9lection d\u2019octobre 2018. Le Social Democratic Front (<strong>SDF<\/strong>), dont le nombre d\u2019\u00e9lus locaux s\u2019effritent au fil du temps, devra redresser la barre, apr\u00e8s le revers de cette \u00e9lection. L\u2019on devrait \u00e9galement s\u2019attendre \u00e0 des changements avec le Parti Camerounais pour la R\u00e9conciliation Nationale (<strong>PCRN<\/strong>), dont le pr\u00e9sident <strong>Cabral Libii<\/strong>, est arriv\u00e9 troisi\u00e8me \u00e0 l\u2019\u00e9lection pr\u00e9sidentielle.<\/p>\n<div class=\"about-author about-author-box container-wrapper\">\n<div class=\"author-avatar\"><img decoding=\"async\" src=\"http:\/\/\" alt=\"\"\/><\/div>\n<p><h4>La R\u00e9daction EcoMatin<\/h4>\n<\/p>\n<\/div>\n<div class=\"awac-wrapper awac widget blog_subscription-2\">\n<h4 class=\"widget-title\">Abonnez-vous \u00e0 notre lettre d&rsquo;information<\/h4>\n<\/div>\n<p>Auteur: EcoMatin<br \/>\n<a href=\"https:\/\/ecomatin.net\/deputes-et-conseillers-municipaux-camerounais-seront-elus-le-9-fevrier-2019\/\">Cliquez ici pour lire l&rsquo;article depuis sa source.<\/a><\/p>\n","protected":false},"excerpt":{"rendered":"<p>L\u2019ar\u00e8ne politique est de nouveau ouverte. Le pr\u00e9sident de la R\u00e9publique du Cameroun vient de le d\u00e9cider. Les prochaines \u00e9lections auront lieu en d\u00e9but d\u2019ann\u00e9e prochaine. Paul Biya a en effet sign\u00e9, dimanche 10 novembre, un d\u00e9cret fixant la date des \u00e9lections l\u00e9gislatives et municipales. \u00ab\u00a0Le corps \u00e9lectoral est convoqu\u00e9 le dimanche 9 f\u00e9vrier 2020 [&hellip;]<\/p>\n","protected":false},"author":1969,"featured_media":0,"comment_status":"closed","ping_status":"closed","sticky":false,"template":"","format":"standard","meta":{"fifu_image_url":"","fifu_image_alt":"","footnotes":""},"categories":[82,78],"tags":[],"class_list":["post-67208","post","type-post","status-publish","format-standard","hentry","category-cameroun","category-economie"],"_links":{"self":[{"href":"https:\/\/linitiative.ca\/International\/wp-json\/wp\/v2\/posts\/67208","targetHints":{"allow":["GET"]}}],"collection":[{"href":"https:\/\/linitiative.ca\/International\/wp-json\/wp\/v2\/posts"}],"about":[{"href":"https:\/\/linitiative.ca\/International\/wp-json\/wp\/v2\/types\/post"}],"author":[{"embeddable":true,"href":"https:\/\/linitiative.ca\/International\/wp-json\/wp\/v2\/users\/1969"}],"replies":[{"embeddable":true,"href":"https:\/\/linitiative.ca\/International\/wp-json\/wp\/v2\/comments?post=67208"}],"version-history":[{"count":0,"href":"https:\/\/linitiative.ca\/International\/wp-json\/wp\/v2\/posts\/67208\/revisions"}],"wp:attachment":[{"href":"https:\/\/linitiative.ca\/International\/wp-json\/wp\/v2\/media?parent=67208"}],"wp:term":[{"taxonomy":"category","embeddable":true,"href":"https:\/\/linitiative.ca\/International\/wp-json\/wp\/v2\/categories?post=67208"},{"taxonomy":"post_tag","embeddable":true,"href":"https:\/\/linitiative.ca\/International\/wp-json\/wp\/v2\/tags?post=67208"}],"curies":[{"name":"wp","href":"https:\/\/api.w.org\/{rel}","templated":true}]}}