{"id":67210,"date":"2019-11-11T12:14:47","date_gmt":"2019-11-11T17:14:47","guid":{"rendered":"https:\/\/linitiative.ca\/International\/une-plainte-deposee-a-paris-pour-annuler-le-rachat-de-la-bicec-par-bcp\/"},"modified":"2019-11-11T12:14:47","modified_gmt":"2019-11-11T17:14:47","slug":"une-plainte-deposee-a-paris-pour-annuler-le-rachat-de-la-bicec-par-bcp","status":"publish","type":"post","link":"https:\/\/linitiative.ca\/International\/une-plainte-deposee-a-paris-pour-annuler-le-rachat-de-la-bicec-par-bcp\/","title":{"rendered":"Une plainte d\u00e9pos\u00e9e \u00e0 Paris pour annuler le rachat de la BICEC par BCP"},"content":{"rendered":"<p>Un collectif d\u2019avocats camerounais, compos\u00e9 de <strong>Christian Bomo Ntimbane<\/strong>, <strong>Jean-Paul Ngalle<\/strong> <strong>Miano, Michel Janvier Voukeng et Guy-Alain Tougoua,<\/strong> veut obtenir l\u2019annulation et la reprise du processus du rachat du capital de la BICEC, filiale camerounaise du groupe fran\u00e7ais Banque populaire Caisse d\u2019\u00e9pargne (<strong>BPCE<\/strong>). Leur action d\u2019annulation et de reprise du processus de cession est fond\u00e9e sur le caract\u00e8re irr\u00e9gulier et ill\u00e9gal des n\u00e9gociations exclusives engag\u00e9es par BPCE au profit uniquement du groupe bancaire de droit marocain BCP.<\/p>\n<p>Lesdits avocats \u00e9noncent notamment la violation des articles 81 et suivants de l\u2019Acte uniforme OHADA portant soci\u00e9t\u00e9s commerciales, qui disposent que les n\u00e9gociations exclusives ne peuvent \u00eatre valables que si elles sont engag\u00e9es au profit d\u2019un \u00e9tablissement de cr\u00e9dit agr\u00e9\u00e9 dans un \u00c9tat-partie au trait\u00e9 OHADA. Or, le groupe bancaire de droit marocain BCP SA, n\u2019est pas un \u00e9tablissement de cr\u00e9dit ressortissant d\u2019un \u00c9tat-membre du trait\u00e9 OHADA et de surcro\u00eet ne b\u00e9n\u00e9ficie pas d\u2019un agr\u00e9ment en son nom propre dans cet espace communautaire.<\/p>\n<p>Seules les filiales de ce groupe bancaire b\u00e9n\u00e9ficient des agr\u00e9ments des commissions bancaires de l\u2019espace OHADA, \u00e9tant entendu que les filiales jouissent en droit d\u2019une personnalit\u00e9 juridique autonome et distincte de leur soci\u00e9t\u00e9 m\u00e8re. Plus est, soutiennent les avocats, en proc\u00e9dant \u00e0 une vente exclusive avec BPCE et excluant de facto tous les investisseurs de droit camerounais, int\u00e9ress\u00e9s \u00e0 la suite du communiqu\u00e9 du 28 septembre 2018 portant information sur la cession des participations de la BPCE dans le capital de la BICEC , le groupe fran\u00e7ais BPCE , BCP SA, BICEC SA, sont accus\u00e9s d\u2019avoir viol\u00e9 la loi r\u00e9gissant l\u2019activit\u00e9 commerciale au Cameroun. Celle-ci dispose que\u00a0: <em>\u00ab Le consommateur ne doit pas \u00eatre priv\u00e9 de la possibilit\u00e9 d\u2019acqu\u00e9rir une technologie, un bien ou service \u00e0 moins qu\u2019il n\u2019en soit exclu par un texte particulier\u00a0\u00bb<\/em>.<\/p>\n<p>Les plaignants esp\u00e8rent donc bloquer l\u2019op\u00e9ration de cession et s\u2019appuient \u00e9galement sur les articles <strong>2 et 5 de la loi n\u00b098\/013 du 14 juillet 1998<\/strong> relative \u00e0 la concurrence, qui interdit aux entreprises \u00e9trang\u00e8res exer\u00e7ant sur le march\u00e9 int\u00e9rieur du Cameroun <em>\u00ab des accords et ententes ayant pour effet d\u2019\u00e9liminer ou de restreindre sensiblement la concurrence \u00bb.<\/em> Ils r\u00e9clament l\u2019ouverture de n\u00e9gociations avec l\u2019\u00c9tat camerounais (actionnaire de la BICEC \u00e0 hauteur de 17,5 %). Et ils estiment que le groupe BPCE devrait permettre l\u2019ouverture du capital de la BICEC \u00e0 des ressortissants camerounais plut\u00f4t qu\u2019\u00e0 des fonds marocains. <strong>Michel Janvier Voukeng<\/strong> et <strong>Guy-Alain Tougoua<\/strong>, les avocats des requ\u00e9rants, envisagent \u00e9galement de porter l\u2019affaire devant l\u2019OCDE.<\/p>\n<div class=\"about-author about-author-box container-wrapper\">\n<div class=\"author-avatar\"><img decoding=\"async\" src=\"http:\/\/\" alt=\"\"\/><\/div>\n<p><h4>La R\u00e9daction EcoMatin<\/h4>\n<\/p>\n<\/div>\n<div class=\"awac-wrapper awac widget blog_subscription-2\">\n<h4 class=\"widget-title\">Abonnez-vous \u00e0 notre lettre d&rsquo;information<\/h4>\n<\/div>\n<p>Auteur: EcoMatin<br \/>\n<a href=\"https:\/\/ecomatin.net\/une-plainte-deposee-a-paris-pour-annuler-le-rachat-de-la-bicec-par-bcp\/\">Cliquez ici pour lire l&rsquo;article depuis sa source.<\/a><\/p>\n","protected":false},"excerpt":{"rendered":"<p>Un collectif d\u2019avocats camerounais, compos\u00e9 de Christian Bomo Ntimbane, Jean-Paul Ngalle Miano, Michel Janvier Voukeng et Guy-Alain Tougoua, veut obtenir l\u2019annulation et la reprise du processus du rachat du capital de la BICEC, filiale camerounaise du groupe fran\u00e7ais Banque populaire Caisse d\u2019\u00e9pargne (BPCE). Leur action d\u2019annulation et de reprise du processus de cession est fond\u00e9e [&hellip;]<\/p>\n","protected":false},"author":1969,"featured_media":0,"comment_status":"closed","ping_status":"closed","sticky":false,"template":"","format":"standard","meta":{"fifu_image_url":"","fifu_image_alt":"","footnotes":""},"categories":[82,78],"tags":[],"class_list":["post-67210","post","type-post","status-publish","format-standard","hentry","category-cameroun","category-economie"],"_links":{"self":[{"href":"https:\/\/linitiative.ca\/International\/wp-json\/wp\/v2\/posts\/67210","targetHints":{"allow":["GET"]}}],"collection":[{"href":"https:\/\/linitiative.ca\/International\/wp-json\/wp\/v2\/posts"}],"about":[{"href":"https:\/\/linitiative.ca\/International\/wp-json\/wp\/v2\/types\/post"}],"author":[{"embeddable":true,"href":"https:\/\/linitiative.ca\/International\/wp-json\/wp\/v2\/users\/1969"}],"replies":[{"embeddable":true,"href":"https:\/\/linitiative.ca\/International\/wp-json\/wp\/v2\/comments?post=67210"}],"version-history":[{"count":0,"href":"https:\/\/linitiative.ca\/International\/wp-json\/wp\/v2\/posts\/67210\/revisions"}],"wp:attachment":[{"href":"https:\/\/linitiative.ca\/International\/wp-json\/wp\/v2\/media?parent=67210"}],"wp:term":[{"taxonomy":"category","embeddable":true,"href":"https:\/\/linitiative.ca\/International\/wp-json\/wp\/v2\/categories?post=67210"},{"taxonomy":"post_tag","embeddable":true,"href":"https:\/\/linitiative.ca\/International\/wp-json\/wp\/v2\/tags?post=67210"}],"curies":[{"name":"wp","href":"https:\/\/api.w.org\/{rel}","templated":true}]}}