{"id":67212,"date":"2019-11-12T08:00:41","date_gmt":"2019-11-12T13:00:41","guid":{"rendered":"https:\/\/linitiative.ca\/International\/offre-a-lexport-un-comite-daction-mis-en-place-par-lasmex\/"},"modified":"2019-11-12T08:00:41","modified_gmt":"2019-11-12T13:00:41","slug":"offre-a-lexport-un-comite-daction-mis-en-place-par-lasmex","status":"publish","type":"post","link":"https:\/\/linitiative.ca\/International\/offre-a-lexport-un-comite-daction-mis-en-place-par-lasmex\/","title":{"rendered":"Offre \u00e0 l\u2019export : Un comit\u00e9 d\u2019action mis en place par l\u2019Asmex"},"content":{"rendered":"<header>\n<\/header>\n<div class=\"entry-content clearfix\" readability=\"67\"><img decoding=\"async\" class=\"post_layout_5_img\" src=\"http:\/\/aujourdhui.ma\/wp-content\/uploads\/2019\/11\/Hassan-Sentissi-El-Idrissi-Asmex-Benchaaboune-et-Moulay-Hafid-Alalamy.jpg?x29840\" alt=\"Offre \u00e0 l\u2019export : Un comit\u00e9 d\u2019action mis en place par l\u2019Asmex\"\/><\/p>\n<p class=\"p1\"><span class=\"c4\"><strong><em>L\u2019Asmex avait recens\u00e9 25 mesures pour am\u00e9liorer la comp\u00e9titivit\u00e9 de l\u2019offre exportable dans le cadre du Forum marocain du commerce et des Assises sur la fiscalit\u00e9<\/em><\/strong><\/span><span id=\"more-323149\"\/><\/p>\n<p class=\"p1\">Un comit\u00e9 d\u2019action a \u00e9t\u00e9 cr\u00e9\u00e9 pour l\u2019export au service de la comp\u00e9titivit\u00e9 des entreprises exportatrices dans le cadre d\u2019un partenariat public-priv\u00e9. Telle est l\u2019annonce faite par le pr\u00e9sident Hassan Sentissi El Idrissi, pr\u00e9sident de l\u2019Association marocaine des exportateurs (Asmex) lors d\u2019une rencontre qui s\u2019est d\u00e9roul\u00e9e le 8 novembre sous le th\u00e8me \u00abFiscalit\u00e9 d\u00e9terminante pour le d\u00e9veloppement des exportations\u00bb. Organis\u00e9e par l\u2019Asmex, cette conf\u00e9rence a \u00e9t\u00e9 l\u2019occasion pour Hassan Sentissi El Idrissi de lancer un appel aux ministres des finances et du commerce, Mohamed Bencha\u00e2boune, et Moulay Hafid Elalamy, afin \u00ab<em>d\u2019inscrire annuellement ce type de rencontres, et ce en amont de l\u2019\u00e9laboration des projets de loi de Finances. En effet, la mise en place de cette gouvernance public-priv\u00e9 permettrait de cr\u00e9er une concertation dans la p\u00e9rennit\u00e9 avec les exportateurs, suivant les recommandations de Sa Majest\u00e9 le Roi Mohammed VI\u00bb.<\/em><\/p>\n<p class=\"p1\">Dans le m\u00eame sens, le pr\u00e9sident de l\u2019Asmex a d\u00e9voil\u00e9 que \u00ab<em>le Comit\u00e9 de crise, constitu\u00e9 par l\u2019Asmex le 30 octobre dernier, se transforme \u00e0 l\u2019issue de cette importante rencontre d\u2019aujourd\u2019hui en comit\u00e9 d\u2019action pour l\u2019export<\/em>\u00bb, afin d\u2019\u00e9riger l\u2019export comme priorit\u00e9 nationale \u00e0 m\u00eame d\u2019augmenter la valeur ajout\u00e9e et de r\u00e9duire le d\u00e9ficit de la balance commerciale du pays. Par ailleurs, l\u2019Asmex avait recens\u00e9 25 mesures pour am\u00e9liorer la comp\u00e9titivit\u00e9 de l\u2019offre exportable dans le cadre du Forum marocain du commerce et des Assises sur la fiscalit\u00e9. Celle-ci compte la suppression de la cotisation minimale pour les entreprises exportatrices, la suppression de la taxe professionnelle, accorder le droit d\u2019opter pour l\u2019option d\u2019application de la RAS lib\u00e9ratoire de 20% au titre de l\u2019IR sur les salaires vers\u00e9s par les soci\u00e9t\u00e9s exportatrices ou encore r\u00e9viser le bar\u00e8me des tranches de l\u2019IR (augmentation du palier de la tranche d\u00e9fiscalis\u00e9e et baisse du taux de la tranche la plus \u00e9lev\u00e9e). Parmi les propositions \u00e9mises, on notera \u00e9galement celles sur l\u2019encouragement des hausses des exportations \u00e0 travers la r\u00e9duction de l\u2019imp\u00f4t de 10% de la valeur de la hausse des exportations, lorsque celles-ci int\u00e8grent 30% de la valeur ajout\u00e9e, et 15% lorsqu\u2019elles int\u00e8grent 50% de la valeur ajout\u00e9e.<\/p>\n<p class=\"p1\">D\u2019autres mesures sont propos\u00e9es \u00e9galement pour encourager la p\u00e9n\u00e9tration de nouveaux march\u00e9s \u00e0 l\u2019export comme\u00a0accorder un cr\u00e9dit d\u2019imp\u00f4t de 50% de la valeur des exportations vers les nouveaux march\u00e9s, \u00e0 imputer dans la limite de 70% sur l\u2019imp\u00f4t annuel et dont le reliquat serait reportable sur les p\u00e9riodes subs\u00e9quentes.<\/p>\n<\/div>\n<p>Auteur: Ouchagour Leila<br \/>\n<a href=\"http:\/\/aujourdhui.ma\/economie\/offre-a-lexport-un-comite-daction-mis-en-place-par-lasmex\">Cliquez ici pour lire l&rsquo;article depuis sa source.<\/a><\/p>\n","protected":false},"excerpt":{"rendered":"<p>L\u2019Asmex avait recens\u00e9 25 mesures pour am\u00e9liorer la comp\u00e9titivit\u00e9 de l\u2019offre exportable dans le cadre du Forum marocain du commerce et des Assises sur la fiscalit\u00e9 Un comit\u00e9 d\u2019action a \u00e9t\u00e9 cr\u00e9\u00e9 pour l\u2019export au service de la comp\u00e9titivit\u00e9 des entreprises exportatrices dans le cadre d\u2019un partenariat public-priv\u00e9. Telle est l\u2019annonce faite par le pr\u00e9sident [&hellip;]<\/p>\n","protected":false},"author":1759,"featured_media":0,"comment_status":"closed","ping_status":"closed","sticky":false,"template":"","format":"standard","meta":{"fifu_image_url":"","fifu_image_alt":"","footnotes":""},"categories":[73,54],"tags":[],"class_list":["post-67212","post","type-post","status-publish","format-standard","hentry","category-actualite","category-maroc"],"_links":{"self":[{"href":"https:\/\/linitiative.ca\/International\/wp-json\/wp\/v2\/posts\/67212","targetHints":{"allow":["GET"]}}],"collection":[{"href":"https:\/\/linitiative.ca\/International\/wp-json\/wp\/v2\/posts"}],"about":[{"href":"https:\/\/linitiative.ca\/International\/wp-json\/wp\/v2\/types\/post"}],"author":[{"embeddable":true,"href":"https:\/\/linitiative.ca\/International\/wp-json\/wp\/v2\/users\/1759"}],"replies":[{"embeddable":true,"href":"https:\/\/linitiative.ca\/International\/wp-json\/wp\/v2\/comments?post=67212"}],"version-history":[{"count":0,"href":"https:\/\/linitiative.ca\/International\/wp-json\/wp\/v2\/posts\/67212\/revisions"}],"wp:attachment":[{"href":"https:\/\/linitiative.ca\/International\/wp-json\/wp\/v2\/media?parent=67212"}],"wp:term":[{"taxonomy":"category","embeddable":true,"href":"https:\/\/linitiative.ca\/International\/wp-json\/wp\/v2\/categories?post=67212"},{"taxonomy":"post_tag","embeddable":true,"href":"https:\/\/linitiative.ca\/International\/wp-json\/wp\/v2\/tags?post=67212"}],"curies":[{"name":"wp","href":"https:\/\/api.w.org\/{rel}","templated":true}]}}