{"id":67216,"date":"2019-11-12T08:11:24","date_gmt":"2019-11-12T13:11:24","guid":{"rendered":"https:\/\/linitiative.ca\/International\/nexum-sinstalle-a-casablanca-des-la-fin-dannee\/"},"modified":"2019-11-12T08:11:24","modified_gmt":"2019-11-12T13:11:24","slug":"nexum-sinstalle-a-casablanca-des-la-fin-dannee","status":"publish","type":"post","link":"https:\/\/linitiative.ca\/International\/nexum-sinstalle-a-casablanca-des-la-fin-dannee\/","title":{"rendered":"Nexum s\u2019installe \u00e0 Casablanca d\u00e8s la fin d\u2019ann\u00e9e"},"content":{"rendered":"<p><img decoding=\"async\" class=\"post_layout_5_img\" src=\"http:\/\/aujourdhui.ma\/wp-content\/uploads\/2019\/11\/Luc-De-Jaeger-DG-de-Nexum.jpg?x29840\" alt=\"Nexum s\u2019installe \u00e0 Casablanca d\u00e8s la fin d\u2019ann\u00e9e\"\/><\/p>\n<p class=\"p1\"><span class=\"c4\"><strong><span class=\"s1\"><em>L\u2019expert assurera en d\u00e9cembre une formation en \u00abChange management\u00bb<\/em><\/span><\/strong><\/span><span id=\"more-323205\"\/><\/p>\n<div class=\"base-box mom_box_sc_custom mom_box_sc clear c5\" readability=\"9\">\n<p><span class=\"s1\"><strong>L\u2019int\u00e9r\u00eat pour le Maroc en tant que hub africain t\u00e9moigne de la r\u00e9ussite du pays \u00e0 s\u2019\u00eatre positionn\u00e9 en tant que passage oblig\u00e9 pour les op\u00e9rateurs internationaux d\u00e9sireux d\u2019acc\u00e9l\u00e9rer leur acc\u00e8s \u00e0 l\u2019Afrique.<\/strong><\/span><\/p>\n<\/div>\n<p class=\"p1\"><span class=\"s1\">L\u2019expert de la conduite du changement, Nexum, installera \u00e0 partir de cette fin d\u2019ann\u00e9e 2019, \u00e0 Casablanca, son hub Afrique. Un fait que l\u2019acteur op\u00e9rationnel du \u00abChange management\u00bb \u00e0 l\u2019\u00e9chelle internationale, qui compte \u00e0 son actif une exp\u00e9rience de plus de 18 ans, marque par le lancement de son troisi\u00e8me programme certifiant qui sera organis\u00e9 du 3 au 5 d\u00e9cembre. <em>\u00abCette nouvelle initiative est, \u00e0 la fois, une marque de confiance dans la dynamique entrepreneuriale nationale et l\u2019ouverture du Maroc sur l\u2019Afrique en tant que hub qualifiant pour l\u2019entreprise\u00bb<\/em>, indiquent les initiateurs.\u00a0<\/span><\/p>\n<p class=\"p1\"><span class=\"s1\">Cette installation intervient, selon les organisateurs, apr\u00e8s deux premiers essais positifs pendant lesquels la soci\u00e9t\u00e9 Nexum a not\u00e9 un accueil tr\u00e8s favorable de la part de grandes entreprises marocaines, notamment la RAM, le Cr\u00e9dit du Maroc, la Soci\u00e9t\u00e9 G\u00e9n\u00e9rale, le Groupe Sapress-Sochepress, etc. Cette installation se fait \u00e9galement <em>\u00abdans un monde en permanente \u00e9volution et qui vit r\u00e9guli\u00e8rement des ruptures de mod\u00e8les, les organisations sont n\u00e9cessairement appel\u00e9es \u00e0 conduire leurs changements \u00e0 tous les niveaux de prise de d\u00e9cision et d\u2019action\u00bb.<\/em><\/span><\/p>\n<p class=\"p1\"><span class=\"s1\">Outre l\u2019Afrique, Nexum, cr\u00e9\u00e9e en Belgique en 2001, est aujourd\u2019hui pr\u00e9sente en France, Suisse, Luxembourg ainsi que dans les pays scandinaves et compte dans son portefeuille de clients un important nombre d\u2019entreprises europ\u00e9ennes prestigieuses. <em>\u00abNexum est aussi le partenaire francophone exclusif, hors Canada, de Prosci\u00bb<\/em>, d\u00e9taille la m\u00eame source.<\/span><\/p>\n<p class=\"p1\"><span class=\"s1\">A propos du choix du Maroc, il n\u2019est pas, selon les initiateurs, fortuit. <em>\u00abEn lan\u00e7ant son activit\u00e9 dans le Royaume, la soci\u00e9t\u00e9 d\u2019origine belge Nexum est parfaitement consciente du potentiel de l\u2019environnement marocain et des entreprises marocaines, et de leur niveau de maturit\u00e9 pour passer aujourd\u2019hui \u00e0 une nouvelle phase de d\u00e9veloppement et de transformation, phase qui exige plus que jamais auparavant de s\u2019appuyer sur des m\u00e9thodologies et des r\u00e9f\u00e9rentiels \u00e9prouv\u00e9s de conduite du changement \u00e0 \u00e9chelle syst\u00e9mique, comme la m\u00e9thodologie Adkar port\u00e9e par la soci\u00e9t\u00e9 Nexum\u00bb,<\/em> exaltent les initiateurs.<\/span><\/p>\n<p class=\"p1\"><span class=\"s1\">L\u2019int\u00e9r\u00eat pour le Maroc en tant que hub africain t\u00e9moigne \u00e9galement de la r\u00e9ussite du pays \u00e0 s\u2019\u00eatre positionn\u00e9 en tant que passage oblig\u00e9 pour les op\u00e9rateurs internationaux d\u00e9sireux d\u2019acc\u00e9l\u00e9rer leur acc\u00e8s \u00e0 l\u2019Afrique. En effet, par son ouverture sur le monde de l\u2019investissement productif, la richesse et la diversit\u00e9 de ses projets ainsi que l\u2019\u00e9largissement de ses fronti\u00e8res commerciales dans le continent, le Maroc est, selon la m\u00eame source, consid\u00e9r\u00e9 par l\u2019entreprise de conseil et de formation comme un tremplin qui s\u00e9curise son projet de d\u00e9veloppement vers le Sud. Quant au programme certifiant propos\u00e9 par Nexum, il est bas\u00e9 sur le r\u00e9f\u00e9rentiel mondial Adkar, \u00e9dit\u00e9 par l\u2019entreprise am\u00e9ricaine Prosci, l\u2019un des outils les plus performants en mati\u00e8re de conduite du changement au sein de l\u2019entreprise. Partenaire exclusif de cet outil en Europe, il vise, en perspective, \u00e0 s\u2019installer et \u00e0 se d\u00e9velopper en Afrique, \u00e0 travers le<span class=\"Apple-converted-space\">\u00a0<\/span> hub casablancais.<\/span><\/p>\n<p class=\"p1\"><span class=\"s1\">Pour rappel, l\u2019approche Nexum est bas\u00e9e sur six piliers ind\u00e9passables qui en assurent l\u2019efficience. Il s\u2019agit de la confiance dans le projet de changement escompt\u00e9, la participation volontariste des acteurs cibles qui s\u2019en trouvent grandis et autonomes, la mise \u00e0 profit des \u00e9motions d\u2019accueil du projet de changement, l\u2019adh\u00e9sion bienveillante plut\u00f4t que la r\u00e9sistance, la flexibilit\u00e9 des outils de r\u00e9ception et la visibilit\u00e9 des r\u00e9sultats et leur qualit\u00e9.<\/span><\/p>\n<p class=\"p1\"><span class=\"s1\">De par sa taille et son expertise internationale, Nexum assure cet accompagnement dans la dur\u00e9e, en agissant non seulement en tant que consultant expert, mais \u00e9galement et surtout en partenaire flexible et \u00e0 l\u2019\u00e9coute de l\u2019entreprise b\u00e9n\u00e9ficiaire. Il intervient en tant que coach et facilitateur \u00e0 la fois. Une r\u00e8gle d\u2019or anime les experts de l\u2019entreprise formatrice, \u00e0 savoir faire accepter le projet de changement via une pr\u00e9paration impactant la prise en charge volontaire et interactive de celui-ci par les diff\u00e9rentes cat\u00e9gories de personnels de l\u2019entreprise.<\/span><\/p>\n<p class=\"p1\"><span class=\"s1\"><em>\u00abLa formation assur\u00e9e par Nexum est donc globale\u00bb,<\/em> explicite la m\u00eame source. Elle pr\u00e9pare l\u2019entreprise, en phase de changement, \u00e0 celui-ci dans les meilleures conditions, le conduit de mani\u00e8re optimale et, en fin de processus, veille \u00e0 en assurer son renforcement par l\u2019\u00e9coute, le retour d\u2019exp\u00e9riences et la conformit\u00e9 des r\u00e9sultats aux attentes initiatiques du projet de changement dans son ensemble.<\/span><\/p>\n<p>Auteur: ALM<br \/>\n<a href=\"http:\/\/aujourdhui.ma\/emploi\/formation\/nexum-sinstalle-a-casablanca-des-la-fin-dannee\">Cliquez ici pour lire l&rsquo;article depuis sa source.<\/a><\/p>\n","protected":false},"excerpt":{"rendered":"<p>L\u2019expert assurera en d\u00e9cembre une formation en \u00abChange management\u00bb L\u2019int\u00e9r\u00eat pour le Maroc en tant que hub africain t\u00e9moigne de la r\u00e9ussite du pays \u00e0 s\u2019\u00eatre positionn\u00e9 en tant que passage oblig\u00e9 pour les op\u00e9rateurs internationaux d\u00e9sireux d\u2019acc\u00e9l\u00e9rer leur acc\u00e8s \u00e0 l\u2019Afrique. L\u2019expert de la conduite du changement, Nexum, installera \u00e0 partir de cette fin [&hellip;]<\/p>\n","protected":false},"author":1759,"featured_media":0,"comment_status":"closed","ping_status":"closed","sticky":false,"template":"","format":"standard","meta":{"fifu_image_url":"","fifu_image_alt":"","footnotes":""},"categories":[73,54],"tags":[],"class_list":["post-67216","post","type-post","status-publish","format-standard","hentry","category-actualite","category-maroc"],"_links":{"self":[{"href":"https:\/\/linitiative.ca\/International\/wp-json\/wp\/v2\/posts\/67216","targetHints":{"allow":["GET"]}}],"collection":[{"href":"https:\/\/linitiative.ca\/International\/wp-json\/wp\/v2\/posts"}],"about":[{"href":"https:\/\/linitiative.ca\/International\/wp-json\/wp\/v2\/types\/post"}],"author":[{"embeddable":true,"href":"https:\/\/linitiative.ca\/International\/wp-json\/wp\/v2\/users\/1759"}],"replies":[{"embeddable":true,"href":"https:\/\/linitiative.ca\/International\/wp-json\/wp\/v2\/comments?post=67216"}],"version-history":[{"count":0,"href":"https:\/\/linitiative.ca\/International\/wp-json\/wp\/v2\/posts\/67216\/revisions"}],"wp:attachment":[{"href":"https:\/\/linitiative.ca\/International\/wp-json\/wp\/v2\/media?parent=67216"}],"wp:term":[{"taxonomy":"category","embeddable":true,"href":"https:\/\/linitiative.ca\/International\/wp-json\/wp\/v2\/categories?post=67216"},{"taxonomy":"post_tag","embeddable":true,"href":"https:\/\/linitiative.ca\/International\/wp-json\/wp\/v2\/tags?post=67216"}],"curies":[{"name":"wp","href":"https:\/\/api.w.org\/{rel}","templated":true}]}}