{"id":67218,"date":"2019-11-12T05:25:10","date_gmt":"2019-11-12T10:25:10","guid":{"rendered":"https:\/\/linitiative.ca\/International\/il-y-a-30-ans-aujourdhui-que-le-mur-de-berlin-est-tombe\/"},"modified":"2019-11-12T05:25:10","modified_gmt":"2019-11-12T10:25:10","slug":"il-y-a-30-ans-aujourdhui-que-le-mur-de-berlin-est-tombe","status":"publish","type":"post","link":"https:\/\/linitiative.ca\/International\/il-y-a-30-ans-aujourdhui-que-le-mur-de-berlin-est-tombe\/","title":{"rendered":"Il y a 30 ans aujourd\u2019hui que le \u00abMur de Berlin\u00bb est tomb\u00e9\u2026"},"content":{"rendered":"<p class=\"has-text-color has-vivid-cyan-blue-color\"><strong>Aujourd\u2019hui, 9 novembre 2019, la communaut\u00e9 internationale comm\u00e9more le 30\u00e8me anniversaire de l\u2019effondrement du \u00abMur de Berlin\u00bb, ce fameux ouvrage en b\u00e9ton d\u2019une hauteur de 3,60 m et ponctu\u00e9 de nombreux miradors qui, en s\u2019\u00e9tendant sur 155 kilom\u00e8tres, avait divis\u00e9 en deux, pendant 28 ann\u00e9es, non seulement la ville de Berlin ou encore le continent europ\u00e9en mais le monde tout entier.<\/strong><\/p>\n<p>Apr\u00e8s s\u2019\u00eatre alli\u00e9s pour d\u00e9faire le r\u00e9gime nazi qui s\u2019appr\u00eatait \u00e0 dominer toute l\u2019Europe, l\u2019Union Sovi\u00e9tique d\u2019alors et les Etats-Unis d\u2019Am\u00e9rique s\u2019\u00e9taient livr\u00e9s, en 1945, \u00e0 une course effr\u00e9n\u00e9e pour savoir qui sera le premier \u00e0 lib\u00e9rer la capitale allemande \u00e0 telle enseigne que Berlin n\u2019avait aucun autre choix que celui de troquer son statut de capitale contre celui de zone d\u2019occupation quadripartite avec, d\u2019un c\u00f4t\u00e9, les sovi\u00e9tiques qui finirent par s\u2019emparer de plus de la moiti\u00e9 de la ville et de l\u2019autre, la zone ouest elle-m\u00eame divis\u00e9e en trois parties avec l\u2019am\u00e9ricaine au sud-ouest, l\u2019anglaise \u00e0 l\u2019ouest et la fran\u00e7aise au nord-ouest.<\/p>\n<p>Ainsi, avant m\u00eame la construction du fameux mur, qui n\u2019interviendra qu\u2019en Ao\u00fbt 1961, la ville \u00e9tait d\u00e9j\u00e0 scind\u00e9e en deux et la zone ouest, d\u2019\u00e0 peine quelques kilom\u00e8tres carr\u00e9s, va tr\u00e8s vite se transformer en une enclave occidentale en territoire communiste.<\/p>\n<p>Berlin se trouvant, en effet, \u00e0 l\u2019est du \u00abrideau de fer\u00bb qui s\u00e9pare l\u2019Europe en deux du nord de la Finlande au sud de la Bulgarie, Staline avait essay\u00e9, une premi\u00e8re fois de bloquer les acc\u00e8s \u00e0 Berlin-ouest et d\u2019obliger les occidentaux \u00e0 mettre en place un pont a\u00e9rien qui durera 11 mois pour ravitailler leurs troupes et les civils habitant la\u00a0 zone. D\u2019ailleurs, la lev\u00e9e de ce blocus le 12 mai 1949 constituera la premi\u00e8re victoire du monde occidental.\u00a0\u00a0<\/p>\n<p>Mais, en 1958 et au plus fort de la \u00abguerre froide\u00bb, Nikita Khroutchev qui fut premier secr\u00e9taire du Parti Communiste de l\u2019Union Sovi\u00e9tique (PCUS) de 1953 \u00e0 1964 et pr\u00e9sident du Conseil des ministres de 1958 \u00e0 1964\u00a0 avait, \u00e0 nouveau, tent\u00e9 de \u00ab se d\u00e9barrasser de la pr\u00e9sence \u2018imp\u00e9rialiste\u2019 en sugg\u00e9rant de faire de Berlin-Ouest une zone neutre et libre \u00bb. Mal lui en prit car il fut vite confront\u00e9 au probl\u00e8me de la fuite vers l\u2019Allemagne de l\u2019Ouest (RFA) via Berlin-Ouest des\u00a0 habitants de l\u2019Allemagne de l\u2019Est (RDA) dont le r\u00e9gime avait \u00e9t\u00e9 min\u00e9 par l\u2019\u00e9chec de la politique de planification. Trois millions d\u2019est-allemands ayant pris le chemin de l\u2019exil vers l\u2019ouest et une premi\u00e8re rencontre en mai 1961 entre le dirigeant sovi\u00e9tique et son homologue am\u00e9ricain John F. Kennedy s\u2019\u00e9tant r\u00e9v\u00e9l\u00e9e infructueuse, Khroutchev prit alors la d\u00e9cision de faire \u00e9riger un mur pour s\u00e9parer la zone sovi\u00e9tique des zones occidentales esp\u00e9rant parvenir, ainsi, \u00e0 asphyxier \u00e9conomiquement Berlin-ouest.<\/p>\n<p>Ainsi, dans la nuit du 12 au 13 Ao\u00fbt 1961, les autorit\u00e9s de la RDA commenc\u00e8rent \u00e0 couler du b\u00e9ton et \u00e0 tendre du fil barbel\u00e9 le long de la ligne de d\u00e9marcation s\u00e9parant la zone sous le contr\u00f4le de l\u2019arm\u00e9e sovi\u00e9tique des zones occup\u00e9es par les soldats am\u00e9ricains, anglais et fran\u00e7ais et, un mois apr\u00e8s, la fronti\u00e8re coupant Berlin en deux devint quasiment infranchissable.<\/p>\n<p>Pour marquer sa profonde d\u00e9sapprobation, le pr\u00e9sident Kennedy enverra alors 1.500 militaires am\u00e9ricains en renfort \u00e0 Berlin-Ouest si bien que le 27 Octobre 1961 et \u00e0 la suite d\u2019un contr\u00f4le \u00e0 Checkpoint Charlie \u2013 l\u2019un des derniers points de passage entre les deux c\u00f4t\u00e9s du Mur \u2013 des dizaines de chars am\u00e9ricains et sovi\u00e9tiques s\u2019\u00e9taient post\u00e9s de part et d\u2019autre de la fronti\u00e8re et que le pire fut \u00e9vit\u00e9 de justesse.<\/p>\n<p>Le 26 Juin 1963, le pr\u00e9sident am\u00e9ricain fera m\u00eame le d\u00e9placement jusqu\u2019\u00e0 Berlin-ouest \u00e0 l\u2019invitation de Willy Brandt, alors maire de la ville, et prononcera, sur le parvis de l\u2019H\u00f4tel de ville, le c\u00e9l\u00e8bre discours durant lequel il avait r\u00e9p\u00e9t\u00e9, \u00e0 plusieurs reprises, \u00abIch bin ein Berliner\u00bb (Je suis un Berlinois).<\/p>\n<p>Mais le mur s\u00e9parant l\u2019est et l\u2019ouest \u00e9tait bien l\u00e0 et la guerre froide entre les deux mondes continuaient de plus belle avec son lot de morts de part et d\u2019autre sous la houlette de toutes sortes d\u2019agents secrets, d\u2019agents-doubles et de mercenaires \u00ab tous azimuts \u00bb. Ce n\u2019est qu\u2019\u00e0 partir des ann\u00e9es 1980 que des mouvements de contestations commenc\u00e8rent \u00e0 voir le jour dans diff\u00e9rents pays du bloc de l\u2019Est. Ainsi, en RDA, la population avait m\u00eame commenc\u00e9 \u00e0 manifester contre le Parti Socialiste Unifi\u00e9 (SED) au pouvoir avec le soutien de Moscou.<\/p>\n<p>Voulant profiter de cette situation in\u00e9dite, le pr\u00e9sident am\u00e9ricain Ronald Reagan, fit une visite \u00e0 Berlin-Ouest en 1987 au cours de laquelle il interpela son homologue russe Mikha\u00efl Gorbatchev depuis la porte de Brandebourg en ces termes : \u00abMonsieur le Secr\u00e9taire G\u00e9n\u00e9ral Gorbatchev, si vous voulez la paix, si vous cherchez la prosp\u00e9rit\u00e9 pour l\u2019Union Sovi\u00e9tique et l\u2019Europe de l\u2019Est, si vous voulez la lib\u00e9ralisation : venez ici, \u00e0 cette porte ! M. Gorbatchev, ouvrez cette grille ! M. Gorbatchev, d\u00e9molissez ce mur !\u00bb.<\/p>\n<p>Le 7 Octobre 1989, ce fut au tour de Mikha\u00efl Gorbatchev, lui-m\u00eame, d\u00e9j\u00e0 favorable \u00e0 une ouverture avec l\u2019ouest, d\u2019\u00eatre accueilli \u00e0 l\u2019a\u00e9roport de Berlin, par le pr\u00e9sident est-allemand Erich Honecker au titre des c\u00e9l\u00e9brations du 40\u00e8me anniversaire de la RDA. Profitant de la visite du dirigeant sovi\u00e9tique, les allemands de l\u2019Est r\u00e9clam\u00e8rent \u00e0 Moscou davantage de libert\u00e9s et la ville de Leipzig fut m\u00eame le th\u00e9\u00e2tre de grandes manifestations allant dans ce sens.<\/p>\n<p>Le 16 octobre 1989, le mouvement de contestation qui avait vu le jour \u00e0 Leipzig fut m\u00eame annonc\u00e9, pour la premi\u00e8re fois, sur les ondes de la t\u00e9l\u00e9vision nationale est-allemande si bien que le monde entier avait compris, \u00e0 ce moment-l\u00e0, que le \u00abMur de Berlin\u00bb commen\u00e7ait \u00e0 se fissurer dangereusement.<\/p>\n<p>Le surlendemain, 18 Octobre 1989, le vieux pr\u00e9sident est-allemand, Erich Honecker, d\u00e9missionne \u00abpour raisons de sant\u00e9\u00bb et laisse sa place \u00e0 Egon Krenz alors que 50.000 allemands de l\u2019est avaient d\u00e9j\u00e0 r\u00e9ussi \u00e0 rejoindre l\u2019Ouest via la Hongrie qui avait ouvert ses fronti\u00e8res \u00e0 partir du mois de Mai.<\/p>\n<p>Le 4 Novembre 1989, un million de personnes se rassembl\u00e8rent \u00e0 Berlin sur Alexanderplatz et, le 7, le gouvernement est-allemand, conduit par Willy Stoph depuis 1976, d\u00e9missionne \u00e0 son tour.<\/p>\n<p>Deux jours apr\u00e8s, c\u2019est au tour du \u00abMur de Berlin\u00bb de tomber v\u00e9ritablement sous les coups de boutoirs d\u2019allemands des deux bords d\u00e9chain\u00e9s et d\u2019entra\u00eener, dans sa chute, tous les r\u00e9gimes communistes de l\u2019Europe de l\u2019Est.<\/p>\n<p>L\u2019effondrement de cet ouvrage e\u00fbt des cons\u00e9quences imm\u00e9diates en Bulgarie et en Roumanie et un peu plus tardives en Albanie. En Yougoslavie, o\u00f9 s\u2019\u00e9tait exerc\u00e9 un socialisme \u00e0 visage diff\u00e9rent, la chute du \u00ab Mur de Berlin \u00bb avait \u00e9t\u00e9 marqu\u00e9e principalement par un r\u00e9veil des nationalismes et par leur \u00ab r\u00e9cup\u00e9ration \u00bb par les bureaucraties communistes des diff\u00e9rentes r\u00e9publiques f\u00e9d\u00e9r\u00e9es.<\/p>\n<p>S\u2019il y a donc 30 ans aujourd\u2019hui que le \u00abMur de Berlin\u00bb est tomb\u00e9 et que la fin de la \u00abguerre froide\u00bb \u00e9tait tellement improbable qu\u2019elle avait suscit\u00e9 de tr\u00e8s grands espoirs, qu\u2019est-ce que cet effondrement a rapport\u00e9 \u00e0 l\u2019ancienne R\u00e9publique D\u00e9mocratique allemande dont la population attendait une rapide am\u00e9lioration de ses conditions de vie, un changement radical du processus politique et, bien s\u00fbr, une lib\u00e9ration?<\/p>\n<p>Il est vrai aujourd\u2019hui qu\u2019une grande partie de ce \u00abr\u00eave\u00bb a \u00e9t\u00e9 concr\u00e9tis\u00e9e mais il n\u2019en demeure pas moins vrai qu\u2019\u00e9tant donn\u00e9 qu\u2019il est plus facile de prendre une d\u00e9cision politique que d\u2019en ma\u00eetriser la r\u00e9alisation,\u00a0 l\u2019ancienne Allemagne de l\u2019Est avait d\u00fb faire face \u00e0 deux chocs en m\u00eame temps; \u00e0 savoir le changement structurel qui avait touch\u00e9 le monde entier avec l\u2019av\u00e8nement des nouvelles technologies dans les ann\u00e9es 1990 mais aussi la transformation brutale de son mod\u00e8le \u00e9conomique lequel r\u00e9pondait aux pr\u00e9ceptes d\u2019une \u00e9conomie planifi\u00e9e \u00e0 100% et ax\u00e9e principalement sur la coop\u00e9ration avec Moscou.<\/p>\n<p>Ainsi, avec la chute du Mur de Berlin, c\u2019est un ordre mondial h\u00e9rit\u00e9 de la seconde guerre mondiale qui s\u2019\u00e9croule, c\u2019est la fin d\u2019une Europe et d\u2019un pays coup\u00e9 en deux mais c\u2019est aussi tout un syst\u00e8me qui explose et une transition d\u00e9mocratique qui s\u2019amorce de mani\u00e8re pacifique en Tch\u00e9coslovaquie, tr\u00e8s violente en Roumanie et quelque peu incompl\u00e8te en Russie.<\/p>\n<p>Enfin, avec l\u2019effondrement du \u00abMur de Berlin\u00bb, il n\u2019y a plus qu\u2019une seule Allemagne qui est, avant tout, une puissance europ\u00e9enne et mondiale dont la voix est \u00e9cout\u00e9e avec une grande attention dans toutes les rencontres internationales et \u00e7\u00e0 c\u2019est aussi tr\u00e8s important. Pour le reste, attendons pour voir\u2026<\/p>\n<p class=\"c2\"><strong>Nabil El Bousaadi<\/strong><\/p>\n<p>Auteur: M&rsquo;hammed rahal<br \/>\n<a href=\"http:\/\/albayane.press.ma\/il-y-a-30-ans-aujourdhui-que-le-mur-de-berlin-est-tombe.html\">Cliquez ici pour lire l&rsquo;article depuis sa source.<\/a><\/p>\n","protected":false},"excerpt":{"rendered":"<p>Aujourd\u2019hui, 9 novembre 2019, la communaut\u00e9 internationale comm\u00e9more le 30\u00e8me anniversaire de l\u2019effondrement du \u00abMur de Berlin\u00bb, ce fameux ouvrage en b\u00e9ton d\u2019une hauteur de 3,60 m et ponctu\u00e9 de nombreux miradors qui, en s\u2019\u00e9tendant sur 155 kilom\u00e8tres, avait divis\u00e9 en deux, pendant 28 ann\u00e9es, non seulement la ville de Berlin ou encore le continent [&hellip;]<\/p>\n","protected":false},"author":1760,"featured_media":0,"comment_status":"closed","ping_status":"closed","sticky":false,"template":"","format":"standard","meta":{"fifu_image_url":"","fifu_image_alt":"","footnotes":""},"categories":[73,54],"tags":[],"class_list":["post-67218","post","type-post","status-publish","format-standard","hentry","category-actualite","category-maroc"],"_links":{"self":[{"href":"https:\/\/linitiative.ca\/International\/wp-json\/wp\/v2\/posts\/67218","targetHints":{"allow":["GET"]}}],"collection":[{"href":"https:\/\/linitiative.ca\/International\/wp-json\/wp\/v2\/posts"}],"about":[{"href":"https:\/\/linitiative.ca\/International\/wp-json\/wp\/v2\/types\/post"}],"author":[{"embeddable":true,"href":"https:\/\/linitiative.ca\/International\/wp-json\/wp\/v2\/users\/1760"}],"replies":[{"embeddable":true,"href":"https:\/\/linitiative.ca\/International\/wp-json\/wp\/v2\/comments?post=67218"}],"version-history":[{"count":0,"href":"https:\/\/linitiative.ca\/International\/wp-json\/wp\/v2\/posts\/67218\/revisions"}],"wp:attachment":[{"href":"https:\/\/linitiative.ca\/International\/wp-json\/wp\/v2\/media?parent=67218"}],"wp:term":[{"taxonomy":"category","embeddable":true,"href":"https:\/\/linitiative.ca\/International\/wp-json\/wp\/v2\/categories?post=67218"},{"taxonomy":"post_tag","embeddable":true,"href":"https:\/\/linitiative.ca\/International\/wp-json\/wp\/v2\/tags?post=67218"}],"curies":[{"name":"wp","href":"https:\/\/api.w.org\/{rel}","templated":true}]}}