{"id":67219,"date":"2019-11-12T05:30:07","date_gmt":"2019-11-12T10:30:07","guid":{"rendered":"https:\/\/linitiative.ca\/International\/le-discours-de-la-verite\/"},"modified":"2019-11-12T05:30:07","modified_gmt":"2019-11-12T10:30:07","slug":"le-discours-de-la-verite","status":"publish","type":"post","link":"https:\/\/linitiative.ca\/International\/le-discours-de-la-verite\/","title":{"rendered":"Le discours de la v\u00e9rit\u00e9!"},"content":{"rendered":"<p class=\"has-text-color has-vivid-cyan-blue-color\"><strong>Tout en valorisant, \u00e0 juste titre, les acquis consentis durant le parcours des r\u00e9formes que notre pays ne cesse de cumuler, on ne peut non plus occulter les d\u00e9ficits et les grabuges qui persistent encore aussi bien au sein de la haute sph\u00e8re que la soci\u00e9t\u00e9.<\/strong><\/p>\n<p>Chez nous, c\u2019est plut\u00f4t la lutte contre la d\u00e9pravation multiforme, l\u2019\u00e9conomie de rente, l\u2019accaparement illicite, le monopole vorace\u2026 dont il est question. Sans nul conteste, on aspire \u00e0 une vie meilleure. L\u2019emploi et la dignit\u00e9, entre autres, sont insistants. La chert\u00e9 des denr\u00e9es de consommation et la hausse des produits rudimentaires accablent les petites bourses. Les disparit\u00e9s sociales et spatiales, la privation, l\u2019exclusion et la pr\u00e9carit\u00e9 exasp\u00e8rent le petit peuple.<\/p>\n<p>Mais \u00e9galement, l\u2019indignation devant les d\u00e9passements, les atteintes \u00e0 la libert\u00e9 et aux droits divers, les fraudes et les mafias de tous bords. Ils ne disent rien de mal, les manifestants qui rousp\u00e8tent par-ci et par-l\u00e0, sauf que certains opportunistes extr\u00e9mistes, de droite et de gauche, ont\u00a0 la malveillance de s\u2019approprier les sursauts de masses, inspir\u00e9s des vagues de protestation qui s\u2019op\u00e8rent autour d\u2019eux.<\/p>\n<p>Ces groupuscules, sortis de leurs tani\u00e8res et tournant perp\u00e9tuellement le dos au processus de long terme dont la Nation s\u2019identifie \u00e0 plein r\u00e9gime, ont toujours tent\u00e9 de se faufiler dans les rangs des victimes en col\u00e8re et cru bon de semer l\u2019amalgame dans des rassemblements de civilit\u00e9.<\/p>\n<p>M\u00eame les jeunes, indign\u00e9s par les soubassements perfides, fustigent les horreurs de la spoliation. Eux qui arborent leurs slogans revendicatifs et r\u00eavent de lendemains roses, \u00e9pris de stabilit\u00e9 et de\u00a0 concorde.<\/p>\n<p>On ne saurait alors envenimer les desseins communs et hypoth\u00e9quer les d\u00e9livrances embaum\u00e9es par les entrains de la r\u00e9volte pacifique. Il va sans dire que le panache des jeunes, virevoltants de nature, est avide d\u2019interlocuteurs adultes, pr\u00e9dispos\u00e9s \u00e0 l\u2019\u00e9coute, au respect et \u00e0 l\u2019estime. On n\u2019a pas le droit de laisser germer le spectre du nihilisme et du d\u00e9sespoir au sein des jeunes, fragilis\u00e9s par les affres de la vie.<\/p>\n<p>Quoique mitig\u00e9e par les g\u00e9n\u00e9rations de nuisances, la sc\u00e8ne politique nationale, r\u00e9gion par r\u00e9gion, localit\u00e9 par localit\u00e9, devra se ressaisir en direction de cette jeunesse flamboyante par les beaux id\u00e9aux, mais terrass\u00e9s par les souillures de la m\u00e9disance. Le paysage politique a besoin d\u2019\u00eatre meubl\u00e9 de propos de la raison, de la sagesse et de la citoyennet\u00e9.<\/p>\n<p>Ces discours, seules les forces de la d\u00e9mocratie, peuvent les tenir, loin de toute simulation malhonn\u00eate. Ces forces l\u00e9gitimes et responsables ont tout int\u00e9r\u00eat \u00e0 chantonner encore de plus belle, ces sonnets envers les jeunes, somme toute d\u00e9sempar\u00e9s par la frayeur de l\u2019extr\u00e9misme b\u00e9at. Plus que jamais, les jeunes cherchent les civets de la confiance et les duvets de la d\u00e9fiance.<\/p>\n<p>A l\u2019une des r\u00e9formes de haute facture qui \u00e9maillent actuellement notre pays, les jeunes sont en qu\u00eate de la main tendue. Celle qui ne les trahit pas. Celle de la confiance et de la v\u00e9rit\u00e9.<\/p>\n<p>Auteur: M&rsquo;hammed rahal<br \/>\n<a href=\"http:\/\/albayane.press.ma\/le-discours-de-la-verite.html\">Cliquez ici pour lire l&rsquo;article depuis sa source.<\/a><\/p>\n","protected":false},"excerpt":{"rendered":"<p>Tout en valorisant, \u00e0 juste titre, les acquis consentis durant le parcours des r\u00e9formes que notre pays ne cesse de cumuler, on ne peut non plus occulter les d\u00e9ficits et les grabuges qui persistent encore aussi bien au sein de la haute sph\u00e8re que la soci\u00e9t\u00e9. Chez nous, c\u2019est plut\u00f4t la lutte contre la d\u00e9pravation [&hellip;]<\/p>\n","protected":false},"author":1760,"featured_media":0,"comment_status":"closed","ping_status":"closed","sticky":false,"template":"","format":"standard","meta":{"fifu_image_url":"","fifu_image_alt":"","footnotes":""},"categories":[73,54],"tags":[],"class_list":["post-67219","post","type-post","status-publish","format-standard","hentry","category-actualite","category-maroc"],"_links":{"self":[{"href":"https:\/\/linitiative.ca\/International\/wp-json\/wp\/v2\/posts\/67219","targetHints":{"allow":["GET"]}}],"collection":[{"href":"https:\/\/linitiative.ca\/International\/wp-json\/wp\/v2\/posts"}],"about":[{"href":"https:\/\/linitiative.ca\/International\/wp-json\/wp\/v2\/types\/post"}],"author":[{"embeddable":true,"href":"https:\/\/linitiative.ca\/International\/wp-json\/wp\/v2\/users\/1760"}],"replies":[{"embeddable":true,"href":"https:\/\/linitiative.ca\/International\/wp-json\/wp\/v2\/comments?post=67219"}],"version-history":[{"count":0,"href":"https:\/\/linitiative.ca\/International\/wp-json\/wp\/v2\/posts\/67219\/revisions"}],"wp:attachment":[{"href":"https:\/\/linitiative.ca\/International\/wp-json\/wp\/v2\/media?parent=67219"}],"wp:term":[{"taxonomy":"category","embeddable":true,"href":"https:\/\/linitiative.ca\/International\/wp-json\/wp\/v2\/categories?post=67219"},{"taxonomy":"post_tag","embeddable":true,"href":"https:\/\/linitiative.ca\/International\/wp-json\/wp\/v2\/tags?post=67219"}],"curies":[{"name":"wp","href":"https:\/\/api.w.org\/{rel}","templated":true}]}}